{"id":10244,"date":"2022-10-14T14:29:43","date_gmt":"2022-10-14T14:29:43","guid":{"rendered":"https:\/\/congokin.blog\/?p=10244"},"modified":"2022-10-14T14:29:43","modified_gmt":"2022-10-14T14:29:43","slug":"rdc-sous-pression-du-gafi-kinshasa-en-operation-deminage","status":"publish","type":"post","link":"https:\/\/congokin.blog\/?p=10244","title":{"rendered":"RDC : sous pression du Gafi, Kinshasa en op\u00e9ration d\u00e9minage"},"content":{"rendered":"\n<p>POLITIQUE<\/p>\n\n\n\n<h1 class=\"wp-block-heading\">RDC : sous pression du Gafi, Kinshasa en op\u00e9ration d\u00e9minage<\/h1>\n\n\n\n<h2 class=\"wp-block-heading\">Le Groupe d\u2019action financi\u00e8re (Gafi), charg\u00e9 de lutter contre le blanchiment de capitaux et le financement du terrorisme, menace de placer la RDC sur sa \u00ab liste noire&nbsp;\u00bb. L\u2019administration de F\u00e9lix&nbsp;Tshisekedi se d\u00e9m\u00e8ne pour \u00e9viter ce revers. Coulisses.<\/h2>\n\n\n\n<p>R\u00e9serv\u00e9 aux abonn\u00e9s<\/p>\n\n\n\n<p>12 octobre 2022 \u00e0 18:01<\/p>\n\n\n\n<p>Par&nbsp;<em>Jeune Afrique<\/em><\/p>\n\n\n\n<p>Mis \u00e0 jour le 12 octobre 2022 \u00e0 18:12<\/p>\n\n\n\n<figure class=\"wp-block-image\"><img decoding=\"async\" src=\"https:\/\/prod.cdn-medias.jeuneafrique.com\/cdn-cgi\/image\/q=80,f=auto,metadata=none,width=1256,height=628\/https:\/\/prod.cdn-medias.jeuneafrique.com\/medias\/2022\/10\/12\/jad20221012-conf-rdc-nicolaskazadi-1256x628-1665586086.jpg\" alt=\"\"\/><figcaption>Le ministre congolais des Finances, Nicolas Kazadi. \u00a9 Presse Presidentielle de RDC<\/figcaption><\/figure>\n\n\n\n<p>Alors que la pl\u00e9ni\u00e8re du Gafi doit se tenir \u00e0 Paris, o\u00f9 se situe son si\u00e8ge, du 18 au 21 octobre, la RDC se trouve dans une situation bien inconfortable. Apr\u00e8s de multiples mises en garde de l\u2019organisation intergouvernementale depuis deux ans et le placement \u00ab&nbsp;sous observation&nbsp;\u00bb de la RDC en juin dernier, en raison de ses maigres r\u00e9sultats en mati\u00e8re de lutte contre le blanchiment de capitaux, la menace d\u2019un placement du pays sur la liste des \u00c9tats \u00ab&nbsp;sous surveillance renforc\u00e9e&nbsp;\u00bb se pr\u00e9cise \u2013 une liste sur laquelle figurent, parmi les pays africains, le Burkina Faso, le Mali, le Maroc, le S\u00e9n\u00e9gal, le Soudan du Sud et l\u2019Ouganda.<\/p>\n\n\n\n<p>Le 30 septembre, le patron&nbsp;de&nbsp;la Cellule nationale des renseignements financiers (Cenaref),&nbsp;<strong>Kisula Betika Yeye Adler<\/strong>, qui se rendra \u00e0 Paris afin d\u2019assister \u00e0 la pl\u00e9ni\u00e8re du Gafi, a formellement alert\u00e9 le ministre des Finances&nbsp;<strong>Nicolas Kazadi<\/strong>&nbsp;dans une note technique. Le magistrat, par ailleurs premier avocat g\u00e9n\u00e9ral pr\u00e8s la Cour de cassation \u00e0 Kinshasa, y explique que la RDC, qui a adh\u00e9r\u00e9 au Groupe d\u2019action contre le blanchiment d\u2019argent en Afrique centrale (Gabac) en septembre 2017, fait l\u2019objet d\u2019une attention particuli\u00e8re du Gafi depuis plus de deux ans.<\/p>\n\n\n\n<h2 class=\"wp-block-heading\">Mesures \u00e0 prendre d\u2019ici \u00e0 2025<\/h2>\n\n\n\n<p>En octobre 2020, une \u00e9valuation du Gabac avait \u00e9tabli que les m\u00e9canismes existants de lutte contre le blanchiment de capitaux et le financement du terrorisme \u00e9taient \u00ab&nbsp;faibles&nbsp;\u00bb et \u00ab&nbsp;non conformes&nbsp;\u00bb aux standards du Gafi. Des recommandations avaient \u00e9t\u00e9 formul\u00e9es, mais leur mise en application semble pour le moment insuffisante, malgr\u00e9 la r\u00e9daction d\u2019un projet de loi anti-blanchiment, en cours d\u2019examen.<\/p>\n\n\n\n<p>En cons\u00e9quence, la pl\u00e9ni\u00e8re de Paris devrait consacrer l\u2019inscription de la RDC sur la liste des pays \u00ab&nbsp;sous surveillance renforc\u00e9e&nbsp;\u00bb, un statut qui, selon la note technique, \u00ab&nbsp;l\u2019engage \u00e0 rem\u00e9dier pleinement aux lacunes identifi\u00e9es&nbsp;\u00bb et \u00e0 mettre en \u0153uvre le plan d\u2019action transmis par le Gafi fin septembre, lequel pr\u00e9voit un certain nombre de mesures \u00e0 instaurer d\u2019ici \u00e0 2025.\u00c0 LIRE<a href=\"https:\/\/www.jeuneafrique.com\/1377043\/politique\/rdc-jules-alingete-et-sa-patrouille-imperturbables-face-a-la-fronde\/\">RDC : Jules Alingete et sa \u00ab&nbsp;patrouille&nbsp;\u00bb imperturbables face \u00e0 la fronde<\/a><\/p>\n\n\n\n<p>Ce statut, pr\u00e9cise Kisula Betika Yeye Adler dans sa lettre au ministre des Finances, ne \u00ab&nbsp;constitue pas une&nbsp;sanction&nbsp;mais une contrainte&nbsp;\u00bb. Plusieurs autres pays en font l\u2019objet. Il rapproche n\u00e9anmoins la RDC d\u2019un cran suppl\u00e9mentaire de la liste noire du Gafi, celle des \u00ab&nbsp;juridictions \u00e0 hauts risques&nbsp;\u00bb, sur laquelle ne figurent que l\u2019Iran et la Cor\u00e9e du Nord, respectivement inscrits depuis 2009 et 2011.<\/p>\n\n\n\n<h2 class=\"wp-block-heading\">\u00ab&nbsp;D\u00e9ficiences strat\u00e9giques&nbsp;\u00bb<\/h2>\n\n\n\n<p>Signe que le Gafi a l\u2019intention de maintenir la pression, son patron<strong>&nbsp;Raja Kumar&nbsp;<\/strong>a adress\u00e9 un courrier \u00e0 Nicolas Kazadi, le 5 octobre. Il y explique que \u00ab&nbsp;bien que la RDC ait fait des progr\u00e8s vers l\u2019am\u00e9lioration de son efficacit\u00e9 dans plusieurs domaines, il reste des d\u00e9ficiences strat\u00e9giques qui n\u00e9cessitent un suivi suppl\u00e9mentaire&nbsp;\u00bb. Le ministre a adress\u00e9 sa r\u00e9ponse d\u00e8s le lendemain, rappelant l\u2019engagement du gouvernement \u00e0 rem\u00e9dier aux d\u00e9faillances relev\u00e9es et \u00e0 mettre en \u0153uvre le plan d\u2019action du Gafi.\u00c0 LIRE<a href=\"https:\/\/www.jeuneafrique.com\/1312577\/economie\/recettes-fiscales-la-rdc-peut-faire-beaucoup-mieux\/\">Recettes fiscales : la RDC peut faire (beaucoup) mieux<\/a><\/p>\n\n\n\n<p>Consult\u00e9 par<em>&nbsp;Jeune Afrique,<\/em>&nbsp;ce dernier pr\u00e9voit toute une s\u00e9rie de mesures \u00e0 mettre en \u0153uvre entre les mois de mai 2023 et mai 2025. Il s\u2019agit par exemple de \u00ab&nbsp;doter les autorit\u00e9s de supervision des institutions financi\u00e8res des ressources financi\u00e8res et humaines ad\u00e9quates&nbsp;\u00bb ; d\u2019adopter, d\u2019ici janvier 2024 \u00ab&nbsp;une strat\u00e9gie nationale en mati\u00e8re de lutte contre le blanchiment de capitaux et de financement du terrorisme&nbsp;\u00bb ; de \u00ab&nbsp;mettre en place des formations pour les futurs enqu\u00eateurs&nbsp;\u00bb ; ou encore, de \u00ab&nbsp;d\u00e9montrer une mise en \u0153uvre efficace des sanctions financi\u00e8res cibl\u00e9es en mati\u00e8re de financement&nbsp;du&nbsp;terrorisme&nbsp;\u00bb.<\/p>\n<div style=\"text-align:center\" class=\"wps-pgfw-pdf-generate-icon__wrapper-frontend\">\n\t\t<a href=\"https:\/\/congokin.blog?action=genpdf&amp;id=10244\" class=\"pgfw-single-pdf-download-button\" ><img src=\"https:\/\/congokin.blog\/wp-content\/plugins\/pdf-generator-for-wp\/admin\/src\/images\/PDF_Tray.svg\" title=\"G\u00e9n\u00e9rer un PDF\" style=\"width:auto; height:45px;\"><\/a>\n\t\t<\/div>","protected":false},"excerpt":{"rendered":"<p>POLITIQUE RDC : sous pression du Gafi, Kinshasa en op\u00e9ration d\u00e9minage Le Groupe d\u2019action financi\u00e8re (Gafi), charg\u00e9 de lutter contre le blanchiment de capitaux et le financement du terrorisme, menace de placer la RDC sur sa \u00ab liste noire&nbsp;\u00bb. L\u2019administration de F\u00e9lix&nbsp;Tshisekedi se d\u00e9m\u00e8ne pour \u00e9viter ce revers. Coulisses. R\u00e9serv\u00e9 aux abonn\u00e9s 12 octobre 2022 [&hellip;]<\/p>\n","protected":false},"author":9,"featured_media":0,"comment_status":"open","ping_status":"closed","sticky":false,"template":"","format":"standard","meta":{"footnotes":""},"categories":[5,6],"tags":[],"class_list":["post-10244","post","type-post","status-publish","format-standard","hentry","category-economie","category-justice"],"_links":{"self":[{"href":"https:\/\/congokin.blog\/index.php?rest_route=\/wp\/v2\/posts\/10244","targetHints":{"allow":["GET"]}}],"collection":[{"href":"https:\/\/congokin.blog\/index.php?rest_route=\/wp\/v2\/posts"}],"about":[{"href":"https:\/\/congokin.blog\/index.php?rest_route=\/wp\/v2\/types\/post"}],"author":[{"embeddable":true,"href":"https:\/\/congokin.blog\/index.php?rest_route=\/wp\/v2\/users\/9"}],"replies":[{"embeddable":true,"href":"https:\/\/congokin.blog\/index.php?rest_route=%2Fwp%2Fv2%2Fcomments&post=10244"}],"version-history":[{"count":1,"href":"https:\/\/congokin.blog\/index.php?rest_route=\/wp\/v2\/posts\/10244\/revisions"}],"predecessor-version":[{"id":10245,"href":"https:\/\/congokin.blog\/index.php?rest_route=\/wp\/v2\/posts\/10244\/revisions\/10245"}],"wp:attachment":[{"href":"https:\/\/congokin.blog\/index.php?rest_route=%2Fwp%2Fv2%2Fmedia&parent=10244"}],"wp:term":[{"taxonomy":"category","embeddable":true,"href":"https:\/\/congokin.blog\/index.php?rest_route=%2Fwp%2Fv2%2Fcategories&post=10244"},{"taxonomy":"post_tag","embeddable":true,"href":"https:\/\/congokin.blog\/index.php?rest_route=%2Fwp%2Fv2%2Ftags&post=10244"}],"curies":[{"name":"wp","href":"https:\/\/api.w.org\/{rel}","templated":true}]}}