{"id":10847,"date":"2022-12-06T20:40:15","date_gmt":"2022-12-06T20:40:15","guid":{"rendered":"https:\/\/congokin.blog\/?p=10847"},"modified":"2022-12-06T20:40:15","modified_gmt":"2022-12-06T20:40:15","slug":"rdc-le-m23-envisage-t-il-un-retrait-de-ses-positions-dans-lest","status":"publish","type":"post","link":"https:\/\/congokin.blog\/?p=10847","title":{"rendered":"RDC: le M23 envisage-t-il  un retrait de ses positions dans l&rsquo;Est?"},"content":{"rendered":"\n<h1 class=\"wp-block-heading\">RDC: le M23 envisage un retrait de ses positions dans l&rsquo;Est<\/h1>\n\n\n\n<figure class=\"wp-block-image size-full\"><img loading=\"lazy\" decoding=\"async\" width=\"1024\" height=\"576\" src=\"https:\/\/congokin.blog\/wp-content\/uploads\/2022\/12\/image-3.png\" alt=\"\" class=\"wp-image-10849\" srcset=\"https:\/\/congokin.blog\/wp-content\/uploads\/2022\/12\/image-3.png 1024w, https:\/\/congokin.blog\/wp-content\/uploads\/2022\/12\/image-3-300x169.png 300w, https:\/\/congokin.blog\/wp-content\/uploads\/2022\/12\/image-3-768x432.png 768w\" sizes=\"auto, (max-width: 1024px) 100vw, 1024px\" \/><\/figure>\n\n\n\n<p><a rel=\"noreferrer noopener\" href=\"https:\/\/www.facebook.com\/dialog\/share?app_id=113191652055439&amp;href=https%3A%2F%2Frfi.my%2F8y2V.F&amp;redirect_uri=https%3A%2F%2Fwww.rfi.fr%2Ffr%2Fafrique%2F20221206-rdc-le-m23-envisage-un-retrait-de-ses-positions-dans-l-est&amp;locale=fr_FR\" target=\"_blank\"><\/a><a rel=\"noreferrer noopener\" href=\"https:\/\/twitter.com\/intent\/tweet?url=https%3A%2F%2Frfi.my%2F8y2V.T&amp;via=RFI&amp;related=rfi&amp;text=RDC%3A%20le%20M23%20envisage%20un%20retrait%20de%20ses%20positions%20dans%20l%27Est&amp;lang=fr\" target=\"_blank\"><\/a><a rel=\"noreferrer noopener\" href=\"https:\/\/web.whatsapp.com\/send?text=RDC%3A%20le%20M23%20envisage%20un%20retrait%20de%20ses%20positions%20dans%20l%27Est%20-%20https%3A%2F%2Frfi.my%2F8y2V.W\" target=\"_blank\"><\/a><\/p>\n\n\n\n<p>Publi\u00e9 le :&nbsp;06\/12\/2022 &#8211; 20:52<\/p>\n\n\n\n<figure class=\"wp-block-image size-full\"><img loading=\"lazy\" decoding=\"async\" width=\"1\" height=\"1\" src=\"https:\/\/congokin.blog\/wp-content\/uploads\/2022\/12\/image-3.gif\" alt=\"\" class=\"wp-image-10848\"\/><figcaption class=\"wp-element-caption\">Un groupe de demandeurs d&rsquo;asile de la R\u00e9publique d\u00e9mocratique du Congo (RDC) au poste fronti\u00e8re de Bunagana en Ouganda, le 10 novembre 2021 \u00e0 la suite d&rsquo;un combat meurtrier entre les rebelles du M23 et les troupes de la RDC. (Illustration)&nbsp;AFP &#8211; BADRU KATUMBA<\/figcaption><\/figure>\n\n\n\n<p>Texte par :<a href=\"https:\/\/www.rfi.fr\/fr\/auteur\/rfi\/\">RFI<\/a><a href=\"https:\/\/twitter.com\/intent\/follow?screen_name=rfi\" target=\"_blank\" rel=\"noreferrer noopener\">Suivre<\/a><\/p>\n\n\n\n<p>1 mn<\/p>\n\n\n\n<p>Les autorit\u00e9s de la RDC veulent que la CPI ouvre une enqu\u00eate sur ce qui&nbsp;s&rsquo;est pass\u00e9 \u00e0 Kishishe&nbsp;dans l&rsquo;est du pays,&nbsp;mardi 29 novembre. Lundi, le gouvernement a avanc\u00e9 un bilan tr\u00e8s lourd de&nbsp;272 morts. Les autorit\u00e9s accusent le M23 de s&rsquo;en \u00eatre pris aux habitants.&nbsp;C&rsquo;est dans ce contexte que le&nbsp;M23 \u00e9voque&nbsp;pour la premi\u00e8re fois la possibilit\u00e9 d&rsquo;un retrait de ses positions dans l&rsquo;est de la R\u00e9publique d\u00e9mocratique du Congo.&nbsp;<\/p>\n\n\n\n<p>Le M23 se dit \u00ab&nbsp;pr\u00eat&nbsp;\u00e0 amorcer un d\u00e9sengagement et \u00e0 se retirer&nbsp;\u00bb, m\u00eame s&rsquo;il n&rsquo;\u00e9tait pas repr\u00e9sent\u00e9 au mini-sommet de Luanda, il y a deux semaines.<\/p>\n\n\n\n<p>Le mouvement rebelle continue d&rsquo;affirmer qu&rsquo;il respecte le cessez-le-feu, m\u00eame si les combats n&rsquo;ont jamais vraiment cess\u00e9 dans l&rsquo;extr\u00eame ouest du territoire du Rutshuru.<\/p>\n\n\n\n<p>La r\u00e9bellion du M23&nbsp;r\u00e9it\u00e8re sa demande d&rsquo;un dialogue direct avec le gouvernement congolais, pour \u00ab&nbsp;<em>trouver une solution durable aux causes du conflit dans l&rsquo;est de la RDC<\/em>&nbsp;\u00bb et&nbsp;souhaite une r\u00e9union avec la force r\u00e9gionale d&rsquo;Afrique de l&rsquo;Est.<\/p>\n\n\n\n<p>Cette annonce intervient dans un contexte de forte pression, depuis quelques jours, autour de la tuerie de Kishishe, pour laquelle les autorit\u00e9s congolaises pointent du doigt le M23, qui rejette ces accusations.<\/p>\n\n\n\n<p>Elle intervient aussi apr\u00e8s la conversation t\u00e9l\u00e9phonique entre le secr\u00e9taire d&rsquo;\u00c9tat am\u00e9ricain Anthony Blinken et le pr\u00e9sident rwandais Paul Kagame.<\/p>\n\n\n\n<p>Pour rappel, lors du mini-sommet de Luanda,&nbsp;les participants demandaient un cessez-le-feu, puis un retrait progressif du M23 de ses positions.&nbsp;Le mouvement rebelle avait alors r\u00e9pondu ne pas \u00eatre concern\u00e9 par ce communiqu\u00e9<\/p>\n<div style=\"text-align:center\" class=\"wps-pgfw-pdf-generate-icon__wrapper-frontend\">\n\t\t<a href=\"https:\/\/congokin.blog?action=genpdf&amp;id=10847\" class=\"pgfw-single-pdf-download-button\" ><img src=\"https:\/\/congokin.blog\/wp-content\/plugins\/pdf-generator-for-wp\/admin\/src\/images\/PDF_Tray.svg\" title=\"G\u00e9n\u00e9rer un PDF\" style=\"width:auto; height:45px;\"><\/a>\n\t\t<\/div>","protected":false},"excerpt":{"rendered":"<p>RDC: le M23 envisage un retrait de ses positions dans l&rsquo;Est Publi\u00e9 le :&nbsp;06\/12\/2022 &#8211; 20:52 Texte par :RFISuivre 1 mn Les autorit\u00e9s de la RDC veulent que la CPI ouvre une enqu\u00eate sur ce qui&nbsp;s&rsquo;est pass\u00e9 \u00e0 Kishishe&nbsp;dans l&rsquo;est du pays,&nbsp;mardi 29 novembre. Lundi, le gouvernement a avanc\u00e9 un bilan tr\u00e8s lourd de&nbsp;272 morts. [&hellip;]<\/p>\n","protected":false},"author":9,"featured_media":0,"comment_status":"open","ping_status":"closed","sticky":false,"template":"","format":"standard","meta":{"footnotes":""},"categories":[7,8],"tags":[],"class_list":["post-10847","post","type-post","status-publish","format-standard","hentry","category-politique","category-societe"],"_links":{"self":[{"href":"https:\/\/congokin.blog\/index.php?rest_route=\/wp\/v2\/posts\/10847","targetHints":{"allow":["GET"]}}],"collection":[{"href":"https:\/\/congokin.blog\/index.php?rest_route=\/wp\/v2\/posts"}],"about":[{"href":"https:\/\/congokin.blog\/index.php?rest_route=\/wp\/v2\/types\/post"}],"author":[{"embeddable":true,"href":"https:\/\/congokin.blog\/index.php?rest_route=\/wp\/v2\/users\/9"}],"replies":[{"embeddable":true,"href":"https:\/\/congokin.blog\/index.php?rest_route=%2Fwp%2Fv2%2Fcomments&post=10847"}],"version-history":[{"count":1,"href":"https:\/\/congokin.blog\/index.php?rest_route=\/wp\/v2\/posts\/10847\/revisions"}],"predecessor-version":[{"id":10850,"href":"https:\/\/congokin.blog\/index.php?rest_route=\/wp\/v2\/posts\/10847\/revisions\/10850"}],"wp:attachment":[{"href":"https:\/\/congokin.blog\/index.php?rest_route=%2Fwp%2Fv2%2Fmedia&parent=10847"}],"wp:term":[{"taxonomy":"category","embeddable":true,"href":"https:\/\/congokin.blog\/index.php?rest_route=%2Fwp%2Fv2%2Fcategories&post=10847"},{"taxonomy":"post_tag","embeddable":true,"href":"https:\/\/congokin.blog\/index.php?rest_route=%2Fwp%2Fv2%2Ftags&post=10847"}],"curies":[{"name":"wp","href":"https:\/\/api.w.org\/{rel}","templated":true}]}}