{"id":10916,"date":"2022-12-08T15:17:07","date_gmt":"2022-12-08T15:17:07","guid":{"rendered":"https:\/\/congokin.blog\/?p=10916"},"modified":"2022-12-09T03:32:13","modified_gmt":"2022-12-09T03:32:13","slug":"10916","status":"publish","type":"post","link":"https:\/\/congokin.blog\/?p=10916","title":{"rendered":"Violences \u00e0 l\u2019Est du Congo: les choix incons\u00e9quents de la diplomatie europ\u00e9enne\ufffc"},"content":{"rendered":"\n<h1 class=\"wp-block-heading\"><\/h1>\n\n\n\n<h1 class=\"wp-block-heading\">Violences \u00e0 l\u2019Est du Congo: les choix incons\u00e9quents de la diplomatie europ\u00e9enne<\/h1>\n\n\n\n<p>Commettre des erreurs est intrins\u00e8que \u00e0 l\u2019\u0153uvre humaine. Mais ne pas en tirer des le\u00e7ons ne rel\u00e8ve point de l\u2019intelligence. Ainsi en est-il de la politique europ\u00e9enne en Afrique. Comment, avec autant d\u2019analystes et de strat\u00e8ges, ne pas se rendre compte et pr\u00e9venir quand l\u2019Europe fait fausse route&nbsp;?<\/p>\n\n\n\n<figure class=\"wp-block-image is-style-zoooom\"><img decoding=\"async\" src=\"https:\/\/www.lesoir.be\/sites\/default\/files\/dpistyles_v2\/ls_16_9_864w\/2022\/12\/08\/node_481848\/29689032\/public\/2022\/12\/08\/B9732890206Z.1_20221208111735_000+GTULQRU9A.1-0.jpg?itok=2bWuL2I01670494663\" alt=\"PHOTONEWS_10119040-013\"\/><figcaption class=\"wp-element-caption\">Photonews<\/figcaption><\/figure>\n\n\n\n<figure class=\"wp-block-image is-style-zoooom\"><img decoding=\"async\" src=\"https:\/\/www.lesoir.be\/sites\/all\/themes\/enacarbon_lesoir\/images\/s-lesoir.svg\" alt=\"Image auteur par d\u00e9faut\"\/><\/figure>\n\n\n\n<p><strong>Carte blanche<\/strong>&nbsp;-Par Dieudonn\u00e9 Wamu Oyatambwe, politologue et \u00e9crivainPubli\u00e9 le 8\/12\/2022 \u00e0 15:00&nbsp;Temps de lecture: 4 min<\/p>\n\n\n\n<p>Prenons deux exemples parmi les plus r\u00e9cents dans l\u2019histoire politique africaine. Alors m\u00eame que la France \u00e9tait bien au courant des vell\u00e9it\u00e9s g\u00e9nocidaires de certains tenants du r\u00e9gime Habyarimana au Rwanda, elle a continu\u00e9 \u00e0 soutenir ce r\u00e9gime et pire, \u00e0 prot\u00e9ger les g\u00e9nocidaires m\u00eame apr\u00e8s leur forfait&nbsp;! A jamais la France portera ainsi la responsabilit\u00e9 morale et historique du g\u00e9nocide rwandais de 1994. On en conna\u00eet la suite.<\/p>\n\n\n\n<p>En 2008, la France de Sarkozy s\u2019engage \u00e0 soutenir des \u00ab&nbsp;r\u00e9bellions&nbsp;\u00bb contre Mouammar Kadhafi en Libye. En fin de compte elle parvint m\u00eame \u00e0 arracher le soutien et l\u2019aval du Conseil de s\u00e9curit\u00e9 de l\u2019ONU et \u00e0 mobiliser l\u2019arsenal militaire de l\u2019Otan pour d\u00e9faire le r\u00e9gime Kadhafi, sans aucune mesure d\u2019accompagnement. La suite on la conna\u00eet&nbsp;: d\u00e9sagr\u00e9gation d\u2019un Etat et d\u2019un pays jadis prosp\u00e8re, prolif\u00e9ration des armes et des groupes djihadistes dans le Sahel avec comme cons\u00e9quences la d\u00e9stabilisation de nombreux pays de la r\u00e9gion, etc. Bien s\u00fbr que le r\u00e9gime de Fran\u00e7ois Hollande a essay\u00e9 de rectifier le tir et a adopt\u00e9 une posture plus pr\u00e9ventive avec les interventions au Mali et en Centrafrique, mais surtout en essayant d\u2019affirmer mieux les principes de droit ainsi que les pr\u00e9occupations s\u00e9curitaires et humanitaires. Mais rien n\u2019y fit, le mal \u00e9tait d\u00e9j\u00e0 fait, et tr\u00e8s profond.<\/p>\n\n\n\n<h2 class=\"wp-block-heading\">Une posture dangereuse<\/h2>\n\n\n\n<p>Mais voil\u00e0 que, loin de tirer les le\u00e7ons de ces douloureuses et scandaleuses exp\u00e9riences, la France \u2013 encore elle \u2013 semble s\u2019installer dans une posture tout aussi contradictoire et dangereuse, notamment en Afrique dite des Grands Lacs. En effet, faisant fi de tous les m\u00e9faits et des d\u00e9g\u00e2ts de la politique rwandaise \u00e0 l\u2019est du Congo, la France, surtout sous l\u2019\u00e8re Macron, a choisi de fermer les yeux sur tous les crimes perp\u00e9tr\u00e9s dans cette r\u00e9gion, et \u00e0 aller \u00e0 l\u2019encontre de ses principes philosophiques et moraux pour soutenir \u00e0 bras-le-corps le r\u00e9gime de Kigali. Et tout y passe d\u00e9sormais. La cession de la gouvernance de l\u2019organisation de la Francophonie \u00e0 un pays qui fait tout pour r\u00e9duire l\u2019influence de la France et l\u2019usage de la langue fran\u00e7aise&nbsp;; la n\u00e9gociation de nombreux contrats y compris sur des mati\u00e8res \u00e0 l\u2019origine criminelle av\u00e9r\u00e9e, le lobby pour obtenir des soutiens en faveur d\u2019une arm\u00e9e qui viole \u00e0 r\u00e9p\u00e9tition l\u2019int\u00e9grit\u00e9 et la souverainet\u00e9 d\u2019un Etat voisin, etc. D\u00e8s lors, avec la multiplication de telles postures contradictoires et de traitements \u00e0 g\u00e9om\u00e9trie variable, un certain sentiment anti-fran\u00e7ais a fini par gagner du terrain en Afrique, aussi bien \u00e0 Ouagadougou qu\u2019\u00e0 Bamako, \u00e0 Bangui et dans plusieurs autres pays.<\/p>\n\n\n\n<h2 class=\"wp-block-heading\">Tirer des le\u00e7ons<\/h2>\n\n\n\n<p>Ces exemples des errements diplomatiques de la France devraient servir \u00e0 revoir les postures de la diplomatie europ\u00e9enne en g\u00e9n\u00e9ral. Pourquoi ne pas tirer des le\u00e7ons de ces choix incons\u00e9quents et de leurs cons\u00e9quences par le pass\u00e9, pour privil\u00e9gier d\u2019autres approches privil\u00e9giant le droit, le bon sens et la coh\u00e9rence des politiques&nbsp;? La question m\u00e9rite d\u2019\u00eatre pos\u00e9e&nbsp;!<\/p>\n\n\n\n<p>Car la politique suivie par la majorit\u00e9 des pays europ\u00e9ens et m\u00eame par l\u2019Europe en g\u00e9n\u00e9ral sur le traitement des drames et des crimes de l\u2019Est du Congo n\u2019est pas de nature \u00e0 garantir durablement les int\u00e9r\u00eats europ\u00e9ens et ni \u00e0 assurer le bien-\u00eatre des populations locales sur le continent. Ainsi, en voulant s\u2019aligner sur les positions permissives des USA et surtout sur les attitudes complices de la Grande-Bretagne face \u00e0 la d\u00e9stabilisation de la r\u00e9gion des Grands Lacs d\u2019Afrique, les Europ\u00e9ens contreviennent \u00e0 leurs propres valeurs, et gaspillent cyniquement leurs ressources \u00e0 soutenir des r\u00e9gimes politiques qui menacent dangereusement la paix dans le monde. Pourtant, \u00e0 l\u2019heure o\u00f9 le conflit ukrainien montre \u00e0 quel point l\u2019\u00e9quilibre mondial peut \u00eatre perturb\u00e9 par des violations du droit international, il est plus ais\u00e9 de comprendre que tout soutien, m\u00eame tacite, \u00e0 la d\u00e9stabilisation et aux violences qui d\u00e9chirent l\u2019Est du Congo, constitue une coupable atteinte \u00e0 la s\u00e9curit\u00e9 mondiale et une vraie menace pour l\u2019humanit\u00e9 tout enti\u00e8re&nbsp;!<\/p>\n<div style=\"text-align:center\" class=\"wps-pgfw-pdf-generate-icon__wrapper-frontend\">\n\t\t<a href=\"https:\/\/congokin.blog?action=genpdf&amp;id=10916\" class=\"pgfw-single-pdf-download-button\" ><img src=\"https:\/\/congokin.blog\/wp-content\/plugins\/pdf-generator-for-wp\/admin\/src\/images\/PDF_Tray.svg\" title=\"G\u00e9n\u00e9rer un PDF\" style=\"width:auto; height:45px;\"><\/a>\n\t\t<\/div>","protected":false},"excerpt":{"rendered":"<p>Violences \u00e0 l\u2019Est du Congo: les choix incons\u00e9quents de la diplomatie europ\u00e9enne Commettre des erreurs est intrins\u00e8que \u00e0 l\u2019\u0153uvre humaine. Mais ne pas en tirer des le\u00e7ons ne rel\u00e8ve point de l\u2019intelligence. Ainsi en est-il de la politique europ\u00e9enne en Afrique. Comment, avec autant d\u2019analystes et de strat\u00e8ges, ne pas se rendre compte et pr\u00e9venir [&hellip;]<\/p>\n","protected":false},"author":8,"featured_media":0,"comment_status":"open","ping_status":"closed","sticky":false,"template":"","format":"standard","meta":{"footnotes":""},"categories":[1],"tags":[],"class_list":["post-10916","post","type-post","status-publish","format-standard","hentry","category-uncategorized"],"_links":{"self":[{"href":"https:\/\/congokin.blog\/index.php?rest_route=\/wp\/v2\/posts\/10916","targetHints":{"allow":["GET"]}}],"collection":[{"href":"https:\/\/congokin.blog\/index.php?rest_route=\/wp\/v2\/posts"}],"about":[{"href":"https:\/\/congokin.blog\/index.php?rest_route=\/wp\/v2\/types\/post"}],"author":[{"embeddable":true,"href":"https:\/\/congokin.blog\/index.php?rest_route=\/wp\/v2\/users\/8"}],"replies":[{"embeddable":true,"href":"https:\/\/congokin.blog\/index.php?rest_route=%2Fwp%2Fv2%2Fcomments&post=10916"}],"version-history":[{"count":2,"href":"https:\/\/congokin.blog\/index.php?rest_route=\/wp\/v2\/posts\/10916\/revisions"}],"predecessor-version":[{"id":10918,"href":"https:\/\/congokin.blog\/index.php?rest_route=\/wp\/v2\/posts\/10916\/revisions\/10918"}],"wp:attachment":[{"href":"https:\/\/congokin.blog\/index.php?rest_route=%2Fwp%2Fv2%2Fmedia&parent=10916"}],"wp:term":[{"taxonomy":"category","embeddable":true,"href":"https:\/\/congokin.blog\/index.php?rest_route=%2Fwp%2Fv2%2Fcategories&post=10916"},{"taxonomy":"post_tag","embeddable":true,"href":"https:\/\/congokin.blog\/index.php?rest_route=%2Fwp%2Fv2%2Ftags&post=10916"}],"curies":[{"name":"wp","href":"https:\/\/api.w.org\/{rel}","templated":true}]}}