{"id":10919,"date":"2022-12-09T16:31:11","date_gmt":"2022-12-09T16:31:11","guid":{"rendered":"https:\/\/congokin.blog\/?p=10919"},"modified":"2022-12-09T16:51:10","modified_gmt":"2022-12-09T16:51:10","slug":"rdc-felix-tshisekedi-avait-propose-au-m23-dintegrer-les-fardc-afin-de-conquerir-electoralement-lest","status":"publish","type":"post","link":"https:\/\/congokin.blog\/?p=10919","title":{"rendered":"RDC : \u00ab\u00a0F\u00e9lix Tshisekedi avait propos\u00e9 au M23 d\u2019int\u00e9grer les FARDC\u00a0\u00bb afin de conqu\u00e9rir \u00e9lectoralement l\u2019Est."},"content":{"rendered":"\n<h1 class=\"wp-block-heading\">RDC : \u00ab&nbsp;F\u00e9lix Tshisekedi avait propos\u00e9 au M23 d\u2019int\u00e9grer les FARDC&nbsp;\u00bb afin de conqu\u00e9rir \u00e9lectoralement l\u2019Est.<\/h1>\n\n\n\n<h2 class=\"wp-block-heading\">Alors que les rebelles du M23 sont de nouveau accus\u00e9s d\u2019avoir commis des massacres dans le Nord-Kivu et qu\u2019ils ne se sont toujours pas retir\u00e9s des zones sous leur contr\u00f4le, le dirigeant de l\u2019aile politique du mouvement, Bertrand Bisimwa, se d\u00e9fend et accuse Kinshasa de ne pas avoir tenu ses engagements.<\/h2>\n\n\n\n<p>8 d\u00e9cembre 2022 \u00e0 15:03<\/p>\n\n\n\n<p>Par&nbsp;<em>Jeune Afrique<\/em><\/p>\n\n\n\n<p>Mis \u00e0 jour le 8 d\u00e9cembre 2022 \u00e0 19:21<\/p>\n\n\n\n<figure class=\"wp-block-image is-style-zoooom\"><img decoding=\"async\" src=\"https:\/\/www.jeuneafrique.com\/cdn-cgi\/image\/q=100,f=auto,metadata=none,width=1256,height=628\/https:\/\/www.jeuneafrique.com\/medias\/2022\/12\/08\/jad20221208-ass-rdc-itv-bertrandbisimwa-1256x628-1670504457.jpg\" alt=\"\"\/><figcaption class=\"wp-element-caption\">Bertrand Bisimwa, qui dirige l\u2019aile politique du M23, s\u2019adresse \u00e0 des journalistes devant le quartier g\u00e9n\u00e9ral du groupe rebelle \u00e0 Bunagana, Nord-Kivu, RDC, le 26 avril 2013. \u00a9 Junior D.Kannah\/AFP<\/figcaption><\/figure>\n\n\n\n<p>Le bilan est encore une fois tr\u00e8s lourd. Selon le rapport d\u2019enqu\u00eate publi\u00e9 dans la soir\u00e9e du 7 d\u00e9cembre par la Monusco,&nbsp;<a href=\"https:\/\/www.jeuneafrique.com\/1398865\/politique\/rdc-au-moins-131-civils-tues-par-les-rebelles-du-m23\/\">131 personnes ont \u00e9t\u00e9 tu\u00e9es<\/a>&nbsp;dans des massacres perp\u00e9tr\u00e9s \u00e0 la fin du mois de novembre dans deux villages du territoire de Rutshuru, dans le Nord-Kivu. Et selon la mission de l\u2019ONU, il ne fait aucun doute que les coupables sont \u00e0 chercher dans les rangs du M23. Une conviction partag\u00e9e par Kinshasa, qui a annonc\u00e9 qu\u2019une enqu\u00eate serait men\u00e9e et a saisi la Cour p\u00e9nale internationale (CPI).\u00c0 LIRE<a href=\"https:\/\/www.jeuneafrique.com\/1397972\/politique\/rdc-rwanda-entre-tshisekedi-et-kagame-lescalade-verbale-se-poursuit\/\">RDC-Rwanda : entre Tshisekedi et Kagame, l\u2019escalade verbale se poursuit<\/a><\/p>\n\n\n\n<p>La flamb\u00e9e de violence dans l\u2019Est et la reprise des affrontements entre les forces arm\u00e9es congolaises et le M23,&nbsp;<a href=\"https:\/\/www.jeuneafrique.com\/1397972\/politique\/rdc-rwanda-entre-tshisekedi-et-kagame-lescalade-verbale-se-poursuit\/\">que le pr\u00e9sident F\u00e9lix Tshisekedi accuse le Rwanda de soutenir<\/a>, a consid\u00e9rablement tendu les relations entre les deux pays. Depuis que les rebelles sont repass\u00e9s \u00e0 l\u2019offensive, ils ont pris le contr\u00f4le de pans entiers du Nord-Kivu, sans que la perspective du d\u00e9ploiement de la force r\u00e9gionale de l\u2019East African Community (EAC) ne paraisse avoir d\u2019effet dissuasif.<\/p>\n\n\n\n<p>Pourquoi le M23 a-t-il repris les armes ? Que cherche-t-il ? Qu\u2019a-t-il tent\u00e9 de n\u00e9gocier avec Kinshasa ? Bertrand Bisimwa, qui est \u00e0 la t\u00eate de l\u2019aile politique du M23, quand Sultani Makenga en dirige la branche arm\u00e9e, a r\u00e9pondu aux questions de&nbsp;<em>Jeune Afrique<\/em>.<\/p>\n\n\n\n<p><strong>Jeune Afrique : Pourquoi votre mouvement, qui avait \u00e9t\u00e9 dissous en 2013, est-il repass\u00e9 \u00e0 l\u2019offensive&nbsp;?&nbsp;<\/strong><\/p>\n\n\n\n<p><strong>Bertrand Bisimwa :<\/strong>&nbsp;Il&nbsp;ne&nbsp;faut pas tout confondre. Nous avons mis fin \u00e0 la r\u00e9bellion mais n\u2019avons pas dissous le M23. \u00c0 l\u2019\u00e9poque, les accords de paix mentionnaient d\u2019ailleurs la possibilit\u00e9 de le transformer en une organisation de droit congolais, type parti politique. De ce fait, et puisque notre mouvement n\u2019a jamais disparu et qu\u2019il a continu\u00e9 d\u2019exister, sa r\u00e9surgence ne doit pas \u00eatre comprise comme une renaissance. Le M23 n\u2019\u00e9tait pas mort.<\/p>\n\n\n\n<p><strong>Est-il vrai, ainsi que l\u2019affirment Kinshasa et un rapport non publi\u00e9 du groupe d\u2019experts de l\u2019ONU, que le Rwanda vous apporte son appui militaire ?<\/strong><\/p>\n\n\n\n<p>Votre question n\u2019est fond\u00e9e ni sur des faits ni sur une quelconque d\u00e9claration officielle et je ne comprends pas sa pertinence, \u00e0 moins d\u2019imaginer que vous cherchiez \u00e0 alimenter la pol\u00e9mique. Je n\u2019ai donc pas de r\u00e9ponse \u00e0 vous apporter.<\/p>\n\n\n\n<p><strong>Quelles sont aujourd\u2019hui vos revendications&nbsp;?<\/strong><\/p>\n\n\n\n<p>Nous n\u2019avons qu\u2019une seule revendication : la r\u00e9solution des causes profondes des conflits dans l\u2019Est telles que reconnues par tous les accords de paix conclus ces derni\u00e8res ann\u00e9es, que l\u2019on parle de l\u2019accord du 23 mars 2009, de l\u2019accord-cadre d\u2019Addis-Abeba [sign\u00e9 en 2013], des d\u00e9clarations de Nairobi et ou de l\u2019entente trouv\u00e9e plus r\u00e9cemment, en 2021, \u00e0 Kinshasa.<\/p>\n\n\n\n<p><strong>Apr\u00e8s l\u2019arriv\u00e9e au pouvoir de F\u00e9lix Tshisekedi, vos \u00e9quipes ont s\u00e9journ\u00e9 pendant plusieurs mois \u00e0 Kinshasa pour trouver une issue aux probl\u00e8mes du M23. Pourquoi les discussions n\u2019ont-elles pas abouti&nbsp;?<\/strong><\/p>\n\n\n\n<p>\u00c0 Kinshasa, nous avons propos\u00e9 une reddition sans conditions. C\u2019est le chef de l\u2019\u00c9tat qui nous a propos\u00e9 l\u2019int\u00e9gration de nos combattants au sein des FARDC [forces arm\u00e9es congolaises] pour constituer des unit\u00e9s sp\u00e9ciales qui seraient plac\u00e9es sous son contr\u00f4le direct pour stabiliser l\u2019Est. Pour nous, cela \u00e9quivalait \u00e0 un ordre direct de F\u00e9lix Tshisekedi.\u00c0 LIRE<a href=\"https:\/\/www.jeuneafrique.com\/1388706\/politique\/est-de-la-rdc-felix-tshisekedi-peut-il-vraiment-compter-sur-la-force-regionale-conjointe\/\">Est de la RDC : F\u00e9lix Tshisekedi peut-il vraiment compter sur la force r\u00e9gionale conjointe ?<\/a><\/p>\n\n\n\n<p>Pendant douze mois, nous nous sommes pench\u00e9s sur la question avec les \u00e9quipes de la pr\u00e9sidence. Nos conclusions ont \u00e9t\u00e9 communiqu\u00e9es au&nbsp;<a href=\"https:\/\/www.jeuneafrique.com\/mag\/822179\/politique\/rdc-qui-sont-les-nouveaux-ministres-du-gouvernement-de-felix-tshisekedi\/\">ministre de l\u2019Int\u00e9rieur de l\u2019\u00e9poque, Gilbert Kankonde<\/a>, qui les a transmises au chef de l\u2019\u00c9tat pour que les fonds n\u00e9cessaires soient mis \u00e0 disposition et le programme lanc\u00e9. Et voil\u00e0 que deux semaines plus tard, les FARDC ont attaqu\u00e9 nos positions. Cela a \u00e9t\u00e9 le point de d\u00e9part de la guerre actuelle.<\/p>\n\n\n\n<p><strong>C\u2019est cela l\u2019accord qui, selon vous, aurait \u00e9t\u00e9 sign\u00e9 en 2021 avec Kinshasa ?<\/strong><\/p>\n\n\n\n<p>Oui et il a notamment \u00e9t\u00e9 d\u00e9cid\u00e9 de la participation du M23, aux c\u00f4t\u00e9s des forces gouvernementales, \u00e0 l\u2019effort de s\u00e9curisation et de pacification de l\u2019Est. Nous devions mettre \u00e0 disposition tous nos militaires et constituer une force de dissuasion.\u00c0 LIRE<a href=\"https:\/\/www.jeuneafrique.com\/1393519\/politique\/la-rdc-est-elle-empechee-de-defendre-son-territoire\/\">La RDC est-elle emp\u00each\u00e9e de d\u00e9fendre son territoire&nbsp;?<\/a><\/p>\n\n\n\n<p>Celle-ci aurait eu une capacit\u00e9 de projection imm\u00e9diate et aurait \u00e9t\u00e9 compos\u00e9e de deux bataillons issus du M23 et de deux autres comprenant des \u00e9l\u00e9ments aguerris des FARDC, qu\u2019ils aient appartenu autrefois au MLC [Mouvement de lib\u00e9ration du Congo] de Jean-Pierre Bemba ou servi \u00e0 l\u2019\u00e9poque du g\u00e9n\u00e9ral Faustin Munene [chef d\u2019\u00e9tat-major sous la pr\u00e9sidence&nbsp;de&nbsp;Joseph Kabila]. Et puis les cadres politiques du M23 devaient contribuer \u00e0 l\u2019implantation de la vision du chef de l\u2019\u00c9tat afin de conqu\u00e9rir \u00e9lectoralement l\u2019Est.<\/p>\n\n\n\n<p><strong>Votre mouvement est accus\u00e9 par le gouvernement congolais d\u2019avoir commis des massacres \u00e0 grande \u00e9chelle, les 29 et 30 novembre, dans deux villages du Nord-Kivu, Kishishe et Bambo. Pr\u00e8s de 300 personnes auraient \u00e9t\u00e9 tu\u00e9es, selon Kinshasa. La Monusco dresse un bilan moins \u00e9lev\u00e9 mais \u00e9voque tout de m\u00eame plus de 130 victimes. Que r\u00e9pondez-vous&nbsp;?<\/strong><\/p>\n\n\n\n<p>Le gouvernement congolais se base sur les rapports que lui transmettent ses alli\u00e9s FDLR [Forces d\u00e9mocratiques de lib\u00e9ration du Rwanda] et les milices ma\u00ef-ma\u00ef, qu\u2019il utilise pour nous faire la guerre par procuration. Ce sont des combattants qui se rendent au front en tenue civile et, lorsqu\u2019ils tombent, leurs coll\u00e8gues les font passer pour des civils. Mais de qui se moque-t-on ? Du peuple congolais et de la communaut\u00e9 internationale, qui y croit ? \u00c0 Kishishe, il y a eu 8 civils tu\u00e9s \u00e0 cause de balles perdues.<\/p>\n\n\n\n<p><strong>Quand allez-vous vous retirer des localit\u00e9s dont vous avez pris le contr\u00f4le, ainsi que cela a \u00e9t\u00e9 d\u00e9cid\u00e9 lors du&nbsp;<a href=\"https:\/\/www.jeuneafrique.com\/1395643\/politique\/rdc-m23-accord-de-cessez-le-feu-a-luanda\/\">sommet de Luanda, le 23 novembre dernier<\/a>&nbsp;?<\/strong><\/p>\n\n\n\n<p>Depuis le 25 novembre, nous avons demand\u00e9 \u00e0 rencontrer le facilitateur et le m\u00e9diateur pour en savoir un peu plus&nbsp;: nous \u00e9tions les premiers concern\u00e9s, mais&nbsp;<a href=\"https:\/\/www.jeuneafrique.com\/1395921\/politique\/rdc-le-m23-ne-sestime-pas-vraiment-concerne-par-laccord-de-cessez-le-feu\/\">n\u2019avons \u00e9t\u00e9 ni invit\u00e9s ni repr\u00e9sent\u00e9s !<\/a>&nbsp;Nous esp\u00e9rons que cette fois-ci nous aurons un interlocuteur avec qui discuter et planifier la suite.<\/p>\n\n\n\n<p><strong>Pourquoi alors avoir annonc\u00e9&nbsp;<a href=\"https:\/\/www.jeuneafrique.com\/1398553\/politique\/rdc-le-m23-pret-a-commencer-a-se-retirer-de-certaines-zones\/\">le d\u00e9but de votre retrait, le 6 d\u00e9cembre ?<\/a><\/strong><\/p>\n\n\n\n<p>Parce que nous avions l\u2019impression que les FARDC et leurs alli\u00e9s se servaient du communiqu\u00e9 de Luanda comme pr\u00e9texte pour consolider leurs alliances, poursuivre la guerre et justifier les massacres ciblant une partie des Congolais \u00e0 cause de leur faci\u00e8s. Nous voulions envoyer un signal fort pour que tout ceci s\u2019arr\u00eate.<\/p>\n<div style=\"text-align:center\" class=\"wps-pgfw-pdf-generate-icon__wrapper-frontend\">\n\t\t<a href=\"https:\/\/congokin.blog?action=genpdf&amp;id=10919\" class=\"pgfw-single-pdf-download-button\" ><img src=\"https:\/\/congokin.blog\/wp-content\/plugins\/pdf-generator-for-wp\/admin\/src\/images\/PDF_Tray.svg\" title=\"G\u00e9n\u00e9rer un PDF\" style=\"width:auto; height:45px;\"><\/a>\n\t\t<\/div>","protected":false},"excerpt":{"rendered":"<p>RDC : \u00ab&nbsp;F\u00e9lix Tshisekedi avait propos\u00e9 au M23 d\u2019int\u00e9grer les FARDC&nbsp;\u00bb afin de conqu\u00e9rir \u00e9lectoralement l\u2019Est. Alors que les rebelles du M23 sont de nouveau accus\u00e9s d\u2019avoir commis des massacres dans le Nord-Kivu et qu\u2019ils ne se sont toujours pas retir\u00e9s des zones sous leur contr\u00f4le, le dirigeant de l\u2019aile politique du mouvement, Bertrand Bisimwa, [&hellip;]<\/p>\n","protected":false},"author":8,"featured_media":0,"comment_status":"open","ping_status":"closed","sticky":false,"template":"","format":"standard","meta":{"footnotes":""},"categories":[1],"tags":[],"class_list":["post-10919","post","type-post","status-publish","format-standard","hentry","category-uncategorized"],"_links":{"self":[{"href":"https:\/\/congokin.blog\/index.php?rest_route=\/wp\/v2\/posts\/10919","targetHints":{"allow":["GET"]}}],"collection":[{"href":"https:\/\/congokin.blog\/index.php?rest_route=\/wp\/v2\/posts"}],"about":[{"href":"https:\/\/congokin.blog\/index.php?rest_route=\/wp\/v2\/types\/post"}],"author":[{"embeddable":true,"href":"https:\/\/congokin.blog\/index.php?rest_route=\/wp\/v2\/users\/8"}],"replies":[{"embeddable":true,"href":"https:\/\/congokin.blog\/index.php?rest_route=%2Fwp%2Fv2%2Fcomments&post=10919"}],"version-history":[{"count":2,"href":"https:\/\/congokin.blog\/index.php?rest_route=\/wp\/v2\/posts\/10919\/revisions"}],"predecessor-version":[{"id":10923,"href":"https:\/\/congokin.blog\/index.php?rest_route=\/wp\/v2\/posts\/10919\/revisions\/10923"}],"wp:attachment":[{"href":"https:\/\/congokin.blog\/index.php?rest_route=%2Fwp%2Fv2%2Fmedia&parent=10919"}],"wp:term":[{"taxonomy":"category","embeddable":true,"href":"https:\/\/congokin.blog\/index.php?rest_route=%2Fwp%2Fv2%2Fcategories&post=10919"},{"taxonomy":"post_tag","embeddable":true,"href":"https:\/\/congokin.blog\/index.php?rest_route=%2Fwp%2Fv2%2Ftags&post=10919"}],"curies":[{"name":"wp","href":"https:\/\/api.w.org\/{rel}","templated":true}]}}