{"id":10921,"date":"2022-12-09T16:36:32","date_gmt":"2022-12-09T16:36:32","guid":{"rendered":"https:\/\/congokin.blog\/?p=10921"},"modified":"2022-12-09T16:36:32","modified_gmt":"2022-12-09T16:36:32","slug":"est-de-la-rdc-un-trafiquant-dor-belge-sanctionne-par-lunion-europeenne","status":"publish","type":"post","link":"https:\/\/congokin.blog\/?p=10921","title":{"rendered":"Est de la RDC\u00a0: un trafiquant d\u2019or belge sanctionn\u00e9 par l\u2019Union europ\u00e9enne"},"content":{"rendered":"\n<p>POLITIQUE<\/p>\n\n\n\n<h1 class=\"wp-block-heading\">Est de la RDC&nbsp;: un trafiquant d\u2019or belge sanctionn\u00e9 par l\u2019Union europ\u00e9enne<\/h1>\n\n\n\n<h2 class=\"wp-block-heading\">L\u2019homme d\u2019affaires belge Alain Goetz, d\u00e9j\u00e0 sanctionn\u00e9 par les \u00c9tats-Unis, a \u00e9t\u00e9 plac\u00e9 sous sanctions de l\u2019Union europ\u00e9enne, ce jeudi 8 d\u00e9cembre, pour avoir \u00ab&nbsp;tir\u00e9 profit du conflit arm\u00e9&nbsp;\u00bb dans l\u2019est de la RDC. Un ancien ministre congolais et un officier des FARDC sont \u00e9galement concern\u00e9s.<\/h2>\n\n\n\n<p>9 d\u00e9cembre 2022 \u00e0 14:44<\/p>\n\n\n\n<p>Par&nbsp;<em>Jeune Afrique<\/em><\/p>\n\n\n\n<p>Mis \u00e0 jour le 9 d\u00e9cembre 2022 \u00e0 14:44<\/p>\n\n\n\n<figure class=\"wp-block-image is-style-zoooom\"><img decoding=\"async\" src=\"https:\/\/www.jeuneafrique.com\/cdn-cgi\/image\/q=100,f=auto,metadata=none,width=1256,height=628\/https:\/\/www.jeuneafrique.com\/medias\/2022\/12\/09\/rdcle-7122022-lors-dune-veillee-de-priereafp-1256x628-1670582328.jpg\" alt=\"\"\/><figcaption class=\"wp-element-caption\">Une veill\u00e9e de pri\u00e8re en souvenir des victimes des troubles en cours dans l\u2019Est du pays, le 7&nbsp;d\u00e9cembre. \u00a9 (Photo by S\u00e9bastien KITSA MUSAYI \/ AFP)<\/figcaption><\/figure>\n\n\n\n<p>Alain Goetz, n\u00e9 \u00e0 Anvers en 1965, est l\u2019ancien directeur de&nbsp;<a href=\"https:\/\/www.jeuneafrique.com\/1332570\/economie\/rdc-ouganda-que-changent-les-sanctions-americaines-contre-alain-goetz-et-africa-gold-refinery\/\">la soci\u00e9t\u00e9 African Gold Refinery, accus\u00e9e d\u2019avoir achet\u00e9 et commercialis\u00e9 depuis 2016 de l\u2019or illicite provenant de mines en RDC contr\u00f4l\u00e9es par des groupes arm\u00e9s<\/a>. L\u2019homme d\u2019affaires belge a \u00e9t\u00e9 sanctionn\u00e9 pour avoir \u00ab&nbsp;tir\u00e9 profit du conflit arm\u00e9, de l\u2019instabilit\u00e9 ou de l\u2019ins\u00e9curit\u00e9 en RDC en se livrant \u00e0 l\u2019exploitation et au commerce illicites de ressources naturelles&nbsp;\u00bb, pr\u00e9cise la d\u00e9cision publi\u00e9e au&nbsp;Journal&nbsp;officiel de l\u2019UE.\u00c0 LIRE<a href=\"https:\/\/www.jeuneafrique.com\/1303388\/economie\/de-kampala-a-dubai-les-nouvelles-routes-de-lor-africain\/\">De la RDC \u00e0 Duba\u00ef, quelles sont les nouvelles routes de l\u2019or africain ?<\/a><\/p>\n\n\n\n<p>Il sera interdit d\u2019entr\u00e9e dans l\u2019UE et ses avoirs seront gel\u00e9s. Il ne pourra en outre pas recevoir de fonds en provenance de l\u2019UE. L\u2019homme d\u2019affaires belge, tr\u00e8s influent de Kinshasa \u00e0 Kampala, avait d\u00e9j\u00e0 \u00e9t\u00e9 sanctionn\u00e9 par les \u00c9tats-Unis, en mars dernier, pour des faits identiques. \u00ab&nbsp;Alain Goetz et son r\u00e9seau ont contribu\u00e9 au conflit arm\u00e9 en recevant l\u2019or congolais sans mettre en question son origine&nbsp;\u00bb, avait alors affirm\u00e9 le Tr\u00e9sor am\u00e9ricain.<\/p>\n\n\n\n<h2 class=\"wp-block-heading\">Chefs de guerre<\/h2>\n\n\n\n<p>Alain Goetz n\u2019est pas le seul \u00e0 avoir \u00e9t\u00e9 plac\u00e9 sous sanction par le Conseil de l\u2019UE. Les 27 ont \u00e9galement inscrit sur leur liste noire&nbsp;<a href=\"https:\/\/www.jeuneafrique.com\/38219\/politique\/rdc-justin-bitakwira-on-peut-me-radier-de-l-unc-si-mon-attitude-d-range\/\">un ancien ministre congolais, Justin Bitakwira<\/a>, ainsi qu\u2019un responsable des forces arm\u00e9es congolaises (FARDC), le colonel Joseph Nganzo Olikwa Tipi, commandant d\u2019une unit\u00e9 responsables de graves violations des droits de l\u2019homme, en particuliers des viols.<\/p>\n\n\n\n<p>Par ailleurs, cinq dirigeants de groupes arm\u00e9s&nbsp;non&nbsp;gouvernementaux s\u00e9vissant dans l\u2019est du Congo sont concern\u00e9s par les sanctions de Bruxelles : Ruvugayimikore Protog\u00e8ne, chef des Forces D\u00e9mocratiques de Lib\u00e9ration du Rwanda (FDLR); Meddie Nkalubo, des Forces D\u00e9mocratiques Alli\u00e9es (ADF); D\u00e9sir\u00e9 Londroma Ndjukpa, du groupe Coop\u00e9rative pour le d\u00e9veloppement du Congo (Codeco-URPC); Willy Ngoma, porte-parole du Mouvement du 23 Mars (M23\/ARC) et William Yakutumba, commandant de la Coalition de milices Ma\u00ef-Ma\u00ef CNPSC.<\/p>\n\n\n\n<p>\u00ab&nbsp;Au total, 17 personnes font d\u00e9sormais l\u2019objet de mesures restrictives de l\u2019UE, qui ont \u00e9t\u00e9 prorog\u00e9es jusqu\u2019au 12 d\u00e9cembre 2023&nbsp;\u00bb, pr\u00e9cise le communiqu\u00e9. L\u2019UE entend avec cette d\u00e9cision \u00ab&nbsp;soutenir les efforts d\u00e9ploy\u00e9s par les autorit\u00e9s de la RDC pour instaurer une paix durable et stabiliser la partie est du pays&nbsp;\u00bb, souligne le communiqu\u00e9, qui pr\u00e9cise que \u00ab&nbsp;le Conseil continuera de suivre de pr\u00e8s la situation dans le pays et pourrait envisager d\u2019autres mesures restrictives en fonction de l\u2019\u00e9volution de&nbsp;la&nbsp;situation&nbsp;\u00bb.<\/p>\n\n\n\n<p><strong>(Avec AFP)<\/strong><\/p>\n<div style=\"text-align:center\" class=\"wps-pgfw-pdf-generate-icon__wrapper-frontend\">\n\t\t<a href=\"https:\/\/congokin.blog?action=genpdf&amp;id=10921\" class=\"pgfw-single-pdf-download-button\" ><img src=\"https:\/\/congokin.blog\/wp-content\/plugins\/pdf-generator-for-wp\/admin\/src\/images\/PDF_Tray.svg\" title=\"G\u00e9n\u00e9rer un PDF\" style=\"width:auto; height:45px;\"><\/a>\n\t\t<\/div>","protected":false},"excerpt":{"rendered":"<p>POLITIQUE Est de la RDC&nbsp;: un trafiquant d\u2019or belge sanctionn\u00e9 par l\u2019Union europ\u00e9enne L\u2019homme d\u2019affaires belge Alain Goetz, d\u00e9j\u00e0 sanctionn\u00e9 par les \u00c9tats-Unis, a \u00e9t\u00e9 plac\u00e9 sous sanctions de l\u2019Union europ\u00e9enne, ce jeudi 8 d\u00e9cembre, pour avoir \u00ab&nbsp;tir\u00e9 profit du conflit arm\u00e9&nbsp;\u00bb dans l\u2019est de la RDC. Un ancien ministre congolais et un officier des [&hellip;]<\/p>\n","protected":false},"author":8,"featured_media":0,"comment_status":"open","ping_status":"closed","sticky":false,"template":"","format":"standard","meta":{"footnotes":""},"categories":[1],"tags":[],"class_list":["post-10921","post","type-post","status-publish","format-standard","hentry","category-uncategorized"],"_links":{"self":[{"href":"https:\/\/congokin.blog\/index.php?rest_route=\/wp\/v2\/posts\/10921","targetHints":{"allow":["GET"]}}],"collection":[{"href":"https:\/\/congokin.blog\/index.php?rest_route=\/wp\/v2\/posts"}],"about":[{"href":"https:\/\/congokin.blog\/index.php?rest_route=\/wp\/v2\/types\/post"}],"author":[{"embeddable":true,"href":"https:\/\/congokin.blog\/index.php?rest_route=\/wp\/v2\/users\/8"}],"replies":[{"embeddable":true,"href":"https:\/\/congokin.blog\/index.php?rest_route=%2Fwp%2Fv2%2Fcomments&post=10921"}],"version-history":[{"count":1,"href":"https:\/\/congokin.blog\/index.php?rest_route=\/wp\/v2\/posts\/10921\/revisions"}],"predecessor-version":[{"id":10922,"href":"https:\/\/congokin.blog\/index.php?rest_route=\/wp\/v2\/posts\/10921\/revisions\/10922"}],"wp:attachment":[{"href":"https:\/\/congokin.blog\/index.php?rest_route=%2Fwp%2Fv2%2Fmedia&parent=10921"}],"wp:term":[{"taxonomy":"category","embeddable":true,"href":"https:\/\/congokin.blog\/index.php?rest_route=%2Fwp%2Fv2%2Fcategories&post=10921"},{"taxonomy":"post_tag","embeddable":true,"href":"https:\/\/congokin.blog\/index.php?rest_route=%2Fwp%2Fv2%2Ftags&post=10921"}],"curies":[{"name":"wp","href":"https:\/\/api.w.org\/{rel}","templated":true}]}}