{"id":10924,"date":"2022-12-09T17:01:45","date_gmt":"2022-12-09T17:01:45","guid":{"rendered":"https:\/\/congokin.blog\/?p=10924"},"modified":"2022-12-09T17:01:45","modified_gmt":"2022-12-09T17:01:45","slug":"outrage-vidiye-tshimanga-rejette-les-3-ans-de-prison-requis-contre-lui-par-le-ministere-public","status":"publish","type":"post","link":"https:\/\/congokin.blog\/?p=10924","title":{"rendered":"Outrage: Vidiy\u00e9 Tshimanga rejette les 3 ans de prison requis contre lui par le minist\u00e8re public"},"content":{"rendered":"\n<h1 class=\"wp-block-heading\">RDC : Vidiy\u00e9 Tshimanga rejette les 3 ans de prison requis contre lui par le minist\u00e8re public et demande son acquittement&nbsp;<\/h1>\n\n\n\n<p><\/p>\n\n\n\n<figure class=\"wp-block-image is-style-zoooom\"><img decoding=\"async\" src=\"https:\/\/7sur7.cd\/sites\/default\/files\/styles\/article_2022\/public\/2022-12\/D5861E9A-EFAA-4AFF-90C5-9A6E7AEF9512.jpeg?itok=e8BPDAdP\" alt=\"Droits tiers\"\/><\/figure>\n\n\n\n<p><strong>Dans sa prise de parole, \u00e0 l&rsquo;audience de ce jeudi 08 d\u00e9cembre 2022, l&rsquo;ancien conseiller du pr\u00e9sident de la R\u00e9publique charg\u00e9 des questions strat\u00e9giques, Vidiye Tshimanga, a demand\u00e9 au Tribunal de paix de Kinshasa\/Gombe de le disculper des griefs mis \u00e0 sa charge.&nbsp;<\/strong><\/p>\n\n\n\n<p>Pour lui, son dossier instruit dans \u00ab la pr\u00e9cipitation \u00bb par le Parquet, est vide.&nbsp;<\/p>\n\n\n\n<blockquote class=\"wp-block-quote is-layout-flow wp-block-quote-is-layout-flow\">\n<p>\u00ab&nbsp;<em>Madame la pr\u00e9sidente, messieurs et dames membres de la composition, je n&rsquo;aborderai pas dans le sens du procureur d&rsquo;accepter 3 ans de prison. M\u00eame une seconde, je n&rsquo;accepterai pas parce que je suis innocent. Je vous demande de bien vouloir m&rsquo;acquitter pour me permettre de reprendre mes activit\u00e9s comme celles que j&rsquo;avais avant ce scandale. Que le Parquet continue cette enqu\u00eate pour mettre la main sur les commanditaires et acteurs de ce crime contre ma personne et la RDC<\/em>&nbsp;\u00bb, a d\u00e9clar\u00e9 l&rsquo;ancien pr\u00e9sident du Daring Club Motema Pembe (DCMP).&nbsp;<\/p>\n<\/blockquote>\n\n\n\n<p>Tout au long de ce proc\u00e8s, a argu\u00e9 V. Tshimanga, le procureur n&rsquo;est pas parvenu \u00e0 soutenir ses accusations par des preuves.&nbsp;<\/p>\n\n\n\n<blockquote class=\"wp-block-quote is-layout-flow wp-block-quote-is-layout-flow\">\n<p>\u00ab&nbsp;<em>Monsieur le procureur n&rsquo;a apport\u00e9 aucune preuve de quoi ce soit qui a \u00e9t\u00e9 commis \u00e0 Kinshasa. En aucun moment ce qui a \u00e9t\u00e9 pr\u00e9sent\u00e9 dans les vid\u00e9os s\u00e9quenc\u00e9es, mont\u00e9es et diffus\u00e9es dans les r\u00e9seaux sociaux d\u00e9montre que c&rsquo;\u00e9tait \u00e0 Kinshasa. Regardez comment je suis habill\u00e9 et ce qu&rsquo;il y a devant moi, nous discutions lors du d\u00eener \u00e0 Londres. Que le Parquet nous am\u00e8ne la preuve audiovisuelle qui d\u00e9montre que c&rsquo;\u00e9tait \u00e0 Kinshasa. Il y en a pas. Je le dis haut et fort. C&rsquo;est un montage s\u00e9quenc\u00e9 fait par les \u00e9trangers que l&rsquo;on ne connait m\u00eame pas et que l&rsquo;on jette sur la place publique qui trouble l&rsquo;ordre public congolais sans savoir qui sont r\u00e9ellement ces personnes. Et \u00e7a n&rsquo;\u00e9met personne<\/em>&nbsp;\u00bb, a-t-il affirm\u00e9.&nbsp;<\/p>\n<\/blockquote>\n\n\n\n<p>Et de rench\u00e9rir : \u00ab&nbsp;<em>Monsieur le procureur, nous avons d\u00e9pos\u00e9 une plainte contre ces individus avant m\u00eame que vous ne m&rsquo;entendiez sur r\u00e9quisition d&rsquo;information le 21 septembre. Qu&rsquo;en est-il de cette plainte ? Avez-vous cherch\u00e9 \u00e0 savoir qui sont les commanditaires de ce montage ? Qui sont les gens qui ont d\u00e9natur\u00e9 mes propos ?<\/em>&nbsp;\u00bb.&nbsp;<\/p>\n\n\n\n<p>Il sied de noter que le minist\u00e8re public a requis 3 ans de prison contre V. Tshimanga pour corruption, trafic d&rsquo;influence et offense au chef de l&rsquo;\u00c9tat.<\/p>\n\n\n\n<p>Ce r\u00e9quisitoire est intervenu avant la plaidoirie de la d\u00e9fense. Apr\u00e8s r\u00e9ception des conclusions des parties, le Tribunal a pris cette affaire en d\u00e9lib\u00e9r\u00e9 et va prononcer sa d\u00e9cision dans 10 jours.&nbsp;<\/p>\n\n\n\n<p><strong>Merveil Molo<\/strong><\/p>\n<div style=\"text-align:center\" class=\"wps-pgfw-pdf-generate-icon__wrapper-frontend\">\n\t\t<a href=\"https:\/\/congokin.blog?action=genpdf&amp;id=10924\" class=\"pgfw-single-pdf-download-button\" ><img src=\"https:\/\/congokin.blog\/wp-content\/plugins\/pdf-generator-for-wp\/admin\/src\/images\/PDF_Tray.svg\" title=\"G\u00e9n\u00e9rer un PDF\" style=\"width:auto; height:45px;\"><\/a>\n\t\t<\/div>","protected":false},"excerpt":{"rendered":"<p>RDC : Vidiy\u00e9 Tshimanga rejette les 3 ans de prison requis contre lui par le minist\u00e8re public et demande son acquittement&nbsp; Dans sa prise de parole, \u00e0 l&rsquo;audience de ce jeudi 08 d\u00e9cembre 2022, l&rsquo;ancien conseiller du pr\u00e9sident de la R\u00e9publique charg\u00e9 des questions strat\u00e9giques, Vidiye Tshimanga, a demand\u00e9 au Tribunal de paix de Kinshasa\/Gombe [&hellip;]<\/p>\n","protected":false},"author":8,"featured_media":0,"comment_status":"open","ping_status":"closed","sticky":false,"template":"","format":"standard","meta":{"footnotes":""},"categories":[1],"tags":[],"class_list":["post-10924","post","type-post","status-publish","format-standard","hentry","category-uncategorized"],"_links":{"self":[{"href":"https:\/\/congokin.blog\/index.php?rest_route=\/wp\/v2\/posts\/10924","targetHints":{"allow":["GET"]}}],"collection":[{"href":"https:\/\/congokin.blog\/index.php?rest_route=\/wp\/v2\/posts"}],"about":[{"href":"https:\/\/congokin.blog\/index.php?rest_route=\/wp\/v2\/types\/post"}],"author":[{"embeddable":true,"href":"https:\/\/congokin.blog\/index.php?rest_route=\/wp\/v2\/users\/8"}],"replies":[{"embeddable":true,"href":"https:\/\/congokin.blog\/index.php?rest_route=%2Fwp%2Fv2%2Fcomments&post=10924"}],"version-history":[{"count":1,"href":"https:\/\/congokin.blog\/index.php?rest_route=\/wp\/v2\/posts\/10924\/revisions"}],"predecessor-version":[{"id":10925,"href":"https:\/\/congokin.blog\/index.php?rest_route=\/wp\/v2\/posts\/10924\/revisions\/10925"}],"wp:attachment":[{"href":"https:\/\/congokin.blog\/index.php?rest_route=%2Fwp%2Fv2%2Fmedia&parent=10924"}],"wp:term":[{"taxonomy":"category","embeddable":true,"href":"https:\/\/congokin.blog\/index.php?rest_route=%2Fwp%2Fv2%2Fcategories&post=10924"},{"taxonomy":"post_tag","embeddable":true,"href":"https:\/\/congokin.blog\/index.php?rest_route=%2Fwp%2Fv2%2Ftags&post=10924"}],"curies":[{"name":"wp","href":"https:\/\/api.w.org\/{rel}","templated":true}]}}