{"id":10926,"date":"2022-12-09T17:06:35","date_gmt":"2022-12-09T17:06:35","guid":{"rendered":"https:\/\/congokin.blog\/?p=10926"},"modified":"2022-12-09T17:06:35","modified_gmt":"2022-12-09T17:06:35","slug":"massacre-en-rdc-la-belgique-appelle-le-rwanda-a-cesser-toute-assistance-au-m23","status":"publish","type":"post","link":"https:\/\/congokin.blog\/?p=10926","title":{"rendered":"Massacre en RDC: la Belgique appelle le Rwanda \u00ab\u00e0 cesser toute assistance\u00bb au M23"},"content":{"rendered":"\n<h1 class=\"wp-block-heading\">Massacre en RDC: la Belgique appelle le Rwanda \u00ab\u00e0 cesser toute assistance\u00bb au M23<\/h1>\n\n\n\n<p>Au moins 131 civils, dont 17 femmes et 12 enfants, ont \u00e9t\u00e9 ex\u00e9cut\u00e9s arbitrairement par balle ou \u00e0 l\u2019arme blanche fin novembre dans deux villages de l\u2019est de la RDC, selon une enqu\u00eate de l\u2019ONU rendue publique jeudi.<\/p>\n\n\n\n<figure class=\"wp-block-image is-style-zoooom\"><img decoding=\"async\" src=\"https:\/\/www.lesoir.be\/sites\/default\/files\/dpistyles_v2\/ls_16_9_864w\/2022\/12\/09\/node_482188\/29693272\/public\/2022\/12\/09\/B9732906237Z.1_20221209174829_000+G60LR6Q65.1-0.jpg?itok=pUqDyPp01670604659\" alt=\"d-20191025-3WVUKH 2019-10-25 19_12_18\"\/><\/figure>\n\n\n\n<figure class=\"wp-block-image is-style-zoooom\"><img decoding=\"async\" src=\"https:\/\/www.lesoir.be\/sites\/all\/themes\/enacarbon_lesoir\/images\/s-lesoir.svg\" alt=\"Image auteur par d\u00e9faut\"\/><\/figure>\n\n\n\n<p>Par AFPPubli\u00e9 le 9\/12\/2022 \u00e0 17:48&nbsp;Temps de lecture: 3 min<\/p>\n\n\n\n<p>La Belgique a appel\u00e9 vendredi le Rwanda \u00e0 \u00ab&nbsp;cesser toute assistance&nbsp;\u00bb au mouvement rebelle du M23, auquel une enqu\u00eate pr\u00e9liminaire de l\u2019ONU impute un massacre d\u2019au moins 131 civils fin novembre en R\u00e9publique d\u00e9mocratique du Congo.<\/p>\n\n\n\n<p>Au moins 131 civils, dont 17 femmes et 12 enfants, ont \u00e9t\u00e9 ex\u00e9cut\u00e9s arbitrairement par balle ou \u00e0 l\u2019arme blanche fin novembre dans deux villages de l\u2019est de la RDC, selon une enqu\u00eate de l\u2019ONU rendue publique jeudi, qui accuse la r\u00e9bellion du M23.<\/p>\n\n\n\n<p>\u00ab&nbsp;Le M23 doit cesser imm\u00e9diatement les hostilit\u00e9s et se retirer des zones sous son contr\u00f4le (\u2026) La Belgique appelle le Rwanda \u00e0 cesser toute assistance au M23 et \u00e0 continuer d\u2019utiliser tous les moyens \u00e0 sa disposition pour le persuader \u00e0 se r\u00e9engager dans un processus de d\u00e9sarmement, de d\u00e9mobilisation et de r\u00e9int\u00e9gration communautaire&nbsp;\u00bb, a r\u00e9agi la diplomatie belge dans un communiqu\u00e9.<\/p>\n\n\n\n<p>&nbsp;<strong>\u00c0 lire aussi<\/strong>&nbsp;<a href=\"https:\/\/www.lesoir.be\/481757\/article\/2022-12-07\/en-rdc-ne-change-pas-une-formule-qui-perd?referer=%2Farchives%2Frecherche%3Fdatefilter%3Dlastyear%26sort%3Ddate%2520desc%26word%3Dcolette%2520braeckman\">En RDC, on ne change pas une formule\u2026 qui perd<\/a><\/p>\n\n\n\n<p>Il s\u2019agit d\u2019une tr\u00e8s rare mention, de la part d\u2019une puissance europ\u00e9enne, du soutien suppos\u00e9 de Kigali au mouvement rebelle.<\/p>\n\n\n\n<p>Le M23 (\u00ab&nbsp;Mouvement du 23 mars&nbsp;\u00bb) est une ancienne r\u00e9bellion majoritairement tutsi qui a repris les armes en fin d\u2019ann\u00e9e derni\u00e8re et conquis de larges portions d\u2019un territoire du nord de Goma, la capitale provinciale du Nord-Kivu.<\/p>\n\n\n\n<p>Selon les autorit\u00e9s congolaises, des experts de l\u2019ONU et la diplomatie am\u00e9ricaine, le M23 est soutenu par le Rwanda. Mais Kigali conteste, accusant en retour Kinshasa de collusion avec les FDLR, un mouvement hutu constitu\u00e9 par certains auteurs du g\u00e9nocide des Tutsi en 1994 au Rwanda.<\/p>\n\n\n\n<p>\u00ab&nbsp;La Belgique appelle \u00e0 cesser toute relation, intentionn\u00e9e ou pas, entre toute autorit\u00e9 congolaise et les FDLR&nbsp;\u00bb, pr\u00e9cise d\u2019ailleurs le communiqu\u00e9 de Bruxelles.<\/p>\n\n\n\n<p>\u00ab&nbsp;La souverainet\u00e9 et l\u2019int\u00e9grit\u00e9 territoriale de la RDC et de tous les pays de la r\u00e9gion doivent \u00eatre pleinement respect\u00e9es&nbsp;\u00bb, a-t-il insist\u00e9, exhortant, sans autre pr\u00e9cision, \u00e0 mettre fin aux \u00ab&nbsp;messages de haine et les appels \u00e0 la violence ciblant des communaut\u00e9s sp\u00e9cifiques&nbsp;\u00bb.<\/p>\n\n\n\n<p>\u00ab&nbsp;La Belgique condamne dans les termes les plus fermes l\u2019assassinat d\u2019un grand nombre de civils \u00e0 Kishishe et Bambo (\u2026) Les auteurs de ce massacre ne pourront rester impunis&nbsp;\u00bb, ajoute la diplomatie belge.<\/p>\n\n\n\n<p>De son c\u00f4t\u00e9, la Commission europ\u00e9enne a indiqu\u00e9 jeudi \u00ab&nbsp;condamner fermement&nbsp;\u00bb le massacre de civils, tout en rappelant \u00ab&nbsp;son soutien sans faille aux efforts diplomatiques r\u00e9gionaux&nbsp;\u00bb.<\/p>\n\n\n\n<p>\u00ab&nbsp;Les accords sign\u00e9s doivent \u00eatre mis en oeuvre sans d\u00e9lai. Les groupes arm\u00e9s doivent mettre fin \u00e0 leurs actions, se retirer des zones qu\u2019ils occupent et d\u00e9poser les armes. Toutes les formes d\u2019appui \u00e0 ces diff\u00e9rents groupes doivent cesser imm\u00e9diatement&nbsp;\u00bb, a indiqu\u00e9 une porte-parole de la diplomatie de l\u2019UE dans un communiqu\u00e9, sans livrer de d\u00e9tails.<\/p>\n<div style=\"text-align:center\" class=\"wps-pgfw-pdf-generate-icon__wrapper-frontend\">\n\t\t<a href=\"https:\/\/congokin.blog?action=genpdf&amp;id=10926\" class=\"pgfw-single-pdf-download-button\" ><img src=\"https:\/\/congokin.blog\/wp-content\/plugins\/pdf-generator-for-wp\/admin\/src\/images\/PDF_Tray.svg\" title=\"G\u00e9n\u00e9rer un PDF\" style=\"width:auto; height:45px;\"><\/a>\n\t\t<\/div>","protected":false},"excerpt":{"rendered":"<p>Massacre en RDC: la Belgique appelle le Rwanda \u00ab\u00e0 cesser toute assistance\u00bb au M23 Au moins 131 civils, dont 17 femmes et 12 enfants, ont \u00e9t\u00e9 ex\u00e9cut\u00e9s arbitrairement par balle ou \u00e0 l\u2019arme blanche fin novembre dans deux villages de l\u2019est de la RDC, selon une enqu\u00eate de l\u2019ONU rendue publique jeudi. Par AFPPubli\u00e9 le [&hellip;]<\/p>\n","protected":false},"author":8,"featured_media":0,"comment_status":"open","ping_status":"closed","sticky":false,"template":"","format":"standard","meta":{"footnotes":""},"categories":[1],"tags":[],"class_list":["post-10926","post","type-post","status-publish","format-standard","hentry","category-uncategorized"],"_links":{"self":[{"href":"https:\/\/congokin.blog\/index.php?rest_route=\/wp\/v2\/posts\/10926","targetHints":{"allow":["GET"]}}],"collection":[{"href":"https:\/\/congokin.blog\/index.php?rest_route=\/wp\/v2\/posts"}],"about":[{"href":"https:\/\/congokin.blog\/index.php?rest_route=\/wp\/v2\/types\/post"}],"author":[{"embeddable":true,"href":"https:\/\/congokin.blog\/index.php?rest_route=\/wp\/v2\/users\/8"}],"replies":[{"embeddable":true,"href":"https:\/\/congokin.blog\/index.php?rest_route=%2Fwp%2Fv2%2Fcomments&post=10926"}],"version-history":[{"count":1,"href":"https:\/\/congokin.blog\/index.php?rest_route=\/wp\/v2\/posts\/10926\/revisions"}],"predecessor-version":[{"id":10927,"href":"https:\/\/congokin.blog\/index.php?rest_route=\/wp\/v2\/posts\/10926\/revisions\/10927"}],"wp:attachment":[{"href":"https:\/\/congokin.blog\/index.php?rest_route=%2Fwp%2Fv2%2Fmedia&parent=10926"}],"wp:term":[{"taxonomy":"category","embeddable":true,"href":"https:\/\/congokin.blog\/index.php?rest_route=%2Fwp%2Fv2%2Fcategories&post=10926"},{"taxonomy":"post_tag","embeddable":true,"href":"https:\/\/congokin.blog\/index.php?rest_route=%2Fwp%2Fv2%2Ftags&post=10926"}],"curies":[{"name":"wp","href":"https:\/\/api.w.org\/{rel}","templated":true}]}}