{"id":10930,"date":"2022-12-10T05:03:39","date_gmt":"2022-12-10T05:03:39","guid":{"rendered":"https:\/\/congokin.blog\/?p=10930"},"modified":"2022-12-10T05:03:48","modified_gmt":"2022-12-10T05:03:48","slug":"un-belge-complice-de-museni-dans-la-contrebande-de-lor-congolais-sanctionne-par-lunion-europeenne","status":"publish","type":"post","link":"https:\/\/congokin.blog\/?p=10930","title":{"rendered":"Un Belge complice de Museveni  dans la contrebande de l&rsquo;Or congolais sanctionn\u00e9 par l\u2019Union europ\u00e9enne"},"content":{"rendered":"\n<h1 class=\"wp-block-heading\">RDC : Un Belge sanctionn\u00e9 par l\u2019Union europ\u00e9enne<\/h1>\n\n\n\n<ul class=\"wp-block-list\">\n<li>Dans\u00a0Rwanda<\/li>\n\n\n\n<li>9 d\u00e9cembre 2022<\/li>\n\n\n\n<li>Hubert Leclercq<\/li>\n\n\n\n<li>222 Vues<\/li>\n<\/ul>\n\n\n\n<figure class=\"wp-block-image is-style-zoooom\"><a href=\"https:\/\/afrique.lalibre.be\/app\/uploads\/2022\/12\/Goetz-787x508.jpg\"><img decoding=\"async\" src=\"https:\/\/afrique.lalibre.be\/app\/uploads\/2022\/12\/Goetz-690x450.jpg\" alt=\"RDC : Un Belge sanctionn\u00e9 par l\u2019Union europ\u00e9enne\" title=\"\"\/><\/a><\/figure>\n\n\n\n<h3 class=\"wp-block-heading\">L\u2019homme d\u2019affaires belge Alain Goetz, accus\u00e9 de tirer profit de l\u2019exploitation illicite de mines d\u2019or en R\u00e9publique d\u00e9mocratique du Congo, a \u00e9t\u00e9 ajout\u00e9 ce jeudi 8&nbsp;d\u00e9cembre \u00e0 la liste des sanctions de l\u2019Union europ\u00e9enne, a annonc\u00e9 le Conseil de l\u2019UE.<\/h3>\n\n\n\n<p>Les \u00c9tats membres ont d\u00e9cid\u00e9 d\u2019ajouter huit noms \u00e0 la liste des personnes faisant l\u2019objet de mesures restrictives en raison de la situation en R\u00e9publique d\u00e9mocratique du Congo, en plus d\u2019une prorogation des mesures restrictives existantes pour une dur\u00e9e d\u2019un an.<\/p>\n\n\n\n<p>L\u2019Anversois Alain Goetz, ex-directeur de la soci\u00e9t\u00e9 African Gold Refinery Ltd. (Ouganda), d\u00e9j\u00e0 sanctionn\u00e9 par les \u00c9tats-Unis en mars dernier, est toujours b\u00e9n\u00e9ficiaire effectif de cette soci\u00e9t\u00e9.<\/p>\n\n\n\n<p>\u201dL\u2019or du conflit constitue la principale source de revenus pour les groupes arm\u00e9s dans l\u2019est de la RDC, o\u00f9 ils contr\u00f4lent les mines et exploitent les mineurs\u201d, avait alors d\u00e9clar\u00e9 Brian Nelson, le secr\u00e9taire adjoint au Tr\u00e9sor am\u00e9ricain charg\u00e9 du terrorisme et du renseignement financier, avant d\u2019ajouter\u200a: \u201cMonsieur Goetz et son r\u00e9seau ont contribu\u00e9 au conflit arm\u00e9 en recevant de l\u2019or de la RDC sans remettre en question son origine\u201d. Le communiqu\u00e9 du Tr\u00e9sor am\u00e9ricain expliquait encore \u201cque le r\u00e9seau de Goetz fournit de l\u2019or du Congo, du Kenya, du Soudan du Sud et de Tanzanie. Il exploite AGR en Ouganda, ainsi que des soci\u00e9t\u00e9s aux \u00c9mirats Arabes Unis qui re\u00e7oivent de l\u2019or ill\u00e9gal provenant de mines situ\u00e9es dans des r\u00e9gions de la RDC contr\u00f4l\u00e9es par des groupes arm\u00e9s\u201d.<\/p>\n\n\n\n<p>Ce jeudi, l\u2019Union europ\u00e9enne explique que \u201cDepuis 2016, African Gold Refinery Ltd. a re\u00e7u, achet\u00e9, raffin\u00e9 et commercialis\u00e9 de l\u2019or illicite provenant de mines en RDC contr\u00f4l\u00e9es par des groupes arm\u00e9s non gouvernementaux, dont les Ma\u00ef-Ma\u00ef Yakutumba et les Ra\u00efa Mutomboki, qui sont impliqu\u00e9s dans des activit\u00e9s de d\u00e9stabilisation dans la province du Sud-Kivu. Alain Goetz tire donc profit du conflit arm\u00e9, de l\u2019instabilit\u00e9 ou de l\u2019ins\u00e9curit\u00e9 en RDC en se livrant \u00e0 l\u2019exploitation et au commerce illicites de ressources naturelles\u201d.<\/p>\n\n\n\n<p><strong>8,5 tonnes par an<\/strong><\/p>\n\n\n\n<p>Plusieurs organisations non gouvernementales ont d\u00e9nonc\u00e9 ces derni\u00e8res ann\u00e9es les activit\u00e9s des raffineries de ce r\u00e9seau et leur recours \u00e0 de l\u2019or qui finance les conflits en RDC. En 2018, selon des documents am\u00e9ricains, \u201cAlain Goetz a reconnu qu\u2019AGR raffine environ 150 kilogrammes d\u2019or de la RDC chaque semaine, soit environ 8,5 tonnes par an, d\u2019une valeur de 496&nbsp;millions de dollars, repr\u00e9sentant la quasi-totalit\u00e9 des exportations totales d\u2019or de l\u2019Ouganda\u201d.<\/p>\n\n\n\n<p>Comme les autres personnes list\u00e9es, l\u2019homme est d\u00e9sormais interdit de p\u00e9n\u00e9trer sur le territoire de l\u2019UE et ses avoirs \u00e9ventuels y sont gel\u00e9s. En outre, il est interdit aux citoyens et aux entreprises de l\u2019UE de mettre des fonds \u00e0 la disposition des personnes inscrites sur la liste.<\/p>\n\n\n\n<p>Parmi les autres individus list\u00e9s figurent cinq membres de diff\u00e9rents groupes arm\u00e9s (M23, ADF, Codeco, FDLR et Ma\u00ef-Ma\u00ef Yakutumba), ainsi qu\u2019un membre de l\u2019arm\u00e9e congolaise et un homme politique congolais, l\u2019ancien ministre Justin Bitakwira. Ce dernier est cit\u00e9 pour incitation \u00e0 la violence dans des \u201cdiscours incendiaires\u201d et pour avoir encourag\u00e9 la discrimination et l\u2019hostilit\u00e9 \u00e0 l\u2019\u00e9gard de la communaut\u00e9 Banyamulenge.<\/p>\n\n\n\n<p>Au total, 17 personnes font d\u00e9sormais l\u2019objet de mesures restrictives de l\u2019UE.<\/p>\n\n\n\n<p>La d\u00e9cision s\u2019inscrit dans le cadre d\u2019un soutien de l\u2019Union europ\u00e9enne aux \u201cefforts d\u00e9ploy\u00e9s par les autorit\u00e9s de la R\u00e9publique d\u00e9mocratique du Congo pour instaurer une paix durable et stabiliser la partie est du pays.\u201d<\/p>\n<div style=\"text-align:center\" class=\"wps-pgfw-pdf-generate-icon__wrapper-frontend\">\n\t\t<a href=\"https:\/\/congokin.blog?action=genpdf&amp;id=10930\" class=\"pgfw-single-pdf-download-button\" ><img src=\"https:\/\/congokin.blog\/wp-content\/plugins\/pdf-generator-for-wp\/admin\/src\/images\/PDF_Tray.svg\" title=\"G\u00e9n\u00e9rer un PDF\" style=\"width:auto; height:45px;\"><\/a>\n\t\t<\/div>","protected":false},"excerpt":{"rendered":"<p>RDC : Un Belge sanctionn\u00e9 par l\u2019Union europ\u00e9enne L\u2019homme d\u2019affaires belge Alain Goetz, accus\u00e9 de tirer profit de l\u2019exploitation illicite de mines d\u2019or en R\u00e9publique d\u00e9mocratique du Congo, a \u00e9t\u00e9 ajout\u00e9 ce jeudi 8&nbsp;d\u00e9cembre \u00e0 la liste des sanctions de l\u2019Union europ\u00e9enne, a annonc\u00e9 le Conseil de l\u2019UE. Les \u00c9tats membres ont d\u00e9cid\u00e9 d\u2019ajouter huit [&hellip;]<\/p>\n","protected":false},"author":8,"featured_media":0,"comment_status":"open","ping_status":"closed","sticky":false,"template":"","format":"standard","meta":{"footnotes":""},"categories":[1],"tags":[],"class_list":["post-10930","post","type-post","status-publish","format-standard","hentry","category-uncategorized"],"_links":{"self":[{"href":"https:\/\/congokin.blog\/index.php?rest_route=\/wp\/v2\/posts\/10930","targetHints":{"allow":["GET"]}}],"collection":[{"href":"https:\/\/congokin.blog\/index.php?rest_route=\/wp\/v2\/posts"}],"about":[{"href":"https:\/\/congokin.blog\/index.php?rest_route=\/wp\/v2\/types\/post"}],"author":[{"embeddable":true,"href":"https:\/\/congokin.blog\/index.php?rest_route=\/wp\/v2\/users\/8"}],"replies":[{"embeddable":true,"href":"https:\/\/congokin.blog\/index.php?rest_route=%2Fwp%2Fv2%2Fcomments&post=10930"}],"version-history":[{"count":2,"href":"https:\/\/congokin.blog\/index.php?rest_route=\/wp\/v2\/posts\/10930\/revisions"}],"predecessor-version":[{"id":10932,"href":"https:\/\/congokin.blog\/index.php?rest_route=\/wp\/v2\/posts\/10930\/revisions\/10932"}],"wp:attachment":[{"href":"https:\/\/congokin.blog\/index.php?rest_route=%2Fwp%2Fv2%2Fmedia&parent=10930"}],"wp:term":[{"taxonomy":"category","embeddable":true,"href":"https:\/\/congokin.blog\/index.php?rest_route=%2Fwp%2Fv2%2Fcategories&post=10930"},{"taxonomy":"post_tag","embeddable":true,"href":"https:\/\/congokin.blog\/index.php?rest_route=%2Fwp%2Fv2%2Ftags&post=10930"}],"curies":[{"name":"wp","href":"https:\/\/api.w.org\/{rel}","templated":true}]}}