{"id":10935,"date":"2022-12-10T14:16:16","date_gmt":"2022-12-10T14:16:16","guid":{"rendered":"https:\/\/congokin.blog\/?p=10935"},"modified":"2022-12-10T14:16:17","modified_gmt":"2022-12-10T14:16:17","slug":"lambassadeur-russe-alexey-sentebov-recu-par-le-chef-de-letat-felix-tshisekedi","status":"publish","type":"post","link":"https:\/\/congokin.blog\/?p=10935","title":{"rendered":"L\u2019ambassadeur russe Alexey Sentebov re\u00e7u par le chef de l\u2019\u00c9tat F\u00e9lix Tshisekedi"},"content":{"rendered":"\n<h1 class=\"wp-block-heading\">L\u2019ambassadeur russe Alexey Sentebov re\u00e7u par le chef de l\u2019\u00c9tat F\u00e9lix Tshisekedi<\/h1>\n\n\n\n<p>09.12.<\/p>\n\n\n\n<p><a href=\"https:\/\/www.mediacongo.net\/articles-actualite-0_.html\"><\/a><\/p>\n\n\n\n<p>Ajouter aux favoris<\/p>\n\n\n\n<figure class=\"wp-block-image is-style-zoooom\"><img decoding=\"async\" src=\"https:\/\/www.mediacongo.net\/cache\/alexey_sentebov_chez_felix_tshisekedi_220_jpg_711_473_1.jpeg\" alt=\"-\"\/><\/figure>\n\n\n\n<p>Alexey Sentebov, Ambassadeur de la F\u00e9d\u00e9ration de Russie en RDC re\u00e7u par le pr\u00e9sident F\u00e9lix Tshisekedi<\/p>\n\n\n\n<p>Le Chef de l\u2019\u00c9tat, F\u00e9lix-Antoine Tshisekedi Tshilombo, a accord\u00e9 une audience \u00e0 M. Alexey Sentebov, Ambassadeur de la F\u00e9d\u00e9ration de Russie en R\u00e9publique D\u00e9mocratique du Congo, ce vendredi 9 d\u00e9cembre 2022 \u00e0 Kinshasa, venu lui exprimer toute la compassion du Pr\u00e9sident Poutine suite au massacre de Kishishe (Nord-Kivu).<\/p>\n\n\n\n<figure class=\"wp-block-image is-style-zoooom\"><img decoding=\"async\" src=\"https:\/\/pbs.twimg.com\/media\/FjjDvqbXkAEVaXw?format=jpg&amp;name=large\" alt=\"\"\/><\/figure>\n\n\n\n<p>Le Diplomate russe a aussi \u00e9voqu\u00e9, au cours de cette audience, des questions relatives \u00e0 la coop\u00e9ration bilat\u00e9rale entre les deux \u00c9tats, notamment les accords dans le domaine de l\u2019\u00e9ducation.<\/p>\n\n\n\n<p>L\u2019Ambassadeur Sentebov s\u2019est exprim\u00e9, de mani\u00e8re claire, au sujet de l\u2019agression de la RDC par le Rwanda en pr\u00e9sentant la position russe, qui condamne toute atteinte \u00e0 l\u2019int\u00e9grit\u00e9 territoriale de la RDC.<\/p>\n\n\n\n<p><img loading=\"lazy\" decoding=\"async\" src=\"https:\/\/pbs.twimg.com\/media\/FjjDvqeXEAYHNoJ?format=jpg&amp;name=large\" alt=\"\" width=\"500\" height=\"323\"><br>Alexey Sentebov<\/p>\n\n\n\n<p>Rappelons que le lundi dernier, la Russie avait adress\u00e9 un message de compassion aux autorit\u00e9s congolaises, \u00e0 la suite du massacre par le M23, groupe arm\u00e9 rwandais dans l\u2019est de la R\u00e9publique d\u00e9mocratique du Congo (RDC), en date du 29 novembre, de 120 civils dans le village de Kishishe, territoire de Rusthuru, province du Nord-Kivu.<\/p>\n\n\n\n<p>\u201cNous condamnons fermement cet acte de violence barbare et pr\u00e9sentons nos sinc\u00e8res condol\u00e9ances au peuple congolais ami. Nous sommes convaincus que l\u2019extermination inhumaine de civils doit faire l\u2019objet d\u2019une enqu\u00eate approfondie et que les monstres qui l\u2019ont commise doivent \u00eatre s\u00e9v\u00e8rement punis.<\/p>\n\n\n\n<p>Les \u00e9v\u00e9nements de Kishishe confirment une fois de plus la pr\u00e9sence de nombreux probl\u00e8mes de s\u00e9curit\u00e9 dans l\u2019Est de la RDC, posent la question de la n\u00e9cessit\u00e9 de prendre des mesures suppl\u00e9mentaires visant \u00e0 enrayer les activit\u00e9s criminelles des groupes arm\u00e9s ill\u00e9gaux, ainsi qu\u2019\u00e0 am\u00e9liorer la situation humanitaire et socio-\u00e9conomique de la population\u201d, avait \u00e9crit la diplomatie russe dans un communiqu\u00e9.<\/p>\n\n\n\n<p><strong><br>Le Hautpanel \/ MCP, via mediacongo.net<\/strong><\/p>\n<div style=\"text-align:center\" class=\"wps-pgfw-pdf-generate-icon__wrapper-frontend\">\n\t\t<a href=\"https:\/\/congokin.blog?action=genpdf&amp;id=10935\" class=\"pgfw-single-pdf-download-button\" ><img src=\"https:\/\/congokin.blog\/wp-content\/plugins\/pdf-generator-for-wp\/admin\/src\/images\/PDF_Tray.svg\" title=\"G\u00e9n\u00e9rer un PDF\" style=\"width:auto; height:45px;\"><\/a>\n\t\t<\/div>","protected":false},"excerpt":{"rendered":"<p>L\u2019ambassadeur russe Alexey Sentebov re\u00e7u par le chef de l\u2019\u00c9tat F\u00e9lix Tshisekedi 09.12. Ajouter aux favoris Alexey Sentebov, Ambassadeur de la F\u00e9d\u00e9ration de Russie en RDC re\u00e7u par le pr\u00e9sident F\u00e9lix Tshisekedi Le Chef de l\u2019\u00c9tat, F\u00e9lix-Antoine Tshisekedi Tshilombo, a accord\u00e9 une audience \u00e0 M. Alexey Sentebov, Ambassadeur de la F\u00e9d\u00e9ration de Russie en R\u00e9publique [&hellip;]<\/p>\n","protected":false},"author":8,"featured_media":0,"comment_status":"open","ping_status":"closed","sticky":false,"template":"","format":"standard","meta":{"footnotes":""},"categories":[1],"tags":[],"class_list":["post-10935","post","type-post","status-publish","format-standard","hentry","category-uncategorized"],"_links":{"self":[{"href":"https:\/\/congokin.blog\/index.php?rest_route=\/wp\/v2\/posts\/10935","targetHints":{"allow":["GET"]}}],"collection":[{"href":"https:\/\/congokin.blog\/index.php?rest_route=\/wp\/v2\/posts"}],"about":[{"href":"https:\/\/congokin.blog\/index.php?rest_route=\/wp\/v2\/types\/post"}],"author":[{"embeddable":true,"href":"https:\/\/congokin.blog\/index.php?rest_route=\/wp\/v2\/users\/8"}],"replies":[{"embeddable":true,"href":"https:\/\/congokin.blog\/index.php?rest_route=%2Fwp%2Fv2%2Fcomments&post=10935"}],"version-history":[{"count":1,"href":"https:\/\/congokin.blog\/index.php?rest_route=\/wp\/v2\/posts\/10935\/revisions"}],"predecessor-version":[{"id":10936,"href":"https:\/\/congokin.blog\/index.php?rest_route=\/wp\/v2\/posts\/10935\/revisions\/10936"}],"wp:attachment":[{"href":"https:\/\/congokin.blog\/index.php?rest_route=%2Fwp%2Fv2%2Fmedia&parent=10935"}],"wp:term":[{"taxonomy":"category","embeddable":true,"href":"https:\/\/congokin.blog\/index.php?rest_route=%2Fwp%2Fv2%2Fcategories&post=10935"},{"taxonomy":"post_tag","embeddable":true,"href":"https:\/\/congokin.blog\/index.php?rest_route=%2Fwp%2Fv2%2Ftags&post=10935"}],"curies":[{"name":"wp","href":"https:\/\/api.w.org\/{rel}","templated":true}]}}