{"id":10937,"date":"2022-12-10T19:01:51","date_gmt":"2022-12-10T19:01:51","guid":{"rendered":"https:\/\/congokin.blog\/?p=10937"},"modified":"2022-12-10T19:01:52","modified_gmt":"2022-12-10T19:01:52","slug":"rdc-felix-tshisekedi-denonce-des-velleites-expansionnistes-du-rwanda","status":"publish","type":"post","link":"https:\/\/congokin.blog\/?p=10937","title":{"rendered":"RDC : F\u00e9lix Tshisekedi d\u00e9nonce des \u00ab\u00a0vell\u00e9it\u00e9s expansionnistes\u00a0\u00bb du Rwanda"},"content":{"rendered":"\n<p>POLITIQUE<\/p>\n\n\n\n<h1 class=\"wp-block-heading\">RDC : F\u00e9lix Tshisekedi d\u00e9nonce des \u00ab&nbsp;vell\u00e9it\u00e9s expansionnistes&nbsp;\u00bb du Rwanda<\/h1>\n\n\n\n<h2 class=\"wp-block-heading\">Le pr\u00e9sident congolais F\u00e9lix Tshisekedi a fustig\u00e9 samedi 10 d\u00e9cembre des \u00ab&nbsp;vell\u00e9it\u00e9s expansionnistes du Rwanda&nbsp;\u00bb, qu\u2019il a de nouveau accus\u00e9 de soutenir le M23.<\/h2>\n\n\n\n<p>10 d\u00e9cembre 2022 \u00e0 16:59<\/p>\n\n\n\n<p>Par&nbsp;<em>Jeune Afrique<\/em><\/p>\n\n\n\n<p>Mis \u00e0 jour le 10 d\u00e9cembre 2022 \u00e0 16:59<\/p>\n\n\n\n<figure class=\"wp-block-image is-style-zoooom\"><img decoding=\"async\" src=\"https:\/\/www.jeuneafrique.com\/cdn-cgi\/image\/q=100,f=auto,metadata=none,width=1256,height=628\/https:\/\/www.jeuneafrique.com\/medias\/2022\/09\/02\/jad20220902-ass-rdc-tshisekedi-photo2-1256x628-1670687215.jpg\" alt=\"\"\/><figcaption class=\"wp-element-caption\">L\u2019UDPS, le parti du pr\u00e9sident F\u00e9lix Tshisekedi (ici le 8 avril 2022), est en proie \u00e0 de violentes divisions intestines. \u00a9 Tchandrou Nitanga\/AFP<\/figcaption><\/figure>\n\n\n\n<p>\u00ab&nbsp;L\u2019ann\u00e9e 2022 a \u00e9t\u00e9 le t\u00e9moin de la r\u00e9surgence des vell\u00e9it\u00e9s expansionnistes du Rwanda sous couvert du M23&nbsp;\u00bb, a d\u00e9clar\u00e9 le chef de l\u2019\u00c9tat lors de son discours sur l\u2019\u00e9tat de la nation prononc\u00e9 devant les deux chambres du Parlement r\u00e9unies en congr\u00e8s.<\/p>\n\n\n\n<p>La RDC est victime d\u2019une \u00ab&nbsp;agression sans \u00e9quivoque par le Rwanda&nbsp;\u00bb, a-t-il insist\u00e9. Depuis pr\u00e8s de 30 ans, l\u2019est congolais est en proie aux violences en raison de la pr\u00e9sence de nombreux&nbsp;groupes&nbsp;arm\u00e9s \u00ab&nbsp;dans l\u2019indiff\u00e9rence quasi totale de la communaut\u00e9 internationale&nbsp;\u00bb, a estim\u00e9&nbsp;<a href=\"https:\/\/www.jeuneafrique.com\/1391308\/politique\/rdc-maitres-espions-generaux-emissaires-avec-qui-felix-tshisekedi-gere-t-il-la-crise-du-m23\/\">F\u00e9lix Tshisekedi.<\/a><\/p>\n\n\n\n<h2 class=\"wp-block-heading\">Massacre<\/h2>\n\n\n\n<p>Le M23 (\u00ab&nbsp;Mouvement du 23 mars&nbsp;\u00bb) a repris les armes en fin d\u2019ann\u00e9e derni\u00e8re et conquis de larges portions d\u2019un territoire du nord de Goma, la capitale provinciale du Nord-Kivu. Depuis, la RDC accuse son voisin rwandais de soutenir le M23, ce qu\u2019ont \u00e9tabli des experts de l\u2019ONU. Mais Kigali d\u00e9ment,&nbsp;<a href=\"https:\/\/www.jeuneafrique.com\/1397192\/politique\/rdc-rwanda-kagame-accuse-tshisekedi-dutiliser-la-crise-du-m23-pour-retarder-la-presidentielle\/\">accusant en retour Kinshasa<\/a>&nbsp;de collusion avec les FDLR, un mouvement constitu\u00e9 par certains auteurs du g\u00e9nocide des Tutsi en 1994 au Rwanda.\u00c0 LIRE<a href=\"https:\/\/www.jeuneafrique.com\/1398919\/politique\/rdc-au-debut-felix-tshisekedi-a-propose-au-m23-dintegrer-les-fardc\/\">RDC : \u00ab&nbsp;Au d\u00e9but, F\u00e9lix Tshisekedi a propos\u00e9 au M23 d\u2019int\u00e9grer les FARDC&nbsp;\u00bb<\/a><\/p>\n\n\n\n<p>Une enqu\u00eate pr\u00e9liminaire de l\u2019ONU rendue publique jeudi impute&nbsp;<a href=\"https:\/\/www.jeuneafrique.com\/1397871\/politique\/massacre-dans-lest-de-la-rdc-deuil-national-plus-dune-centaine-de-morts-selon-kinshasa\/\">un massacre d\u2019au moins 131 civils<\/a>&nbsp;(dont 17 femmes et 12 enfants), au M23. Selon cette enqu\u00eate, les victimes ont \u00e9t\u00e9 ex\u00e9cut\u00e9es arbitrairement par balle ou \u00e0 l\u2019arme blanche fin novembre \u00e0 Kishishe et Bambo, deux villages dans l\u2019est de la RDC.<\/p>\n\n\n\n<h2 class=\"wp-block-heading\">\u00c9lection<\/h2>\n\n\n\n<p>Les relations d\u00e9j\u00e0 conflictuelles entre&nbsp;la&nbsp;RDC et le Rwanda se sont d\u00e9grad\u00e9es. Parmi les diff\u00e9rentes initiatives diplomatiques lanc\u00e9es pour tenter de r\u00e9soudre cette crise, un sommet organis\u00e9 le 23 novembre \u00e0 Luanda avait d\u00e9cid\u00e9 d\u2019un cessez-le-feu le 25 au soir, suivi deux jours plus tard d\u2019un retrait du M23 des zones conquises. Faute de quoi, la force r\u00e9gionale est-africaine en cours de d\u00e9ploiement dans le Nord-Kivu interviendrait pour d\u00e9loger les rebelles. Mais jusqu\u2019\u00e0 pr\u00e9sent, ces derniers gardent les positions conquises.\u00c0 LIRE<a href=\"https:\/\/www.jeuneafrique.com\/1398685\/politique\/est-de-la-rdc-le-kenya-et-le-spectre-de-lenlisement\/\">Est de la RDC : le Kenya et le spectre de l\u2019enlisement<\/a><\/p>\n\n\n\n<p>F\u00e9lix Tshisekedi a, par ailleurs, affirm\u00e9 que l\u2019ann\u00e9e 2023 sera essentiellement \u00e9lectorale. La pr\u00e9sidentielle<a href=\"https:\/\/www.jeuneafrique.com\/1396274\/politique\/rdc-lelection-presidentielle-fixee-au-20-decembre-2023\/\">&nbsp;est fix\u00e9e au 20 d\u00e9cembre 2023<\/a>, et le pr\u00e9sident congolais a d\u00e9j\u00e0 exprim\u00e9 son intention de se repr\u00e9senter.<\/p>\n\n\n\n<p>\u00ab&nbsp;Le respect des cycles \u00e9lectoraux demeure une exigence pour la consolidation de notre jeune d\u00e9mocratie encore fragile, a-t-il dit. Le gouvernement, tout en restant ouvert \u00e0 l\u2019accompagnement des partenaires (\u2026), finance \u00e0 100% l\u2019organisation&nbsp;des&nbsp;\u00e9lections&nbsp;\u00bb.<\/p>\n\n\n\n<p><strong>(Avec AFP)<\/strong><\/p>\n<div style=\"text-align:center\" class=\"wps-pgfw-pdf-generate-icon__wrapper-frontend\">\n\t\t<a href=\"https:\/\/congokin.blog?action=genpdf&amp;id=10937\" class=\"pgfw-single-pdf-download-button\" ><img src=\"https:\/\/congokin.blog\/wp-content\/plugins\/pdf-generator-for-wp\/admin\/src\/images\/PDF_Tray.svg\" title=\"G\u00e9n\u00e9rer un PDF\" style=\"width:auto; height:45px;\"><\/a>\n\t\t<\/div>","protected":false},"excerpt":{"rendered":"<p>POLITIQUE RDC : F\u00e9lix Tshisekedi d\u00e9nonce des \u00ab&nbsp;vell\u00e9it\u00e9s expansionnistes&nbsp;\u00bb du Rwanda Le pr\u00e9sident congolais F\u00e9lix Tshisekedi a fustig\u00e9 samedi 10 d\u00e9cembre des \u00ab&nbsp;vell\u00e9it\u00e9s expansionnistes du Rwanda&nbsp;\u00bb, qu\u2019il a de nouveau accus\u00e9 de soutenir le M23. 10 d\u00e9cembre 2022 \u00e0 16:59 Par&nbsp;Jeune Afrique Mis \u00e0 jour le 10 d\u00e9cembre 2022 \u00e0 16:59 \u00ab&nbsp;L\u2019ann\u00e9e 2022 a \u00e9t\u00e9 [&hellip;]<\/p>\n","protected":false},"author":8,"featured_media":0,"comment_status":"open","ping_status":"closed","sticky":false,"template":"","format":"standard","meta":{"footnotes":""},"categories":[1],"tags":[],"class_list":["post-10937","post","type-post","status-publish","format-standard","hentry","category-uncategorized"],"_links":{"self":[{"href":"https:\/\/congokin.blog\/index.php?rest_route=\/wp\/v2\/posts\/10937","targetHints":{"allow":["GET"]}}],"collection":[{"href":"https:\/\/congokin.blog\/index.php?rest_route=\/wp\/v2\/posts"}],"about":[{"href":"https:\/\/congokin.blog\/index.php?rest_route=\/wp\/v2\/types\/post"}],"author":[{"embeddable":true,"href":"https:\/\/congokin.blog\/index.php?rest_route=\/wp\/v2\/users\/8"}],"replies":[{"embeddable":true,"href":"https:\/\/congokin.blog\/index.php?rest_route=%2Fwp%2Fv2%2Fcomments&post=10937"}],"version-history":[{"count":1,"href":"https:\/\/congokin.blog\/index.php?rest_route=\/wp\/v2\/posts\/10937\/revisions"}],"predecessor-version":[{"id":10938,"href":"https:\/\/congokin.blog\/index.php?rest_route=\/wp\/v2\/posts\/10937\/revisions\/10938"}],"wp:attachment":[{"href":"https:\/\/congokin.blog\/index.php?rest_route=%2Fwp%2Fv2%2Fmedia&parent=10937"}],"wp:term":[{"taxonomy":"category","embeddable":true,"href":"https:\/\/congokin.blog\/index.php?rest_route=%2Fwp%2Fv2%2Fcategories&post=10937"},{"taxonomy":"post_tag","embeddable":true,"href":"https:\/\/congokin.blog\/index.php?rest_route=%2Fwp%2Fv2%2Ftags&post=10937"}],"curies":[{"name":"wp","href":"https:\/\/api.w.org\/{rel}","templated":true}]}}