{"id":10974,"date":"2022-12-14T21:34:12","date_gmt":"2022-12-14T21:34:12","guid":{"rendered":"https:\/\/congokin.blog\/?p=10974"},"modified":"2022-12-14T21:34:12","modified_gmt":"2022-12-14T21:34:12","slug":"usa-rdc-nous-avons-demande-la-cessation-du-denigrement-de-la-mission-de-lonu-et-de-discours-de-haine","status":"publish","type":"post","link":"https:\/\/congokin.blog\/?p=10974","title":{"rendered":"USA-RDC: Nous avons demand\u00e9  la cessation du d\u00e9nigrement de la mission de l&rsquo;ONU et  de discours de haine\u00a0"},"content":{"rendered":"\n<p>POLITIQUE<\/p>\n\n\n\n<h1 class=\"wp-block-heading\">\u00c9tats-Unis \u2013 Afrique : \u00ab&nbsp;Les rumeurs sur le d\u00e9ploiement de Wagner au Burkina Faso nous pr\u00e9occupent&nbsp;\u00bb<\/h1>\n\n\n\n<h2 class=\"wp-block-heading\">Influence russe sur le continent, rivalit\u00e9 avec la Chine, crise RDC-Rwanda\u2026 Alors que le sommet \u00c9tats-Unis \u2013 Afrique s\u2019est ouvert le 13 d\u00e9cembre, Linda Thomas-Greenfield, l\u2019ambassadrice am\u00e9ricaine aupr\u00e8s de l\u2019ONU, revient sur plusieurs dossiers chauds.<\/h2>\n\n\n\n<p>14 d\u00e9cembre 2022 \u00e0 16:05<\/p>\n\n\n\n<p>Par&nbsp;<a href=\"https:\/\/www.jeuneafrique.com\/auteurs\/romain.gras\/\">Romain Gras<\/a>&nbsp;et&nbsp;<a href=\"https:\/\/www.jeuneafrique.com\/auteurs\/j.pecquet\/\">Julian Pecquet<\/a>&nbsp;&#8211; \u00e0 Washington<\/p>\n\n\n\n<p>Mis \u00e0 jour le 14 d\u00e9cembre 2022 \u00e0 16:05<\/p>\n\n\n\n<figure class=\"wp-block-image is-style-zoooom\"><img decoding=\"async\" src=\"https:\/\/www.jeuneafrique.com\/cdn-cgi\/image\/q=100,f=auto,metadata=none,width=1256,height=628\/https:\/\/www.jeuneafrique.com\/medias\/2022\/12\/14\/jad20221214-ass-questionsa-lindathomasgreenfield-photo2-1256x628-1671021387.jpg\" alt=\"\"\/><figcaption class=\"wp-element-caption\">Linda Thomas-Greenfield, l\u2019ambassadrice des \u00c9tats-Unis aupr\u00e8s de l\u2019ONU, \u00e0 Washington le 16 juin 2021. \u00a9 Jim Watson\/AFP<\/figcaption><\/figure>\n\n\n\n<p>En plus de trois d\u00e9cennies de carri\u00e8re dans la diplomatie am\u00e9ricaine,&nbsp;<a href=\"https:\/\/www.jeuneafrique.com\/1084121\/politique\/linda-thomas-greenfield-lex-madame-afrique-dobama-nommee-par-biden-a-lonu\/\">Linda Thomas-Greenfield<\/a>&nbsp;a pris l\u2019habitude de ces grands raouts o\u00f9 il faut savoir jongler entre r\u00e9unions bilat\u00e9rales, interventions publiques, poign\u00e9es de mains et interviews\u2026 De passage \u00e0 Washington le mardi 13 d\u00e9cembre pour le lancement de la deuxi\u00e8me \u00e9dition du sommet \u00c9tats-Unis \u2013 Afrique, l\u2019ambassadrice am\u00e9ricaine aupr\u00e8s des Nations unies retrouve un environnement qui lui est familier.\u00c0 LIRE<a href=\"https:\/\/www.jeuneafrique.com\/1399700\/politique\/sommet-etats-unis-afrique-joe-biden-teste-sa-nouvelle-strategie-africaine\/\">Sommet \u00c9tats-Unis \u2013 Afrique : Joe Biden teste sa nouvelle strat\u00e9gie africaine<\/a><\/p>\n\n\n\n<p>Car avant de repr\u00e9senter Joe Biden au Conseil de s\u00e9curit\u00e9 de l\u2019ONU, Linda Thomas-Greenfield a occup\u00e9 les fonctions de secr\u00e9taire d\u2019\u00c9tat adjointe aux affaires africaines sous la pr\u00e9sidence de Barack Obama (2013-2017). L\u2019apog\u00e9e d\u2019une carri\u00e8re pass\u00e9e en grande partie sur le continent africain, de Nairobi \u00e0 Accra en passant par Abuja et Monrovia, o\u00f9 elle a \u00e9t\u00e9 ambassadrice. Apr\u00e8s sa nomination \u00e0 l\u2019ONU en 2020, l\u2019ancienne pr\u00e9sidente du Liberia, Ellen Johnson Sirleaf, avait d\u2019ailleurs tenu \u00e0 f\u00e9liciter une \u00ab&nbsp;amie du Liberia et de l\u2019Afrique&nbsp;\u00bb.<\/p>\n\n\n\n<p>C\u2019est donc \u00e0 New York qu\u2019elle poursuit d\u00e9sormais sa carri\u00e8re, et son poste l\u2019am\u00e8ne \u00e0 intervenir dans de nombreux&nbsp;<a href=\"https:\/\/www.jeuneafrique.com\/1398098\/politique\/afrique-etats-unis-ce-que-ladministration-biden-pourrait-mettre-en-place-avec-lafrique\/\">dossiers africains cl\u00e9s pour l\u2019administration Biden,<\/a>&nbsp;qui tente de se repositionner sur le continent.<\/p>\n\n\n\n<p><strong>Jeune Afrique : En ao\u00fbt dernier, lors d\u2019une visite en Ouganda, vous avez averti les dirigeants africains qu\u2019ils s\u2019exposaient \u00e0 des probl\u00e8mes s\u2019ils ignoraient les sanctions contre la Russie. Comment l\u2019administration Biden concilie-t-elle cette campagne de pression sur Moscou&nbsp;<a href=\"https:\/\/www.jeuneafrique.com\/1323267\/politique\/ni-occident-ni-russie-lafrique-doit-developper-sa-propre-strategie\/\">avec le&nbsp;respect&nbsp;de la souverainet\u00e9 africaine<\/a>&nbsp;qu\u2019elle revendique&nbsp;?<\/strong><\/p>\n\n\n\n<p><strong>Linda Thomas-Greenfield :<\/strong>&nbsp;La question de l\u2019Ukraine est elle-m\u00eame une question de souverainet\u00e9. Il s\u2019agit du respect des fronti\u00e8res de l\u2019Ukraine et d\u2019une attaque brutale \u2013&nbsp;et non provoqu\u00e9e&nbsp;\u2013 de la Russie. Notre position depuis le d\u00e9but est que la Russie doit \u00eatre condamn\u00e9e pour cette agression qui va \u00e0 l\u2019encontre de la Charte des Nations unies. Il ne s\u2019agit pas de notre relation personnelle avec la Russie, mais des valeurs qui nous sont ch\u00e8res \u00e0 tous,&nbsp;<a href=\"https:\/\/www.jeuneafrique.com\/1384084\/politique\/russie-ukraine-en-diplomatie-lafrique-pese-ou-pas\/\">y compris aux pays africains.<\/a>\u00c0 LIRE<a href=\"https:\/\/www.jeuneafrique.com\/1399317\/politique\/afrique-etats-unis-un-sommet-et-dix-dossiers-chauds\/\">Afrique \u2013 \u00c9tats-Unis : un sommet et dix dossiers chauds<\/a><\/p>\n\n\n\n<p>C\u2019est cela, le message que j\u2019ai transmis aux dirigeants que j\u2019ai rencontr\u00e9s. Je ne les ai pas menac\u00e9s de sanctions, mais je leur ai parl\u00e9 de&nbsp;<a href=\"https:\/\/www.jeuneafrique.com\/1370710\/economie\/bles-russe-et-ukrainien-cinq-questions-pour-comprendre-la-dependance-de-lafrique\/\">l\u2019impact de cette guerre sur leurs propres \u00e9conomies<\/a>&nbsp;et de l\u2019importance pour nous de nous unir pour condamner la Russie afin qu\u2019elle mette fin \u00e0 cette attaque.<\/p>\n\n\n\n<p><strong>Les \u00c9tats-Unis font-ils pression sur le Conseil de s\u00e9curit\u00e9 pour qu\u2019il d\u00e9nonce \u2013&nbsp;et \u00e9ventuellement sanctionne&nbsp;\u2013 les pays qui ont recours&nbsp;<a href=\"https:\/\/www.jeuneafrique.com\/1374898\/politique\/russie-comment-wagner-compte-faire-main-basse-sur-des-mines-dor-au-mali\/\">au groupe paramilitaire Wagner&nbsp;?<\/a><\/strong><\/p>\n\n\n\n<p>J\u2019ai eu \u00e0 \u00e9changer avec les autorit\u00e9s centrafricaines et maliennes. Le Conseil de s\u00e9curit\u00e9 s\u2019est rendu l\u2019ann\u00e9e derni\u00e8re au Mali et nous avons fait part de nos inqui\u00e9tudes concernant le recours aux services de ce groupe de mercenaires par le gouvernement malien.<\/p>\n\n\n\n<p>Nous avons vu des rapports selon lesquels&nbsp;<a href=\"https:\/\/www.jeuneafrique.com\/1354772\/politique\/mali-quand-les-mercenaires-de-wagner-se-mettent-en-greve\/\">Wagner<\/a>&nbsp;a commis d\u2019horribles&nbsp;<a href=\"https:\/\/www.jeuneafrique.com\/1375152\/politique\/mali-a-nia-ouro-les-hommes-de-wagner-ont-arrache-les-pagnes-des-femmes-et-les-ont-violees\/\">violations des droits de l\u2019homme<\/a>&nbsp;contre les communaut\u00e9s dans les zones o\u00f9 il combat. Nous avons encourag\u00e9 le gouvernement \u00e0 reconsid\u00e9rer la relation qu\u2019il entretient avec lui, en tant que Conseil de s\u00e9curit\u00e9 mais aussi de mani\u00e8re bilat\u00e9rale avec le gouvernement am\u00e9ricain. Nous avons fait la m\u00eame chose avec la Centrafrique.\u00c0 LIRE<a href=\"https:\/\/www.jeuneafrique.com\/1399624\/politique\/exclusif-burkina-faso-le-voyage-secret-du-premier-ministre-a-moscou\/\">Exclusif \u2013 Burkina Faso : le voyage secret du Premier ministre \u00e0 Moscou<\/a><\/p>\n\n\n\n<p>Maintenant, nous entendons des rumeurs sur leur d\u00e9ploiement au Burkina Faso et cela soul\u00e8ve de s\u00e9rieuses pr\u00e9occupations, d\u2019autant que nous savons que Wagner a \u00e9t\u00e9 actif en Ukraine et qu\u2019il est impliqu\u00e9 dans certaines des violations des droits de l\u2019homme les plus brutales.<\/p>\n\n\n\n<p><strong>Plusieurs des pays pr\u00e9sents \u00e0 ce sommet ne sont pas irr\u00e9prochables. En m\u00eame temps, les \u00c9tats-Unis disent vouloir ouvrir un dialogue \u00ab&nbsp;inclusif&nbsp;\u00bb. Comment \u00e9quilibrer ces deux aspects&nbsp;?<\/strong><\/p>\n\n\n\n<p>Nous pensons qu\u2019il faut discuter m\u00eame avec les pays avec lesquels nous ne sommes pas d\u2019accord pour faire passer notre message. Si nous nous isolons compl\u00e8tement des \u00c9tats qui commettent des violations des droits de l\u2019homme, comment pourrons-nous en parler avec eux&nbsp;? Nous avons \u00e9t\u00e9 critiqu\u00e9s parce que nous n\u2019avions pas invit\u00e9 tout le monde au sommet des Am\u00e9riques. Cette fois-ci,&nbsp;<a href=\"https:\/\/www.jeuneafrique.com\/1399185\/politique\/afrique-etats-unis-tshisekedi-deby-itno-lourenco-quels-chefs-detat-sont-attendus-par-joe-biden\/\" target=\"_blank\" rel=\"noreferrer noopener\">nous avons invit\u00e9 autant de pays que possible<\/a>&nbsp;et nous sommes toujours critiqu\u00e9s.<\/p>\n\n\n\n<blockquote class=\"wp-block-quote is-layout-flow wp-block-quote-is-layout-flow\">\n<p>NOUS AVONS DES D\u00c9SACCORDS PROFONDS AVEC LA CHINE SUR L\u2019APPROCHE \u00c0 ADOPTER<\/p>\n<\/blockquote>\n\n\n\n<p>Il faut savoir que nous n\u2019h\u00e9sitons pas \u00e0 soulever des questions difficiles avec ces pays, et la critique selon laquelle nous en \u00e9pinglons certains est fausse&nbsp;: nous ne montrons&nbsp;personne&nbsp;du doigt. Lorsque vous avez une conversation avec des personnes qui vous sont ch\u00e8res, il faut aussi que vous puissiez dire des choses dont vous pensez qu\u2019elles doivent \u00eatre entendues.<\/p>\n\n\n\n<p><strong>Les \u00c9tats-Unis ont \u00e9t\u00e9 parmi les rares pays \u00e0 pointer du doigt le soutien du Rwanda au M23. Pourquoi cette crise est-elle aujourd\u2019hui toujours dans l\u2019impasse&nbsp;?<\/strong><\/p>\n\n\n\n<p><a href=\"https:\/\/www.jeuneafrique.com\/1355947\/politique\/le-rwanda-veut-une-rdc-faible-et-corveable-a-merci\/\">Le ministre congolais des Affaires \u00e9trang\u00e8res, Christophe Lutundula,<\/a>&nbsp;\u00e9tait \u00e0 New York la semaine derni\u00e8re pour s\u2019adresser au Conseil de s\u00e9curit\u00e9. Il nous a sollicit\u00e9s pour que nous soutenions les efforts de la RDC pour lutter contre les groupes arm\u00e9s dans l\u2019est du pays. Il a demand\u00e9 que nous condamnions les actions men\u00e9es par les rebelles du M23 \u00e0 l\u2019int\u00e9rieur du territoire congolais, ce que nous avons fait.<\/p>\n\n\n\n<p>Nous avons \u00e9galement fait part de notre pr\u00e9occupation au gouvernement rwandais et nous avons \u00e9chang\u00e9, au sein du Conseil de s\u00e9curit\u00e9, sur ce sujet. Dans le m\u00eame temps, nous cherchons \u00e0 prolonger&nbsp;<a href=\"https:\/\/www.jeuneafrique.com\/1387982\/politique\/rdc-dans-lest-la-monusco-fait-profil-bas\/\">le mandat de la Monusco<\/a>&nbsp;et nous avons encourag\u00e9 le gouvernement congolais \u00e0 cesser de d\u00e9nigrer la mission onusienne.\u00c0 LIRE<a href=\"https:\/\/www.jeuneafrique.com\/1399413\/politique\/m23-en-rdc-comment-le-bras-de-fer-tshisekedi-kagame-sexporte-a-washington\/\">M23 en RDC : comment le bras de fer Tshisekedi-Kagame s\u2019exporte \u00e0 Washington<\/a><\/p>\n\n\n\n<p>Nous lui avons aussi demand\u00e9 de&nbsp;<a href=\"https:\/\/www.jeuneafrique.com\/1369477\/politique\/rdc-la-monusco-doit-elle-partir\/\">condamner les discours de haine<\/a>&nbsp;utilis\u00e9s par certains de ses repr\u00e9sentants. Les autorit\u00e9s congolaises nous ont r\u00e9pondu que cela avait \u00e9t\u00e9 fait. Nous travaillons d\u00e9sormais avec la r\u00e9gion pour trouver une sortie de crise et nous soutenons&nbsp;<a href=\"https:\/\/www.jeuneafrique.com\/1392556\/politique\/rdc-m23-des-pourparlers-de-paix-reprennent-a-nairobi-le-21-novembre\/\">les processus de Nairobi et de Luanda.<\/a><\/p>\n\n\n\n<p><strong>Ce que la RDC r\u00e9clame, c\u2019est aussi la lev\u00e9e des derni\u00e8res mesures du syst\u00e8me de notification sur les achats d\u2019armes. Pourquoi les \u00c9tats-Unis s\u2019y opposent-ils&nbsp;?<\/strong><\/p>\n\n\n\n<p>Nous pensons que ce syst\u00e8me de notification [impos\u00e9 par l\u2019ONU] est important. Il ne s\u2019agit pas de sanctions \u00e0 l\u2019encontre de la RDC. Les autorit\u00e9s congolaises peuvent acheter des armes, ils doivent juste faire savoir qu\u2019ils le font. Une partie du probl\u00e8me, pour \u00eatre honn\u00eate, c\u2019est de savoir comment ces armes sont ensuite contr\u00f4l\u00e9es et c\u2019est ce que nous leur avons dit.<\/p>\n\n\n\n<p><strong>De nombreux efforts de r\u00e9solution des conflits sont d\u00e9ploy\u00e9s dans les coulisses du sommet de cette semaine. La rivalit\u00e9 avec la Chine, prompte \u00e0 d\u00e9noncer l\u2019interf\u00e9rence des pays occidentaux, est-elle un obstacle \u00e0 la r\u00e9solution de ces conflits&nbsp;?<\/strong><\/p>\n\n\n\n<p><a href=\"https:\/\/www.jeuneafrique.com\/1384612\/politique\/gayle-smith-en-afrique-les-etats-unis-nont-pas-pour-seul-objectif-de-contrer-la-chine-et-la-russie\/\">Je ne consid\u00e8re pas qu\u2019il faille parler de rivalit\u00e9 avec la Chine<\/a>&nbsp;lorsqu\u2019il s\u2019agit de r\u00e9soudre les probl\u00e8mes. Nous avons en revanche des d\u00e9saccords profonds sur l\u2019approche \u00e0 adopter. La n\u00f4tre est bas\u00e9e sur des valeurs telles que le respect des droits de l\u2019homme, la protection des droits des femmes, le soutien aux populations pour qu\u2019elles aient acc\u00e8s aux droits fondamentaux et \u00e0 l\u2019aide humanitaire\u2026 C\u2019est cela qui nous guide. Nous pensons que les pays qui ne respectent pas ces valeurs fondamentales doivent \u00eatre tenus pour responsables. Nous sommes coh\u00e9rents sur ce point&nbsp;: la d\u00e9mocratie et les droits de l\u2019homme sont au centre de&nbsp;notre&nbsp;diplomatie.<\/p>\n<div style=\"text-align:center\" class=\"wps-pgfw-pdf-generate-icon__wrapper-frontend\">\n\t\t<a href=\"https:\/\/congokin.blog?action=genpdf&amp;id=10974\" class=\"pgfw-single-pdf-download-button\" ><img src=\"https:\/\/congokin.blog\/wp-content\/plugins\/pdf-generator-for-wp\/admin\/src\/images\/PDF_Tray.svg\" title=\"G\u00e9n\u00e9rer un PDF\" style=\"width:auto; height:45px;\"><\/a>\n\t\t<\/div>","protected":false},"excerpt":{"rendered":"<p>POLITIQUE \u00c9tats-Unis \u2013 Afrique : \u00ab&nbsp;Les rumeurs sur le d\u00e9ploiement de Wagner au Burkina Faso nous pr\u00e9occupent&nbsp;\u00bb Influence russe sur le continent, rivalit\u00e9 avec la Chine, crise RDC-Rwanda\u2026 Alors que le sommet \u00c9tats-Unis \u2013 Afrique s\u2019est ouvert le 13 d\u00e9cembre, Linda Thomas-Greenfield, l\u2019ambassadrice am\u00e9ricaine aupr\u00e8s de l\u2019ONU, revient sur plusieurs dossiers chauds. 14 d\u00e9cembre 2022 [&hellip;]<\/p>\n","protected":false},"author":8,"featured_media":0,"comment_status":"open","ping_status":"closed","sticky":false,"template":"","format":"standard","meta":{"footnotes":""},"categories":[1],"tags":[],"class_list":["post-10974","post","type-post","status-publish","format-standard","hentry","category-uncategorized"],"_links":{"self":[{"href":"https:\/\/congokin.blog\/index.php?rest_route=\/wp\/v2\/posts\/10974","targetHints":{"allow":["GET"]}}],"collection":[{"href":"https:\/\/congokin.blog\/index.php?rest_route=\/wp\/v2\/posts"}],"about":[{"href":"https:\/\/congokin.blog\/index.php?rest_route=\/wp\/v2\/types\/post"}],"author":[{"embeddable":true,"href":"https:\/\/congokin.blog\/index.php?rest_route=\/wp\/v2\/users\/8"}],"replies":[{"embeddable":true,"href":"https:\/\/congokin.blog\/index.php?rest_route=%2Fwp%2Fv2%2Fcomments&post=10974"}],"version-history":[{"count":1,"href":"https:\/\/congokin.blog\/index.php?rest_route=\/wp\/v2\/posts\/10974\/revisions"}],"predecessor-version":[{"id":10975,"href":"https:\/\/congokin.blog\/index.php?rest_route=\/wp\/v2\/posts\/10974\/revisions\/10975"}],"wp:attachment":[{"href":"https:\/\/congokin.blog\/index.php?rest_route=%2Fwp%2Fv2%2Fmedia&parent=10974"}],"wp:term":[{"taxonomy":"category","embeddable":true,"href":"https:\/\/congokin.blog\/index.php?rest_route=%2Fwp%2Fv2%2Fcategories&post=10974"},{"taxonomy":"post_tag","embeddable":true,"href":"https:\/\/congokin.blog\/index.php?rest_route=%2Fwp%2Fv2%2Ftags&post=10974"}],"curies":[{"name":"wp","href":"https:\/\/api.w.org\/{rel}","templated":true}]}}