{"id":10976,"date":"2022-12-14T21:39:56","date_gmt":"2022-12-14T21:39:56","guid":{"rendered":"https:\/\/congokin.blog\/?p=10976"},"modified":"2022-12-14T21:39:57","modified_gmt":"2022-12-14T21:39:57","slug":"afrique-du-sud-ramaphosa-a-echappe-a-une-procedure-de-destitution","status":"publish","type":"post","link":"https:\/\/congokin.blog\/?p=10976","title":{"rendered":"Afrique du Sud : Ramaphosa a \u00e9chapp\u00e9 \u00e0 une proc\u00e9dure de destitution"},"content":{"rendered":"\n<h1 class=\"wp-block-heading\">Afrique du Sud : Ramaphosa \u00e9chappe \u00e0 une proc\u00e9dure de destitution<\/h1>\n\n\n\n<h2 class=\"wp-block-heading\">Le chef de l\u2019\u00c9tat sud-africain est accus\u00e9 d\u2019avoir cach\u00e9 \u00e0 la police et au fisc un cambriolage. Une affaire pas assez grave pour le pousser \u00e0 la d\u00e9mission, estime l\u2019Assembl\u00e9e nationale. Son parti, l\u2019ANC, doit choisir cette semaine un candidat pour l\u2019\u00e9lection g\u00e9n\u00e9rale de 2024.<\/h2>\n\n\n\n<p>14 d\u00e9cembre 2022 \u00e0 12:59<\/p>\n\n\n\n<p>Par&nbsp;<em>Jeune Afrique<\/em><\/p>\n\n\n\n<p>Mis \u00e0 jour le 14 d\u00e9cembre 2022 \u00e0 13:05<\/p>\n\n\n\n<figure class=\"wp-block-image is-style-zoooom\"><img decoding=\"async\" src=\"https:\/\/www.jeuneafrique.com\/cdn-cgi\/image\/q=100,f=auto,metadata=none,width=1256,height=628\/https:\/\/www.jeuneafrique.com\/medias\/2022\/12\/14\/332n2pn-preview-1256x628-1671010109.jpg\" alt=\"\"\/><figcaption class=\"wp-element-caption\">Le pr\u00e9sident sud-africain Cyril Ramaphosa \u00e0 Cape Town, le 10 d\u00e9cembre 2022. \u00a9 GIANLUIGI GUERCIA \/ AFP.<\/figcaption><\/figure>\n\n\n\n<p>Embourb\u00e9 dans un scandale depuis des mois, le pr\u00e9sident sud-africain Cyril Ramaphosa,&nbsp;<a href=\"https:\/\/www.jeuneafrique.com\/1397375\/politique\/afrique-du-sud-cyril-ramaphosa-va-t-il-demissionner\/\">a \u00e9chapp\u00e9 le 13 d\u00e9cembre \u00e0 l\u2019ouverture d\u2019une proc\u00e9dure de destitution<\/a>. L\u2019assembl\u00e9e a vot\u00e9 contre \u00e0 214 voix, pour \u00e0 148 voix et deux abstentions. Chacun des d\u00e9put\u00e9s pr\u00e9sents a \u00e9nonc\u00e9 clairement son choix.<\/p>\n\n\n\n<p>Lors des d\u00e9bats, la pr\u00e9sidente a d\u00fb appeler au calme. Si plus de 50 % des \u00e9lus avaient jug\u00e9 suffisamment grave l\u2019affaire de cambriolage qui g\u00eane le pr\u00e9sident, une proc\u00e9dure aurait \u00e9t\u00e9 lanc\u00e9e pour examiner l\u2019affaire en d\u00e9tail. Cyril Ramaphosa, 70 ans, qui a fait fortune dans les affaires avant d\u2019acc\u00e9der \u00e0 la fonction supr\u00eame, est accus\u00e9 d\u2019avoir&nbsp;cach\u00e9&nbsp;\u00e0 la police et au fisc un cambriolage dans sa ferme de Phala Phala. En f\u00e9vrier 2020, des intrus \u00e9taient repartis avec 580 000 dollars, d\u00e9nich\u00e9s sous les coussins d\u2019un canap\u00e9. Le fruit de la vente de vingt buffles, selon le pr\u00e9sident. De l\u2019argent sale, selon la plainte d\u00e9pos\u00e9e en juin par un opposant.<\/p>\n\n\n\n<h2 class=\"wp-block-heading\">\u00ab&nbsp;Pas assez d\u2019\u00e9l\u00e9ments&nbsp;\u00bb<\/h2>\n\n\n\n<p>Un rapport parlementaire, r\u00e9dig\u00e9 par trois juristes, avait conclu \u00e0 la fin de novembre que Ramaphosa \u00ab&nbsp;[avait] pu commettre&nbsp;\u00bb des actes contraires \u00e0 la loi. C\u2019est sur cette base que le Parlement devait se prononcer. \u00ab&nbsp;Nous ne votons pas pour d\u00e9clarer le pr\u00e9sident innocent ou coupable&nbsp;\u00bb, avait tent\u00e9 lors du d\u00e9bat le chef du principal parti d\u2019opposition (DA), John Steenhuisen, mais pour que le Parlement puisse aller au fond de l\u2019affaire.\u00c0 LIRE<a href=\"https:\/\/www.jeuneafrique.com\/1381217\/politique\/afrique-du-sud-cyril-ramaphosa-ses-vaches-et-laffaire-des-millions-caches\/\">Afrique du Sud : Cyril Ramaphosa, ses vaches et l\u2019affaire des millions cach\u00e9s<\/a><\/p>\n\n\n\n<p>\u00ab&nbsp;C\u2019est un moment d\u00e9cisif. Le Parlement affirmera aujourd\u2019hui que personne n\u2019est au-dessus de la loi ou que quelques-uns le sont&nbsp;\u00bb, a d\u00e9clar\u00e9 Vuyolwethu Zungula, du petit parti d\u2019opposition ATM \u00e0 l\u2019origine d\u2019une motion de censure. Julius Malema, leader de l\u2019EFF (gauche radicale), s\u2019est dit \u00ab&nbsp;d\u00e9\u00e7u&nbsp;\u00bb, accusant m\u00eame le pr\u00e9sident, dans un langage assez cru, de \u00ab&nbsp;pisser sur la Constitution&nbsp;\u00bb.<\/p>\n\n\n\n<p>\u00ab&nbsp;Le rapport place la barre trop bas pour destituer un pr\u00e9sident en exercice&nbsp;\u00bb, a contest\u00e9 le ministre de la Justice, Ronald&nbsp;Lamola.&nbsp;\u00ab&nbsp;Il n\u2019y a pas assez d\u2019\u00e9l\u00e9ments&nbsp;\u00bb pour le justifier, a martel\u00e9 le fervent soutien du chef de l\u2019\u00c9tat alors que le&nbsp;<a href=\"https:\/\/www.jeuneafrique.com\/1366444\/politique\/afrique-du-sud-le-jour-ou-cyril-ramaphosa-na-pas-perdu-lanc\/\">Congr\u00e8s national africain (ANC, au pouvoir)<\/a>&nbsp;avait donn\u00e9 consigne \u00e0 ses \u00e9lus de rejeter une telle proc\u00e9dure.<\/p>\n\n\n\n<h2 class=\"wp-block-heading\">Vote crucial \u00e0 l\u2019ANC<\/h2>\n\n\n\n<p>Le chef de l\u2019\u00c9tat, qui reste tr\u00e8s populaire en d\u00e9pit des soup\u00e7ons et qui a pass\u00e9 la journ\u00e9e du 13 d\u00e9cembre entre Pretoria et Johannesburg, n\u2019est pas inculp\u00e9, mais l\u2019enqu\u00eate de police se poursuit. En soir\u00e9e, dans une br\u00e8ve d\u00e9claration, son porte-parole a d\u00e9clar\u00e9 que \u00ab&nbsp;le pr\u00e9sident Ramaphosa a toujours affirm\u00e9 son engagement en faveur de l\u2019application de la loi&nbsp;\u00bb.\u00c0 LIRE<a href=\"https:\/\/www.jeuneafrique.com\/1284955\/politique\/cyril-ramaphosa-famille-financiers-allies-politiques-le-reseau-du-president-sud-africain\/\">Cyril Ramaphosa&nbsp;: famille, financiers, alli\u00e9s politiques\u2026 Le r\u00e9seau du pr\u00e9sident sud-africain<\/a><\/p>\n\n\n\n<p>Au pouvoir depuis la fin de l\u2019apartheid, l\u2019ANC doit \u00e9lire en fin de semaine son prochain leader et potentiel futur chef de l\u2019\u00c9tat, en cas de victoire aux \u00e9lections g\u00e9n\u00e9rales de 2024. Cyril Ramaphosa est candidat \u00e0 la pr\u00e9sidence du parti,&nbsp;<a href=\"https:\/\/www.jeuneafrique.com\/1394037\/politique\/afrique-du-sud-cyril-ramaphosa-contre-zweli-mkhize-un-duel-revanchard-pour-diriger-lanc\/\">face \u00e0 son ancien ministre de la Sant\u00e9, Zweli Mkhize .<\/a>&nbsp;Les caciques de l\u2019ANC, en l\u2019absence de successeur cr\u00e9dible, lui avaient apport\u00e9 un soutien officiel pour le sauver, appelant, en d\u00e9pit de tiraillements, les 230 d\u00e9put\u00e9s du parti \u00e0 voter comme un seul homme pour rejeter la proc\u00e9dure de destitution. Seule une poign\u00e9e d\u2019entre eux ont manqu\u00e9&nbsp;\u00e0&nbsp;l\u2019appel.<\/p>\n\n\n\n<p><strong>(avec AFP)<\/strong><\/p>\n<div style=\"text-align:center\" class=\"wps-pgfw-pdf-generate-icon__wrapper-frontend\">\n\t\t<a href=\"https:\/\/congokin.blog?action=genpdf&amp;id=10976\" class=\"pgfw-single-pdf-download-button\" ><img src=\"https:\/\/congokin.blog\/wp-content\/plugins\/pdf-generator-for-wp\/admin\/src\/images\/PDF_Tray.svg\" title=\"G\u00e9n\u00e9rer un PDF\" style=\"width:auto; height:45px;\"><\/a>\n\t\t<\/div>","protected":false},"excerpt":{"rendered":"<p>Afrique du Sud : Ramaphosa \u00e9chappe \u00e0 une proc\u00e9dure de destitution Le chef de l\u2019\u00c9tat sud-africain est accus\u00e9 d\u2019avoir cach\u00e9 \u00e0 la police et au fisc un cambriolage. Une affaire pas assez grave pour le pousser \u00e0 la d\u00e9mission, estime l\u2019Assembl\u00e9e nationale. Son parti, l\u2019ANC, doit choisir cette semaine un candidat pour l\u2019\u00e9lection g\u00e9n\u00e9rale de [&hellip;]<\/p>\n","protected":false},"author":8,"featured_media":0,"comment_status":"open","ping_status":"closed","sticky":false,"template":"","format":"standard","meta":{"footnotes":""},"categories":[1],"tags":[],"class_list":["post-10976","post","type-post","status-publish","format-standard","hentry","category-uncategorized"],"_links":{"self":[{"href":"https:\/\/congokin.blog\/index.php?rest_route=\/wp\/v2\/posts\/10976","targetHints":{"allow":["GET"]}}],"collection":[{"href":"https:\/\/congokin.blog\/index.php?rest_route=\/wp\/v2\/posts"}],"about":[{"href":"https:\/\/congokin.blog\/index.php?rest_route=\/wp\/v2\/types\/post"}],"author":[{"embeddable":true,"href":"https:\/\/congokin.blog\/index.php?rest_route=\/wp\/v2\/users\/8"}],"replies":[{"embeddable":true,"href":"https:\/\/congokin.blog\/index.php?rest_route=%2Fwp%2Fv2%2Fcomments&post=10976"}],"version-history":[{"count":1,"href":"https:\/\/congokin.blog\/index.php?rest_route=\/wp\/v2\/posts\/10976\/revisions"}],"predecessor-version":[{"id":10977,"href":"https:\/\/congokin.blog\/index.php?rest_route=\/wp\/v2\/posts\/10976\/revisions\/10977"}],"wp:attachment":[{"href":"https:\/\/congokin.blog\/index.php?rest_route=%2Fwp%2Fv2%2Fmedia&parent=10976"}],"wp:term":[{"taxonomy":"category","embeddable":true,"href":"https:\/\/congokin.blog\/index.php?rest_route=%2Fwp%2Fv2%2Fcategories&post=10976"},{"taxonomy":"post_tag","embeddable":true,"href":"https:\/\/congokin.blog\/index.php?rest_route=%2Fwp%2Fv2%2Ftags&post=10976"}],"curies":[{"name":"wp","href":"https:\/\/api.w.org\/{rel}","templated":true}]}}