{"id":10980,"date":"2022-12-14T22:03:05","date_gmt":"2022-12-14T22:03:05","guid":{"rendered":"https:\/\/congokin.blog\/?p=10980"},"modified":"2022-12-14T22:16:38","modified_gmt":"2022-12-14T22:16:38","slug":"adolphe-muzito-implique-dans-la-corruption-dun-ex-ministre-belge","status":"publish","type":"post","link":"https:\/\/congokin.blog\/?p=10980","title":{"rendered":"Adolphe Muzito impliqu\u00e9  dans la corruption d&rsquo;un ex-ministre belge"},"content":{"rendered":"\n<h1 class=\"wp-block-heading\">Dossier Duferco: Kubla et consorts s\u2019expliquent d\u00e8s ce mercredi<\/h1>\n\n\n\n<p>L\u2019ex-ministre MR de l\u2019Economie et une dizaine de copr\u00e9venus compara\u00eetront d\u00e8s ce mercredi devant le tribunal correctionnel de Bruxelles pour des faits de corruption de fonctionnaire \u00e9tranger, faux, usage de faux et blanchiment en lien avec la R\u00e9publique d\u00e9mocratique du Congo.<\/p>\n\n\n\n<figure class=\"wp-block-image is-style-zoooom\"><img decoding=\"async\" src=\"https:\/\/www.lesoir.be\/sites\/default\/files\/dpistyles_v2\/ls_16_9_864w\/2022\/12\/13\/node_482891\/29705447\/public\/2022\/12\/13\/B9732941522Z.1_20221213191858_000+GSLLRUPS1.1-0.jpg?itok=ROYAdfxT1671004264\" alt=\"Serge Kubla au moment des faits qui lui sont reproch\u00e9s.\"\/><figcaption class=\"wp-element-caption\">Serge Kubla au moment des faits qui lui sont reproch\u00e9s. &#8211; Photo News<\/figcaption><\/figure>\n\n\n\n<figure class=\"wp-block-image is-style-zoooom\"><img decoding=\"async\" src=\"https:\/\/www.lesoir.be\/sites\/all\/themes\/enacarbon_lesoir\/images\/s-lesoir.svg\" alt=\"Image auteur par d\u00e9faut\"\/><\/figure>\n\n\n\n<p>Par Laurence WautersPubli\u00e9 le 13\/12\/2022 \u00e0 19:18&nbsp;Temps de lecture: 3 min<\/p>\n\n\n\n<p class=\"has-luminous-vivid-amber-background-color has-background\">Serge Kubla, 74 ans, l\u2019ex-bourgmestre MR de Waterloo, sera bien pr\u00e9sent ce mercredi devant la 59e chambre du tribunal correctionnel de Bruxelles, confirme Me Denis Bosquet, son avocat. Il a admis avoir remis \u00e0 Adolphe Muzito, ancien inspecteur des finances en R\u00e9publique d\u00e9mocratique du Congo qui y est devenu ministre du Budget en 2007 puis Premier Ministre d\u00e8s l\u2019ann\u00e9e suivante, jusqu\u2019en 2012, une enveloppe de 20.000 euros, et ce, par l\u2019interm\u00e9diaire de l\u2019\u00e9pouse de ce dernier, de passage \u00e0 Bruxelles, \u00e0 l\u2019h\u00f4tel Pr\u00e9sident.<\/p>\n\n\n\n<p class=\"has-luminous-vivid-amber-background-color has-background\">Selon le minist\u00e8re public, cette remise, en 2009, n\u2019\u00e9tait qu\u2019une premi\u00e8re \u00ab&nbsp;petite&nbsp;\u00bb avance sur un montant bien plus cons\u00e9quent, d\u2019un demi-million d\u2019euros, en vue de l\u2019obtention, par l\u2019entreprise italo-suisse Duferco, des autorisations n\u00e9cessaires pour une exploitation mini\u00e8re tr\u00e8s rentable \u00e0 Maluku.<\/p>\n\n\n\n<p>L\u2019ex-ministre belge a affirm\u00e9 qu\u2019il pensait l\u00e0 s\u2019acquitter d\u2019une facture en tant qu\u2019interm\u00e9diaire commercial et qu\u2019il ignorait qu\u2019il puisse s\u2019agir de corruption. Il avait ouvert un compte \u00e0 la banque Pictet, en Suisse, o\u00f9 Duferco aurait vers\u00e9 des centaines de milliers d\u2019euros pour r\u00e9mun\u00e9rer ses prestations de \u00ab&nbsp;consultance&nbsp;\u00bb, factur\u00e9es sous les intitul\u00e9s \u00ab&nbsp;prospection commerciale et industrielle de pays d\u2019Afrique&nbsp;\u00bb et \u00ab&nbsp;\u00e9tablissement d\u2019une soci\u00e9t\u00e9 au Congo&nbsp;\u00bb. L\u2019ancien mandataire MR les percevait depuis la filiale luxembourgeoise de la banque, par l\u2019interm\u00e9diaire de montages financiers que le juge d\u2019instruction Michel Claise a mis au jour.<\/p>\n\n\n\n<h2 class=\"wp-block-heading\">Gozzi avait embauch\u00e9 Kubla comme lobbyiste<\/h2>\n\n\n\n<p>Antonio Gozzi et Serge Kubla s\u2019\u00e9taient rencontr\u00e9s quand le premier \u00e9tait \u00e0 la t\u00eate de Duferco, en repreneur inesp\u00e9r\u00e9 des Forges de Clabecq, et le second, ministre de l\u2019Economie. Ils \u00e9taient rest\u00e9s en relation, et Gozzi avait embauch\u00e9 Kubla comme lobbyiste quand celui-ci avait c\u00e9d\u00e9 son portefeuille \u00e0 l\u2019Economie.<\/p>\n\n\n\n<p>Le groupe Duferco figure parmi les pr\u00e9venus, tout comme son ancien comptable, Stephan De Witte, qui est port\u00e9 disparu au Congo depuis la mi-2014 \u2013 une affaire qui reste, depuis toutes ces ann\u00e9es, un grand myst\u00e8re. C\u2019est cette disparition qui avait entra\u00een\u00e9, en novembre 2014, l\u2019ouverture d\u2019une enqu\u00eate portant \u00e9galement sur une tentative de mettre la main sur les tr\u00e8s rentables jeux de hasard congolais. Serge Kubla avait effectu\u00e9 un court s\u00e9jour en d\u00e9tention pr\u00e9ventive, en avril 2015, tout comme deux anciens responsables de l\u2019entreprise italo-suisse, Antonio Gozzi et Massimo Croci, suspect\u00e9s d\u2019\u00eatre les donneurs d\u2019ordre.<\/p>\n\n\n\n<p>Les pr\u00e9venus seront interrog\u00e9s par la pr\u00e9sidente Anne Carlier ce mercredi matin et, \u00e9ventuellement, jeudi, s\u2019ils n\u2019ont pas tous eu le temps de s\u2019expliquer. Des audiences ont \u00e9galement \u00e9t\u00e9 fix\u00e9es les 21, 22 et 23 d\u00e9cembre prochains pour l\u2019examen des 140 cartons qui composent le volumineux dossier r\u00e9pressif.<\/p>\n\n\n\n<p><\/p>\n\n\n\n<h1 class=\"wp-block-heading\">Serge Kubla: \u00abLe fait d\u2019\u00eatre un ancien ministre m\u2019a ouvert beaucoup de portes\u00bb<\/h1>\n\n\n\n<p>Questionn\u00e9 ce mercredi au tribunal correctionnel de Bruxelles sur ses activit\u00e9s de lobbyiste, l\u2019ancien ministre r\u00e9gional de l\u2019Economie a encore r\u00e9fut\u00e9 avoir commis la moindre infraction. M\u00eame lorsqu\u2019il a remis une enveloppe d\u2019argent cash \u00e0 l\u2019\u00e9pouse du Premier ministre congolais.&nbsp;Article r\u00e9serv\u00e9 aux abonn\u00e9s<\/p>\n\n\n\n<figure class=\"wp-block-image is-style-zoooom\"><img decoding=\"async\" src=\"https:\/\/www.lesoir.be\/sites\/default\/files\/dpistyles_v2\/ls_16_9_864w\/2022\/12\/14\/node_483065\/29708020\/public\/2022\/12\/14\/B9732946564Z.1_20221214161216_000+GHALS26QD.2-0.jpg?itok=eUe5PgiL1671031611\" alt=\"Comme lobbyiste, Serge Kubla facturait 60.000 euros par trimestre \u00e0 Duferco.\"\/><figcaption class=\"wp-element-caption\">Comme lobbyiste, Serge Kubla facturait 60.000 euros par trimestre \u00e0 Duferco. &#8211; Photo News.<\/figcaption><\/figure>\n\n\n\n<figure class=\"wp-block-image is-style-zoooom\"><img decoding=\"async\" src=\"https:\/\/www.lesoir.be\/sites\/all\/themes\/enacarbon_lesoir\/images\/s-lesoir.svg\" alt=\"Image auteur par d\u00e9faut\"\/><\/figure>\n\n\n\n<p>Par Laurence WautersPubli\u00e9 le 14\/12\/2022 \u00e0 16:12&nbsp;Temps de lecture: 4 min<\/p>\n\n\n\n<p>Al\u2019entame de cette audience attendue de longue date, la pr\u00e9sidente a \u00e9num\u00e9r\u00e9 les diff\u00e9rents mandats politiques qui ont \u00e9t\u00e9 occup\u00e9s par Serge Kubla, aujourd\u2019hui \u00e2g\u00e9 de 75 ans et principal pr\u00e9venu de ce dossier. D\u00e8s 1977, cet ancien \u00e9lu MR a si\u00e9g\u00e9 comme \u00e9chevin \u00e0 Waterloo et comme d\u00e9put\u00e9 wallon&nbsp;; en 1983, il est devenu bourgmestre, poste qu\u2019il a d\u00e9tenu jusqu\u2019en 2015. Ministre wallon de l\u2019Economie de 1999 \u00e0 2004, il a encore si\u00e9g\u00e9 au parlement wallon jusqu\u2019en 2014.<\/p>\n\n\n\n<p><strong>\u00c0 lire aussi<\/strong>&nbsp;<a href=\"https:\/\/www.lesoir.be\/482891\/article\/2022-12-13\/dossier-duferco-kubla-et-consorts-sexpliquent-des-ce-mercredi\">Dossier Duferco: Kubla et consorts s\u2019expliquent d\u00e8s ce mercredi<\/a><\/p>\n\n\n\n<p>Malgr\u00e9 cette activit\u00e9 politique, d\u00e8s 2009, Serge Kubla a travaill\u00e9 comme lobbyiste pour la soci\u00e9t\u00e9 Duferco, qui souhaitait diversifier ses activit\u00e9s et qu\u2019il avait bien connue en tant que ministre de l\u2019Economie, \u00e0 l\u2019occasion de la reprise des Forges de Clabecq. Ils ont formalis\u00e9 cela dans un accord en 2013 \u2013 qu\u2019ils ont antidat\u00e9 au 1er juillet 2009, a reconnu Antonio Gozzi, pr\u00e9sident de Duferco et copr\u00e9venu.<\/p>\n\n\n\n<h2 class=\"wp-block-heading\">20.000 euros cash<\/h2>\n\n\n\n<p class=\"has-luminous-vivid-amber-background-color has-background\">En 2010, Serge Kubla cr\u00e9ait avec lui et Massimo Croci (alors \u00ab&nbsp;managing director&nbsp;\u00bb de Duferco et copr\u00e9venu lui aussi), la soci\u00e9t\u00e9 de droit congolais SEB, dont l\u2019objectif \u00e9tait de nouer un partenariat avec la Sonal, la soci\u00e9t\u00e9 de jeu congolaise. C\u2019est dans ce contexte, a r\u00e9sum\u00e9 la pr\u00e9sidente avant d\u2019interroger les pr\u00e9venus, \u00ab&nbsp;qu\u2019il y aurait eu diff\u00e9rents actes de corruption \u00e0 l\u2019\u00e9gard de mandataires politiques congolais (le Premier ministre de l\u2019\u00e9poque, Adolphe Muzito, et son bras droit, NDLR) et d\u2019administrateurs de la Sonal&nbsp;\u00bb. C\u2019\u00e9tait, diront certains t\u00e9moins \u00e9voqu\u00e9s dans le dossier, \u00ab&nbsp;une mani\u00e8re incontournable d\u2019obtenir un march\u00e9 au Congo&nbsp;\u00bb \u2013 et, ici, un march\u00e9 tr\u00e8s juteux, puisque les investissements conc\u00e9d\u00e9s devaient \u00eatre amortis en trois ans. Serge Kubla ne reconna\u00eet aucun dessous-de-table&nbsp;: lui, dit-il, faisait \u00ab&nbsp;seulement&nbsp;\u00bb le lien entre les gens, il les mettait en contact. Il a bien remis une enveloppe contenant 20.000 euros \u00e0 Bruxelles \u00e0 l\u2019\u00e9pouse du Premier ministre congolais de l\u2019\u00e9poque, \u00ab&nbsp;mais c\u2019\u00e9tait une avance sur facture, j\u2019ai juste jou\u00e9 le facteur, elle en avait besoin pour payer son h\u00f4tel et des achats&nbsp;\u00bb, a-t-il expos\u00e9. \u00ab&nbsp;Une telle somme en cash, c\u2019est inhabituel&nbsp;\u00bb, a comment\u00e9 la pr\u00e9sidente. \u00ab&nbsp;Avec les Congolais, rien n\u2019est inhabituel&nbsp;\u00bb, a r\u00e9pondu l\u2019ancien ministre. \u00ab&nbsp;Mais l\u00e0, on est en Europe, on paye avec des comptes, et la femme du Premier ministre a quand m\u00eame les moyens de se payer des h\u00f4tels en Belgique\u2026 Vous vous \u00eates s\u00e9rieusement dit que c\u2019\u00e9tait une avance&nbsp;?&nbsp;\u00bb<\/p>\n\n\n\n<p class=\"has-luminous-vivid-amber-background-color has-background\">C\u2019est finalement un certain Stephan De Witte, ancien comptable ind\u00e9pendant de Duferco, qui avait repris la main dans les n\u00e9gociations pour les jeux de hasard congolais \u2013 et malgr\u00e9 les montants colossaux dilapid\u00e9s, malgr\u00e9 une licence de jeu finalement obtenue en 2012, rien n\u2019avait abouti, engloutissant des millions d\u2019euros du groupe sid\u00e9rurgique italo-suisse. Stephan De Witte, ancien r\u00e9viseur de KPMG qui \u00e9tait tomb\u00e9 amoureux d\u2019une pseudo \u00ab&nbsp;princesse congolaise&nbsp;\u00bb, est signal\u00e9 disparu au Congo depuis la mi-2014. C\u2019est sa disparition qui a men\u00e9 \u00e0 l\u2019ouverture de l\u2019enqu\u00eate ayant abouti au proc\u00e8s qui a lieu actuellement \u00e0 Bruxelles.<\/p>\n\n\n\n<p>Comme lobbyiste, Serge Kubla facturait 60.000 euros par trimestre au groupe sid\u00e9rurgique&nbsp;: \u00ab&nbsp;J\u2019ai \u00e9t\u00e9 pendant cinq ans au commerce ext\u00e9rieur, je suis all\u00e9 au Congo avec 200 entrepreneurs belges, j\u2019avais un tr\u00e8s bon carnet d\u2019adresses et Duferco voulait s\u2019implanter en Afrique noire&nbsp;\u00bb, a-t-il expliqu\u00e9. Pour facturer la consultance, il avait cr\u00e9\u00e9, en 2009, Socagexi, une soci\u00e9t\u00e9 \u00e0 Malte \u00ab&nbsp;parce qu\u2019il y avait un avantage fiscal ind\u00e9niable&nbsp;\u00bb, a-t-il confirm\u00e9, ajoutant que les dividendes tir\u00e9s de cette soci\u00e9t\u00e9 \u00ab&nbsp;\u00e9taient d\u00e9clar\u00e9s \u00e0 l\u2019Etat belge&nbsp;\u00bb. Pour Duferco, a-t-il d\u00e9taill\u00e9, il est all\u00e9 au Zimbabwe, en Guin\u00e9e-Conakry, en Namibie, en Libye. En RDC, il a aussi tent\u00e9 d\u2019implanter Duferco dans la sid\u00e9rurgie&nbsp;: \u00ab&nbsp;Le fait d\u2019\u00eatre un ancien ministre m\u2019a ouvert beaucoup de portes, je suis rest\u00e9 par exemple pendant cinq heures avec le pr\u00e9sident de Guin\u00e9e-Conakry&nbsp;; au Zimbabwe, Mugabe m\u2019a re\u00e7u personnellement\u2026&nbsp;\u00bb Il a acquiesc\u00e9 quand la pr\u00e9sidente a qualifi\u00e9 l\u2019\u00e9pisode congolais de \u00ab&nbsp;fiasco&nbsp;\u00bb&nbsp;: \u00ab&nbsp;C\u2019est indiscutable, mais je reste convaincu que la sid\u00e9rurgie congolaise qui est \u00e0 l\u2019arr\u00eat m\u00e9rite d\u2019\u00eatre reprise.&nbsp;\u00bb&nbsp;<em>A contrario<\/em>, en Libye par exemple, son intervention aurait \u00ab&nbsp;permis \u00e0 Duferco de se repositionner.&nbsp;\u00bb Le proc\u00e8s, en l\u2019absence des pr\u00e9venus congolais, se poursuit ce jeudi.<\/p>\n<div style=\"text-align:center\" class=\"wps-pgfw-pdf-generate-icon__wrapper-frontend\">\n\t\t<a href=\"https:\/\/congokin.blog?action=genpdf&amp;id=10980\" class=\"pgfw-single-pdf-download-button\" ><img src=\"https:\/\/congokin.blog\/wp-content\/plugins\/pdf-generator-for-wp\/admin\/src\/images\/PDF_Tray.svg\" title=\"G\u00e9n\u00e9rer un PDF\" style=\"width:auto; height:45px;\"><\/a>\n\t\t<\/div>","protected":false},"excerpt":{"rendered":"<p>Dossier Duferco: Kubla et consorts s\u2019expliquent d\u00e8s ce mercredi L\u2019ex-ministre MR de l\u2019Economie et une dizaine de copr\u00e9venus compara\u00eetront d\u00e8s ce mercredi devant le tribunal correctionnel de Bruxelles pour des faits de corruption de fonctionnaire \u00e9tranger, faux, usage de faux et blanchiment en lien avec la R\u00e9publique d\u00e9mocratique du Congo. Par Laurence WautersPubli\u00e9 le 13\/12\/2022 [&hellip;]<\/p>\n","protected":false},"author":8,"featured_media":0,"comment_status":"open","ping_status":"closed","sticky":false,"template":"","format":"standard","meta":{"footnotes":""},"categories":[1],"tags":[],"class_list":["post-10980","post","type-post","status-publish","format-standard","hentry","category-uncategorized"],"_links":{"self":[{"href":"https:\/\/congokin.blog\/index.php?rest_route=\/wp\/v2\/posts\/10980","targetHints":{"allow":["GET"]}}],"collection":[{"href":"https:\/\/congokin.blog\/index.php?rest_route=\/wp\/v2\/posts"}],"about":[{"href":"https:\/\/congokin.blog\/index.php?rest_route=\/wp\/v2\/types\/post"}],"author":[{"embeddable":true,"href":"https:\/\/congokin.blog\/index.php?rest_route=\/wp\/v2\/users\/8"}],"replies":[{"embeddable":true,"href":"https:\/\/congokin.blog\/index.php?rest_route=%2Fwp%2Fv2%2Fcomments&post=10980"}],"version-history":[{"count":2,"href":"https:\/\/congokin.blog\/index.php?rest_route=\/wp\/v2\/posts\/10980\/revisions"}],"predecessor-version":[{"id":10983,"href":"https:\/\/congokin.blog\/index.php?rest_route=\/wp\/v2\/posts\/10980\/revisions\/10983"}],"wp:attachment":[{"href":"https:\/\/congokin.blog\/index.php?rest_route=%2Fwp%2Fv2%2Fmedia&parent=10980"}],"wp:term":[{"taxonomy":"category","embeddable":true,"href":"https:\/\/congokin.blog\/index.php?rest_route=%2Fwp%2Fv2%2Fcategories&post=10980"},{"taxonomy":"post_tag","embeddable":true,"href":"https:\/\/congokin.blog\/index.php?rest_route=%2Fwp%2Fv2%2Ftags&post=10980"}],"curies":[{"name":"wp","href":"https:\/\/api.w.org\/{rel}","templated":true}]}}