{"id":10999,"date":"2022-12-16T21:02:05","date_gmt":"2022-12-16T21:02:05","guid":{"rendered":"https:\/\/congokin.blog\/?p=10999"},"modified":"2022-12-16T21:29:24","modified_gmt":"2022-12-16T21:29:24","slug":"wagner-presidence-de-lua-m23-dans-les-coulisses-du-sommet-de-washington","status":"publish","type":"post","link":"https:\/\/congokin.blog\/?p=10999","title":{"rendered":"Wagner, pr\u00e9sidence de l\u2019UA, M23\u2026 Dans les coulisses du sommet de Washington"},"content":{"rendered":"\n<p>POLITIQUE<\/p>\n\n\n\n<h1 class=\"wp-block-heading\">Wagner, pr\u00e9sidence de l\u2019UA, M23\u2026 Dans les coulisses du sommet de Washington<\/h1>\n\n\n\n<h2 class=\"wp-block-heading\">Si le programme officiel du sommet \u00c9tats-Unis \u2013 Afrique s\u2019est surtout r\u00e9sum\u00e9 \u00e0 une s\u00e9rie de tables rondes et de signatures d\u2019accords, il a aussi \u00e9t\u00e9 l\u2019occasion d\u2019un intense activisme diplomatique.<\/h2>\n\n\n\n<p><\/p>\n\n\n\n<p>16 d\u00e9cembre 2022 \u00e0 12:47<\/p>\n\n\n\n<p>Par\u00a0Romain Gras\u00a0et\u00a0Julian Pecquet\u00a0&#8211; \u00e0 Washington<\/p>\n\n\n\n<p>Mis \u00e0 jour le 16 d\u00e9cembre 2022 \u00e0 14:22<\/p>\n\n\n\n<figure class=\"wp-block-image is-style-zoooom\"><img decoding=\"async\" src=\"https:\/\/www.jeuneafrique.com\/cdn-cgi\/image\/q=100,f=auto,metadata=none,width=1256,height=628\/https:\/\/www.jeuneafrique.com\/medias\/2022\/12\/15\/jad20221215-eco-usa-afrique-joebiden-1256x628-1671188313.jpg\" alt=\"\"\/><figcaption class=\"wp-element-caption\">R\u00e9union \u00e0 la Maison blanche entre Joe Biden et certains de ses homologues africains, le 14 d\u00e9cembre 2022. \u00a9 Adam Schultz\/White House<\/figcaption><\/figure>\n\n\n\n<p>Salle 158 B ou 159 B ?&nbsp;<a href=\"https:\/\/www.jeuneafrique.com\/1400265\/politique\/macky-sall-william-ruto-cyril-ramaphosa-qui-sont-les-chefs-detat-africains-les-plus-influents-sur-twitter\/\">William Ruto<\/a>&nbsp;regarde les panneaux et semble h\u00e9siter. Costume bleu marine et cravate \u00e0 pois, le pr\u00e9sident k\u00e9nyan, grand sourire aux l\u00e8vres, s\u2019avance d\u2019un pas d\u00e9cid\u00e9 dans les couloirs du premier \u00e9tage du gigantesque Walter E. Convention Center, o\u00f9 se d\u00e9roule le second sommet \u00c9tats-Unis \u2013 Afrique. Il salue d\u2019un hochement de t\u00eate le ministre rwandais des Affaires \u00e9trang\u00e8res, Vincent Biruta, qui attend lui aussi un rendez-vous, mais avec&nbsp;<a href=\"https:\/\/www.jeuneafrique.com\/1398259\/politique\/etats-unis-dix-choses-a-savoir-sur-molly-phee-la-madame-afrique-de-joe-biden\/\">Molly Phee, secr\u00e9taire d\u2019\u00c9tat adjointe aux Affaires africaines.<\/a>\u00c0 LIRE<a href=\"https:\/\/www.jeuneafrique.com\/1399700\/politique\/sommet-etats-unis-afrique-joe-biden-teste-sa-nouvelle-strategie-africaine\/\">Sommet \u00c9tats-Unis \u2013 Afrique : Joe Biden teste sa nouvelle strat\u00e9gie africaine<\/a><\/p>\n\n\n\n<p>Il est 10h30, ce mercredi 14 d\u00e9cembre, et comme beaucoup d\u2019autres William Ruto commence un marathon diplomatique. Il doit s\u2019entretenir avec son homologue de l\u2019\u00cele Maurice, Prithvirajsing Roopun. Dans la petite salle adjacente, on s\u2019active pour ranger les drapeaux des d\u00e9l\u00e9gations d\u00e9j\u00e0 reparties et pr\u00e9parer les salles pour les nouveaux arrivants.<\/p>\n\n\n\n<h2 class=\"wp-block-heading\">Duel \u00e0 distance Ruto-Assoumani<\/h2>\n\n\n\n<p>Le pr\u00e9sident k\u00e9nyan doit ensuite \u00e9changer avec&nbsp;<a href=\"https:\/\/www.jeuneafrique.com\/1344126\/politique\/burundi-evariste-ndayishimiye-le-parti-et-dieu\/\">le Burundais \u00c9variste Ndayishimiye,<\/a>&nbsp;puis avec le Djiboutien&nbsp;<a href=\"https:\/\/www.jeuneafrique.com\/1392306\/politique\/ismail-omar-guelleh-en-quete-de-djiboutinite\/\">Isma\u00efl Omar Guelleh,<\/a>&nbsp;l\u2019\u00c9gyptien Abdel Fattah al-Sissi et&nbsp;<a href=\"https:\/\/www.jeuneafrique.com\/1386545\/politique\/ouganda-museveni-reussira-t-il-a-contenir-les-ambitions-de-son-fils-pour-2026\/\">l\u2019Ougandais Yoweri Museveni.<\/a>&nbsp;Au programme : diplomatie r\u00e9gionale, ouverture \u00e9conomique, s\u00e9curit\u00e9\u2026 William Ruto vient aussi d\u00e9fendre un autre dossier, quoique de mani\u00e8re plus informelle : celui de sa candidature pour la pr\u00e9sidence de l\u2019Union africaine (UA), qu\u2019il se dispute avec le Comorien Azali Assoumani. \u00ab&nbsp;Le sujet sera \u00e9videmment mis sur la table au cours des bilat\u00e9rales&nbsp;\u00bb, confirme un conseiller du chef de l\u2019\u00c9tat k\u00e9nyan avant la rencontre avec la d\u00e9l\u00e9gation mauricienne.<\/p>\n\n\n\n<p>Azali Assoumani a lui aussi entrepris son propre lobbying et esp\u00e9rait d\u00e9fendre sa cause aupr\u00e8s du&nbsp;<a href=\"https:\/\/www.jeuneafrique.com\/1392503\/politique\/ua-moussa-faki-mahamat-echoue-a-faire-sanctionner-le-tchad\/\">pr\u00e9sident de la Commission de l\u2019UA, le Tchadien Moussa Faki Mahamat<\/a>, et de Macky Sall, qui dirigeait cette ann\u00e9e l\u2019organisation continentale, m\u00eame si l\u2019entourage du dirigeant s\u00e9n\u00e9galais n\u2019a confirm\u00e9 aucun rendez-vous sur le&nbsp;sujet.&nbsp;\u00ab&nbsp;C\u2019est une opportunit\u00e9 que les Comores ne peuvent pas manquer, a d\u00e9clar\u00e9 le pr\u00e9sident Assoumani \u00e0&nbsp;<em>Jeune Afrique<\/em>. Nous esp\u00e9rons que nos fr\u00e8res k\u00e9nyans nous comprendront. Ce n\u2019est pas souvent qu\u2019un pays comme les Comores a une telle occasion, une telle opportunit\u00e9 et un tel honneur.&nbsp;\u00bb\u00c0 LIRE<a href=\"https:\/\/www.jeuneafrique.com\/1399317\/politique\/afrique-etats-unis-un-sommet-et-dix-dossiers-chauds\/\">Afrique \u2013 \u00c9tats-Unis : un sommet et dix dossiers chauds<\/a><\/p>\n\n\n\n<p>Le temps presse, car une solution doit \u00eatre trouv\u00e9e d\u2019ici \u00e0 f\u00e9vrier 2023, date \u00e0 laquelle se tiendra le prochain sommet de l\u2019UA. \u00ab&nbsp;La question avait d\u00e9j\u00e0 \u00e9t\u00e9 soulev\u00e9e lors du dernier Bureau des chefs d\u2019\u00c9tat et le pr\u00e9sident Ruto avait indiqu\u00e9 qu\u2019il \u00e9tait pr\u00eat \u00e0 discuter de la question avec le pr\u00e9sident Azali&nbsp;\u00bb, explique-t-on simplement dans l\u2019entourage de Moussa Faki. Ce duel \u00e0 distance pour la pr\u00e9sidence de l\u2019UA est l\u2019un des nombreux dossiers faisant l\u2019objet de tractations en coulisses \u00e0 Washington.<\/p>\n\n\n\n<h2 class=\"wp-block-heading\">L\u2019offensive de Tshisekedi<\/h2>\n\n\n\n<p>Ces sujets se discutent ici, dans les petites annexes du Convention Center,&nbsp;<a href=\"https:\/\/www.jeuneafrique.com\/1400930\/economie\/sommet-etats-unis-afrique-que-faut-il-retenir-du-business-forum-de-joe-biden\/\" target=\"_blank\" rel=\"noreferrer noopener\">loin de l\u2019agitation du rez-de-chauss\u00e9e o\u00f9 se situe la \u00ab&nbsp;Deal Room&nbsp;\u00bb<\/a>&nbsp;o\u00f9, toutes les heures, de nouveaux accords commerciaux sont annonc\u00e9s. La participation massive des dirigeants du continent \u2013 49 chefs de d\u00e9l\u00e9gation dont une \u00e9crasante majorit\u00e9 de chefs d\u2019\u00c9tat \u2013 fait de ce sommet une opportunit\u00e9 majeure pour avancer sur certains dossiers.<\/p>\n\n\n\n<p>Parmi eux, la crise entre la RDC et le Rwanda au sujet de&nbsp;<a href=\"https:\/\/www.jeuneafrique.com\/1398689\/politique\/m23-en-rdc-dix-choses-a-savoir-sur-sultani-makenga-le-fantome-du-kivu\/\">l\u2019offensive des rebelles du M23.<\/a>&nbsp;Tout au long du sommet, la situation s\u00e9curitaire dans l\u2019est du Congo a fait l\u2019objet d\u2019un affrontement feutr\u00e9&nbsp;<a href=\"https:\/\/www.jeuneafrique.com\/1399413\/politique\/m23-en-rdc-comment-le-bras-de-fer-tshisekedi-kagame-sexporte-a-washington\/\">entre F\u00e9lix Tshisekedi et Paul Kagame.<\/a>&nbsp;Arriv\u00e9 dimanche soir \u00e0 Washington, le Congolais comptait sur cette visite pour engranger le soutien des \u00c9tats-Unis face au Rwanda. De fait, le sujet a \u00e9t\u00e9 abord\u00e9 le 13 d\u00e9cembre avec&nbsp;<a href=\"https:\/\/www.jeuneafrique.com\/1368151\/politique\/afrique-etats-unis-antony-blinken-lance-son-operation-seduction-depuis-lafrique-du-sud\/\">Antony Blinken, le chef de la diplomatie am\u00e9ricaine,<\/a>&nbsp;puis le 15 d\u00e9cembre avec la patronne de l\u2019USAID, Samantha Powers, et le pr\u00e9sident de la commission des Affaires \u00e9trang\u00e8res du S\u00e9nat am\u00e9ricain, Bob Menendez.\u00c0 LIRE<a href=\"https:\/\/www.jeuneafrique.com\/1399413\/politique\/m23-en-rdc-comment-le-bras-de-fer-tshisekedi-kagame-sexporte-a-washington\/\">M23 en RDC : comment le bras de fer Tshisekedi-Kagame s\u2019exporte \u00e0 Washington<\/a><\/p>\n\n\n\n<p>Cette question a aussi fait l\u2019objet d\u2019une r\u00e9union sp\u00e9cifique le 14 d\u00e9cembre. Pr\u00e9par\u00e9e par \u00c9variste Ndayishimiye, qui pr\u00e9side la Communaut\u00e9 des \u00c9tats d\u2019Afrique de l\u2019Est, et&nbsp;<a href=\"https:\/\/www.jeuneafrique.com\/1362206\/politique\/angola-joao-lourenco-un-second-mandat-pour-un-second-souffle\/\">l\u2019Angolais Jo\u00e3o Louren\u00e7o<\/a>, qui pilote le processus de Luanda, cette rencontre s\u2019est d\u00e9roul\u00e9e en compagnie de Paul Kagame, de Yoweri Museveni et de la Tanzanienne Samia Suluhu. Absence de taille : celle de F\u00e9lix Tshisekedi, qui ne s\u2019est pas non plus fait repr\u00e9senter, mais qui s\u2019est tout de m\u00eame entretenu avec ses homologues burundais et angolais le 15 d\u00e9cembre, avant de quitter Washington.<\/p>\n\n\n\n<h2 class=\"wp-block-heading\">Bazoum \u00e0 la droite de Biden<\/h2>\n\n\n\n<p>Si cette absence a pu sembler curieuse, au regard de la gravit\u00e9 de la situation, l\u2019entourage du pr\u00e9sident congolais assure qu\u2019il ne s\u2019agit que d\u2019un conflit de calendrier : le pr\u00e9sident avait, au m\u00eame moment, rendez-vous avec le pr\u00e9sident am\u00e9ricain Joe Biden. Un bref entretien \u00e0 deux,&nbsp;<a href=\"https:\/\/www.jeuneafrique.com\/1400966\/politique\/ali-bongo-ondimba-felix-tshisekedi-et-george-weah-parmi-les-presidents-recus-par-joe-biden\/\">suivi d\u2019une rencontre \u00e0 six, en compagnie des dirigeants gabonais, lib\u00e9rien, nig\u00e9rian, malgache et sierra-l\u00e9onais.<\/a>&nbsp;Au coeur des discussions : ces \u00e9lections que chacun des pr\u00e9sidents invit\u00e9s \u00e0 la Maison blanche doivent organiser en 2023. Washington, qui a souhait\u00e9 mettre l\u2019accent sur les questions de bonne gouvernance, s\u2019est voulu rassurant. Il ne s\u2019agissait pas de \u00ab&nbsp;tirer la sonnette d\u2019alarme ou de dire que nous avons des inqui\u00e9tudes et des solutions&nbsp;\u00bb, a-t-il insist\u00e9.<\/p>\n\n\n\n<p>Cette rencontre restera l\u2019un des rares \u00e9changes directs entre Joe Biden et ses homologues, en dehors des conf\u00e9rences auxquelles le pr\u00e9sident am\u00e9ricain a pris part le 15 d\u00e9cembre, pour la cl\u00f4ture du sommet. \u00c0 l\u2019exception aussi du d\u00eener d\u2019\u00c9tat donn\u00e9 \u00e0 la Maison blanche, au soir du 14 d\u00e9cembre. F\u00e9lix&nbsp;Tshisekedi&nbsp;n\u2019y a pas non plus particip\u00e9, son entourage invoquant \u00ab&nbsp;le deuil national en RDC&nbsp;\u00bb \u00e0 la suite des inondations meurtri\u00e8res de Kinshasa. Au cours de ce d\u00eener, lors duquel Macky Sall a d\u00e9livr\u00e9 un court discours en sa qualit\u00e9 de pr\u00e9sident de l\u2019UA, Joe Biden \u00e9tait assis au c\u00f4t\u00e9 du Nig\u00e9rien Mohamed Bazoum, plac\u00e9 \u00e0 sa droite.<\/p>\n\n\n\n<p>Les chefs d\u2019\u00c9tat se sont r\u00e9unis au complet une derni\u00e8re fois, le 15 d\u00e9cembre, pour la traditionnelle \u00ab&nbsp;photo de famille&nbsp;\u00bb. Deux absences notoires : celles d\u2019Abiy Ahmed et de Paul Kagame, repr\u00e9sent\u00e9 par son ministre des Affaires \u00e9trang\u00e8res. Sollicit\u00e9e, la pr\u00e9sidence rwandaise nous a r\u00e9pondu que ce dernier avait quitt\u00e9 Washington dans la soir\u00e9e du 14 d\u00e9cembre. Il n\u2019a donc pas assist\u00e9 au dernier jour du sommet.\u00c0 LIRE<a href=\"https:\/\/www.jeuneafrique.com\/1335827\/politique\/rwanda-paul-rusesabagina-voit-sa-peine-de-prison-confirmee-en-appel\/\">Rwanda : Paul Rusesabagina voit sa peine de prison confirm\u00e9e en appel<\/a><\/p>\n\n\n\n<p>Outre la probl\u00e9matique congolaise, qui a fait l\u2019objet de nombreuses discussions, Paul Kagame est \u00e9galement revenu&nbsp;<a href=\"https:\/\/www.jeuneafrique.com\/1343880\/politique\/rwanda-apres-sa-condamnation-paul-rusesabagina-contre-attaque\/\">sur la situation de Paul Rusesabagina,<\/a>&nbsp;dont les \u00c9tats-Unis ont r\u00e9clam\u00e9 la lib\u00e9ration \u00e0 de multiples reprises. \u00ab&nbsp;Personne, d\u2019o\u00f9 qu\u2019il vienne, ne nous forcera \u00e0 faire quoi que ce soit&nbsp;\u00bb, a lanc\u00e9 le pr\u00e9sident rwandais au sujet de l\u2019opposant condamn\u00e9 en appel \u00e0 25 ans de prison pour terrorisme.<\/p>\n\n\n\n<h2 class=\"wp-block-heading\">Marathon diplomatique pour Blinken<\/h2>\n\n\n\n<p>Antony Blinken s\u2019est lui aussi retrouv\u00e9 en premi\u00e8re ligne pendant ce sommet. Compte tenu des h\u00e9sitations de l\u2019administration am\u00e9ricaine sur la tenue ou non de bilat\u00e9rales entre le pr\u00e9sident am\u00e9ricain et ses homologues, le secr\u00e9taire d\u2019\u00c9tat a \u00e9t\u00e9 largement mis \u00e0 contribution et a multipli\u00e9 les rencontres. Le 13 d\u00e9cembre il s\u2019est notamment entretenu avec Jo\u00e3o Louren\u00e7o, avec qui il a parl\u00e9 du processus de Luanda cens\u00e9 permettre une sortie de crise entre la RDC et le Rwanda.<\/p>\n\n\n\n<p>Il a aussi \u00e9chang\u00e9 avec F\u00e9lix Tshisekedi. Selon un proche collaborateur du pr\u00e9sident congolais, la rencontre a \u00e9galement permis de mettre sur la table la question de l\u2019organisation des prochaines \u00e9lections et l\u2019\u00e9pineux sujet du&nbsp;<a href=\"https:\/\/www.jeuneafrique.com\/1397078\/economie\/rdc-dan-gertler-ce-que-contient-le-contrat-entre-letat-et-le-magnat-israelien\/\">l\u2019accord sign\u00e9 avec Dan Gertler,<\/a>&nbsp;milliardaire et&nbsp;<a href=\"https:\/\/www.jeuneafrique.com\/dossiers\/dan-gertler-dieu-le-congo-et-lui\/\">magnat des mines sous sanctions am\u00e9ricaines depuis 2017<\/a>. Un accord rendu public par le gouvernement congolais apr\u00e8s des mois d\u2019attente mais dont certaines clauses, notamment le maintien de paiement de royalties sur certains projets miniers, ont crisp\u00e9 Washington.\u00c0 LIRE<a href=\"https:\/\/www.jeuneafrique.com\/1360423\/politique\/exclusif-dan-gertler-tous-etaient-effrayes-par-le-congo-mais-pas-moi\/\">Exclusif&nbsp;\u2013&nbsp;Dan Gertler&nbsp;:&nbsp;\u00ab&nbsp;Tous \u00e9taient effray\u00e9s par le Congo, mais pas moi&nbsp;\u00bb<\/a><\/p>\n\n\n\n<p>Blinken, qui \u00e9tait par ailleurs l\u2019h\u00f4te d\u2019un d\u00eener des ministres, le 14 d\u00e9cembre, a poursuivi son marathon diplomatique lors d\u2019une bilat\u00e9rale avec Abiy Ahmed, en d\u00e9licatesse avec l\u2019administration am\u00e9ricaine depuis plusieurs mois sur fond de conflit au Tigr\u00e9. Il s\u2019est \u00e9galement entretenu avec les pr\u00e9sidents du Mozambique, de l\u2019\u00c9gypte et du Ghana,&nbsp;<a href=\"https:\/\/www.jeuneafrique.com\/1401128\/politique\/le-burkina-faso-a-conclu-un-accord-avec-wagner-selon-nana-akufo-addo\/\" target=\"_blank\" rel=\"noreferrer noopener\">l\u2019occasion pour Nana Akufo-Addo d\u2019\u00e9pingler publiquement et de mani\u00e8re in\u00e9dite la pr\u00e9sence<\/a>, au Burkina Faso, des mercenaires de Wagner.<\/p>\n\n\n\n<h2 class=\"wp-block-heading\">\u00ab&nbsp;Choix malheureux&nbsp;\u00bb de Wagner<\/h2>\n\n\n\n<p>Jamais abord\u00e9e frontalement au cours de ce sommet dont les th\u00e9matiques sont rest\u00e9es plut\u00f4t consensuelles, la question de l\u2019influence russe et de la soci\u00e9t\u00e9 paramilitaire Wagner est demeur\u00e9e un sujet sous-jacent tout au long des discussions. \u00ab&nbsp;Pour les pays qui ont fait le choix malheureux de traiter avec le groupe Wagner, nous pensons que c\u2019est une erreur et nous les invitons \u00e0 r\u00e9fl\u00e9chir \u00e0 la mani\u00e8re de revenir sur leur d\u00e9cision\u201d, a expliqu\u00e9 \u00e0&nbsp;<em>Jeune Afrique<\/em>&nbsp;Ervin Massinga, l\u2019adjoint de Molly Phee.\u00c0 LIRE<a href=\"https:\/\/www.jeuneafrique.com\/1388891\/politique\/burkina-mali-face-a-la-russie-les-etats-unis-en-operation-reconquete\/\">Burkina \u2013 Mali : face \u00e0 la Russie, les \u00c9tats-Unis en op\u00e9ration reconqu\u00eate<\/a><\/p>\n\n\n\n<p>L\u2019ambassadrice am\u00e9ricaine aupr\u00e8s de l\u2019ONU,&nbsp;<a href=\"https:\/\/www.jeuneafrique.com\/1400555\/politique\/etats-unis-afrique-les-rumeurs-sur-le-deploiement-de-wagner-au-burkina-faso-nous-preoccupent\/\">Linda Thomas-Greefield, avait elle-m\u00eame fait part \u00e0&nbsp;<em>Jeune Afrique<\/em>&nbsp;des \u00ab&nbsp;pr\u00e9occupations&nbsp;\u00bb de Washington concernant les rumeurs de d\u00e9ploiement de Wagner au Burkina Faso<\/a>. Lors de sa conf\u00e9rence de presse de fin de sommet, Antony Blinken a reconnu que le sujet \u00e9tait revenu sur la table lors de plusieurs de ses entretiens avec les&nbsp;d\u00e9l\u00e9gations&nbsp;pr\u00e9sentes.<\/p>\n<div style=\"text-align:center\" class=\"wps-pgfw-pdf-generate-icon__wrapper-frontend\">\n\t\t<a href=\"https:\/\/congokin.blog?action=genpdf&amp;id=10999\" class=\"pgfw-single-pdf-download-button\" ><img src=\"https:\/\/congokin.blog\/wp-content\/plugins\/pdf-generator-for-wp\/admin\/src\/images\/PDF_Tray.svg\" title=\"G\u00e9n\u00e9rer un PDF\" style=\"width:auto; height:45px;\"><\/a>\n\t\t<\/div>","protected":false},"excerpt":{"rendered":"<p>POLITIQUE Wagner, pr\u00e9sidence de l\u2019UA, M23\u2026 Dans les coulisses du sommet de Washington Si le programme officiel du sommet \u00c9tats-Unis \u2013 Afrique s\u2019est surtout r\u00e9sum\u00e9 \u00e0 une s\u00e9rie de tables rondes et de signatures d\u2019accords, il a aussi \u00e9t\u00e9 l\u2019occasion d\u2019un intense activisme diplomatique. 16 d\u00e9cembre 2022 \u00e0 12:47 Par\u00a0Romain Gras\u00a0et\u00a0Julian Pecquet\u00a0&#8211; \u00e0 Washington Mis [&hellip;]<\/p>\n","protected":false},"author":8,"featured_media":0,"comment_status":"open","ping_status":"closed","sticky":false,"template":"","format":"standard","meta":{"footnotes":""},"categories":[1],"tags":[],"class_list":["post-10999","post","type-post","status-publish","format-standard","hentry","category-uncategorized"],"_links":{"self":[{"href":"https:\/\/congokin.blog\/index.php?rest_route=\/wp\/v2\/posts\/10999","targetHints":{"allow":["GET"]}}],"collection":[{"href":"https:\/\/congokin.blog\/index.php?rest_route=\/wp\/v2\/posts"}],"about":[{"href":"https:\/\/congokin.blog\/index.php?rest_route=\/wp\/v2\/types\/post"}],"author":[{"embeddable":true,"href":"https:\/\/congokin.blog\/index.php?rest_route=\/wp\/v2\/users\/8"}],"replies":[{"embeddable":true,"href":"https:\/\/congokin.blog\/index.php?rest_route=%2Fwp%2Fv2%2Fcomments&post=10999"}],"version-history":[{"count":2,"href":"https:\/\/congokin.blog\/index.php?rest_route=\/wp\/v2\/posts\/10999\/revisions"}],"predecessor-version":[{"id":11002,"href":"https:\/\/congokin.blog\/index.php?rest_route=\/wp\/v2\/posts\/10999\/revisions\/11002"}],"wp:attachment":[{"href":"https:\/\/congokin.blog\/index.php?rest_route=%2Fwp%2Fv2%2Fmedia&parent=10999"}],"wp:term":[{"taxonomy":"category","embeddable":true,"href":"https:\/\/congokin.blog\/index.php?rest_route=%2Fwp%2Fv2%2Fcategories&post=10999"},{"taxonomy":"post_tag","embeddable":true,"href":"https:\/\/congokin.blog\/index.php?rest_route=%2Fwp%2Fv2%2Ftags&post=10999"}],"curies":[{"name":"wp","href":"https:\/\/api.w.org\/{rel}","templated":true}]}}