{"id":11003,"date":"2022-12-18T05:51:19","date_gmt":"2022-12-18T05:51:19","guid":{"rendered":"https:\/\/congokin.blog\/?p=11003"},"modified":"2022-12-19T16:52:26","modified_gmt":"2022-12-19T16:52:26","slug":"reunion-du-secretaire-blinken-avec-le-president-tshisekedi-de-la-rdc-prevalence-de-la-these-de-kagame","status":"publish","type":"post","link":"https:\/\/congokin.blog\/?p=11003","title":{"rendered":"R\u00e9union du secr\u00e9taire Blinken avec le pr\u00e9sident Tshisekedi de la RDC: pr\u00e9valence de la th\u00e8se de Kagame."},"content":{"rendered":"\n<p class=\"has-luminous-vivid-amber-background-color has-background\">Dans la d\u00e9claration  ci-dessous, le D\u00e9partement d&rsquo;\u00c9tat exige sans ambigu\u00eft\u00e9 le retrait du M23  (sans citer le Rwanda),  la cessation du soutien de l&rsquo;\u00c9tat  [RDC] aux groupes armes ainsi que  le discours de haine juge intol\u00e9rable. Le r\u00f4le de  la fore d&rsquo;intervention de la communaut\u00e9 de l&rsquo;Afrique  de l&rsquo;Est est m\u00e9connue par rapport \u00e0 la MONUSCO. C&rsquo;est donc la th\u00e8se de Kagame qui a pr\u00e9valu.<\/p>\n\n\n\n<p class=\"has-luminous-vivid-amber-background-color has-background\"><\/p>\n\n\n\n<figure class=\"wp-block-image size-full\"><img loading=\"lazy\" decoding=\"async\" width=\"154\" height=\"154\" src=\"https:\/\/congokin.blog\/wp-content\/uploads\/2022\/12\/image-13.png\" alt=\"\" class=\"wp-image-11025\" srcset=\"https:\/\/congokin.blog\/wp-content\/uploads\/2022\/12\/image-13.png 154w, https:\/\/congokin.blog\/wp-content\/uploads\/2022\/12\/image-13-150x150.png 150w\" sizes=\"auto, (max-width: 154px) 100vw, 154px\" \/><\/figure>\n\n\n\n<p class=\"has-pale-cyan-blue-background-color has-background\">Ce qui suit est attribuable au porte-parole Ned Price :<\/p>\n\n\n\n<p class=\"has-pale-cyan-blue-background-color has-background\">Le secr\u00e9taire Antony J. Blinken a rencontr\u00e9 aujourd\u2019hui le pr\u00e9sident de la r\u00e9publique d\u00e9mocratique du Congo (RDC), F\u00e9lix Tshisekedi, pour discuter de la situation s\u00e9curitaire et humanitaire d\u00e9sastreuse dans l\u2019est de la RDC. Le secr\u00e9taire Blinken a exprim\u00e9 ses condol\u00e9ances pour les vies perdues \u00e0 Kishishe et son inqui\u00e9tude pour les centaines de milliers de personnes d\u00e9plac\u00e9es.<\/p>\n\n\n\n<p class=\"has-pale-cyan-blue-background-color has-background\">Le secr\u00e9taire Blinken et le pr\u00e9sident Tshisekedi se sont accord\u00e9s sur l\u2019importance de la mise en \u0153uvre imm\u00e9diate du communiqu\u00e9 du 23 novembre suite au mini-sommet de Luanda sur la paix et la s\u00e9curit\u00e9, \u00e0 savoir la cessation des hostilit\u00e9s, le retrait du groupe arm\u00e9 M23, la fin du soutien de l\u2019\u00c9tat aux groupes arm\u00e9s, la condamnation des discours de haine et la reprise des consultations entre le gouvernement de la RDC et les groupes arm\u00e9s nationaux dans le cadre du processus de Nairobi.<\/p>\n\n\n\n<p class=\"has-pale-cyan-blue-background-color has-background\">Le secr\u00e9taire a encourag\u00e9 le gouvernement de la RDC \u00e0 d\u00e9noncer le discours de haine et l\u2019a exhort\u00e9 \u00e0 intensifier ses efforts pour condamner cette rh\u00e9torique inacceptable. Il a soulign\u00e9 que toute op\u00e9ration militaire transfrontali\u00e8re autoris\u00e9e, bilat\u00e9rale et multilat\u00e9rale, devrait \u00eatre harmonis\u00e9e avec la MONUSCO et men\u00e9e conform\u00e9ment aux r\u00e9solutions de sanctions existantes des Nations unies. Il a salu\u00e9 la volont\u00e9 du pr\u00e9sident Tshisekedi d\u2019engager un dialogue continu et son engagement en faveur de la paix et la stabilit\u00e9 pour le peuple congolais.<\/p>\n\n\n\n<p>(<a href=\"https:\/\/www.state.gov\/secretary-blinkens-meeting-with-drc-president-tshisekedi\/?utm_medium=email&amp;utm_source=govdelivery\"> Compte rendu de la r\u00e9union par le D\u00e9partement d&rsquo;\u00c9tat <\/a>)<\/p>\n<div style=\"text-align:center\" class=\"wps-pgfw-pdf-generate-icon__wrapper-frontend\">\n\t\t<a href=\"https:\/\/congokin.blog?action=genpdf&amp;id=11003\" class=\"pgfw-single-pdf-download-button\" ><img src=\"https:\/\/congokin.blog\/wp-content\/plugins\/pdf-generator-for-wp\/admin\/src\/images\/PDF_Tray.svg\" title=\"G\u00e9n\u00e9rer un PDF\" style=\"width:auto; height:45px;\"><\/a>\n\t\t<\/div>","protected":false},"excerpt":{"rendered":"<p>Dans la d\u00e9claration ci-dessous, le D\u00e9partement d&rsquo;\u00c9tat exige sans ambigu\u00eft\u00e9 le retrait du M23 (sans citer le Rwanda), la cessation du soutien de l&rsquo;\u00c9tat [RDC] aux groupes armes ainsi que le discours de haine juge intol\u00e9rable. Le r\u00f4le de la fore d&rsquo;intervention de la communaut\u00e9 de l&rsquo;Afrique de l&rsquo;Est est m\u00e9connue par rapport \u00e0 la [&hellip;]<\/p>\n","protected":false},"author":8,"featured_media":0,"comment_status":"open","ping_status":"closed","sticky":false,"template":"","format":"standard","meta":{"footnotes":""},"categories":[1],"tags":[],"class_list":["post-11003","post","type-post","status-publish","format-standard","hentry","category-uncategorized"],"_links":{"self":[{"href":"https:\/\/congokin.blog\/index.php?rest_route=\/wp\/v2\/posts\/11003","targetHints":{"allow":["GET"]}}],"collection":[{"href":"https:\/\/congokin.blog\/index.php?rest_route=\/wp\/v2\/posts"}],"about":[{"href":"https:\/\/congokin.blog\/index.php?rest_route=\/wp\/v2\/types\/post"}],"author":[{"embeddable":true,"href":"https:\/\/congokin.blog\/index.php?rest_route=\/wp\/v2\/users\/8"}],"replies":[{"embeddable":true,"href":"https:\/\/congokin.blog\/index.php?rest_route=%2Fwp%2Fv2%2Fcomments&post=11003"}],"version-history":[{"count":3,"href":"https:\/\/congokin.blog\/index.php?rest_route=\/wp\/v2\/posts\/11003\/revisions"}],"predecessor-version":[{"id":11028,"href":"https:\/\/congokin.blog\/index.php?rest_route=\/wp\/v2\/posts\/11003\/revisions\/11028"}],"wp:attachment":[{"href":"https:\/\/congokin.blog\/index.php?rest_route=%2Fwp%2Fv2%2Fmedia&parent=11003"}],"wp:term":[{"taxonomy":"category","embeddable":true,"href":"https:\/\/congokin.blog\/index.php?rest_route=%2Fwp%2Fv2%2Fcategories&post=11003"},{"taxonomy":"post_tag","embeddable":true,"href":"https:\/\/congokin.blog\/index.php?rest_route=%2Fwp%2Fv2%2Ftags&post=11003"}],"curies":[{"name":"wp","href":"https:\/\/api.w.org\/{rel}","templated":true}]}}