{"id":11045,"date":"2022-12-20T18:48:49","date_gmt":"2022-12-20T18:48:49","guid":{"rendered":"https:\/\/congokin.blog\/?p=11045"},"modified":"2022-12-20T18:48:49","modified_gmt":"2022-12-20T18:48:49","slug":"rdc-plainte-en-belgique-contre-une-menace-de-genocide-contre-les-tutsis-congolais","status":"publish","type":"post","link":"https:\/\/congokin.blog\/?p=11045","title":{"rendered":"RDC : Plainte en Belgique contre une menace de g\u00e9nocide contre les Tutsis congolais"},"content":{"rendered":"\n<h1 class=\"wp-block-heading\">RDC : Plainte en Belgique contre une menace de g\u00e9nocide contre les Tutsis congolais<\/h1>\n\n\n\n<ul class=\"wp-block-list\">\n<li>Dans\u00a0Non class\u00e9<\/li>\n\n\n\n<li>20 d\u00e9cembre 2022<\/li>\n\n\n\n<li>Hubert Leclercq<\/li>\n\n\n\n<li>57 Vues<\/li>\n<\/ul>\n\n\n\n<figure class=\"wp-block-image\"><a href=\"https:\/\/afrique.lalibre.be\/app\/uploads\/2020\/10\/le-bourgmestre-de-minembwe-gadi-muzika-presente-ses-condoleances-aux-membres-de-la-communaute-banyamulenge-lors-des-obseques-d-un-berger-tue-par-des-miliciens-dans-le-sud-kivu-le-7-octobre-2020_6277038-787x443.jpg\"><img decoding=\"async\" src=\"https:\/\/afrique.lalibre.be\/app\/uploads\/2020\/10\/le-bourgmestre-de-minembwe-gadi-muzika-presente-ses-condoleances-aux-membres-de-la-communaute-banyamulenge-lors-des-obseques-d-un-berger-tue-par-des-miliciens-dans-le-sud-kivu-le-7-octobre-2020_6277038-690x450.jpg\" alt=\"RDC : Plainte en Belgique contre une menace de g\u00e9nocide contre les Tutsis congolais\" title=\"\"\/><\/a><\/figure>\n\n\n\n<h3 class=\"wp-block-heading\">Des appels aux meurtres, des collectes de fonds pour des milices g\u00e9nocidaires sont notamment cibl\u00e9s.<\/h3>\n\n\n\n<p>\u201d<em>C\u2019est la m\u00eame musique et les m\u00eames chants entendus au d\u00e9but des ann\u00e9es 90\u201d<\/em>, explique l\u2019avocat Bernard Maingain, un des avocats de ce collectif mis sur pied pour d\u00e9fendre les droits des Tutsis de la R\u00e9publique d\u00e9mocratique du Congo et, surtout, \u201c<em>tenter d\u2019\u00e9viter un nouveau g\u00e9nocide\u201d<\/em>&nbsp;dans cette r\u00e9gion des Kivu, frontali\u00e8re du Burundi, du Rwanda et de l\u2019Ouganda.<\/p>\n\n\n\n<p>Depuis le milieu des ann\u00e9es 90 et le g\u00e9nocide des Tutsis rwandais, la tension entre les communaut\u00e9s dans l\u2019est de la RDC n\u2019a peut-\u00eatre jamais \u00e9t\u00e9 aussi intense. Depuis un an, le M23, mouvement rebelle composite mais essentiellement men\u00e9 par des Tutsis congolais, a repris les armes. En 2013, apr\u00e8s avoir occup\u00e9 quelques jours Goma, la capitale du Nord-Kivu, les combattants de ce mouvement rebelle ont accept\u00e9 de se replier sur le Rwanda et l\u2019Ouganda \u00e0 la demande des chefs d\u2019\u00c9tat de la r\u00e9gion en attendant des n\u00e9gociations pour faire entendre leur revendication avec les autorit\u00e9s de Kinshasa. Des n\u00e9gociations qui n\u2019ont jamais d\u00e9but\u00e9 que ce soit sous Kabila ou sous Tshisekedi. En d\u00e9cembre 2021, face \u00e0 l\u2019impasse qui se dessinait, des factions ont repris les armes et un nouveau front s\u2019est dessin\u00e9 au Nord-Kivu opposant la r\u00e9surgence du M23 aux militaires des Forces arm\u00e9es de la RDC.<\/p>\n\n\n\n<p>Le M23 accuse l\u2019arm\u00e9e r\u00e9guli\u00e8re congolaise de s\u2019associer \u00e0 des milices d\u2019autod\u00e9fense Ma\u00ef-Ma\u00ef et des troupes du Front d\u00e9mocratique de lib\u00e9ration du Rwanda (FDLR), essentiellement hutu. Kinshasa, de son c\u00f4t\u00e9, ne voit dans ce M23 qu\u2019une succursale du pouvoir tutsi du pr\u00e9sident rwandais Paul Kagame, lui niant toute l\u00e9gitimit\u00e9 congolaise.<\/p>\n\n\n\n<p>Une approche qui emp\u00eache tout dialogue et qui cristallise tous les exc\u00e8s, notamment sur les r\u00e9seaux sociaux o\u00f9 plusieurs activistes clairement identifi\u00e9s appellent \u201c<em>au massacre\u201d&nbsp;<\/em>de tous les Tutsis, syst\u00e9matiquement assimil\u00e9s \u00e0 des Rwandais \u201c<em>qui doivent \u00eatre renvoy\u00e9s co\u00fbte que co\u00fbte chez eux\u201d<\/em>. Une plainte a \u00e9t\u00e9 d\u00e9pos\u00e9e en d\u00e9cembre 2021 en Belgique, avec constitution de partie civile. Les avocats sont mandat\u00e9s par trois survivants d\u2019un pogrom men\u00e9 \u00e0 Kalima, non loin d\u2019Uvira dans le Sud-Kivu. Des exactions d\u00fbment document\u00e9es aussi par des experts des Nations Unies.<\/p>\n\n\n\n<blockquote class=\"wp-block-quote is-layout-flow wp-block-quote-is-layout-flow\">\n<p><a href=\"https:\/\/afrique.lalibre.be\/66574\/atrocites-au-sud-kivu-rdc-un-collectif-davocats-a-redige-des-plaintes-2\/\">Atrocit\u00e9s au Sud-Kivu (RDC): un collectif d\u2019avocats a r\u00e9dig\u00e9 des plaintes<\/a><\/p>\n<\/blockquote>\n\n\n\n<p class=\"has-luminous-vivid-amber-background-color has-background\">\u201d<em>En Belgique mais aussi au Canada, aux \u00c9tats-Unis et dans d\u2019autres pays de l\u2019Union europ\u00e9enne, nous avons d\u00e9couvert de nombreux messages de haine\u201d<\/em>, explique Me Maingain, qui livre tout une s\u00e9rie de publications sur diff\u00e9rentes plateformes. \u201c<em>Nous avons toutes les preuves. Il y a des appels au meurtre, d\u2019autres \u00e0 des transferts d\u2019argent pour des milices comme celle de Yakatumba. Envoyer des sommes, m\u00eame modiques, \u00e0 ces gens s\u2019apparente \u00e0 un soutien au terrorisme.\u201d<\/em><\/p>\n\n\n\n<p class=\"has-luminous-vivid-amber-background-color has-background\">En R\u00e9publique d\u00e9mocratique du Congo, le pr\u00e9sident F\u00e9lix Tshisekedi a plusieurs fois condamn\u00e9 ces agissements. \u201c<em>Mais condamner ou d\u00e9noncer ne suffit pas\u201d<\/em>, explique l\u2019avocat Jean-Paul Shaka qui officie \u00e0 New York o\u00f9 des plaintes devraient \u00eatre d\u00e9pos\u00e9es prochainement. \u201c<em>Le gouvernement congolais doit r\u00e9primer ces criminels. Il faut imposer la loi et l\u2019\u00e9tat de droit sur toute l\u2019\u00e9tendue du pays. Ce qui se passe aujourd\u2019hui est le fruit de longues ann\u00e9es d\u2019impunit\u00e9. Il faut d\u00e9sormais des proc\u00e8s publics. Tant que la justice n\u2019est pas dite, on peut avoir le sentiment que le gouvernement encourage cette violence\u201d.<\/em><\/p>\n\n\n\n<h3 class=\"wp-block-heading\">Impunit\u00e9<\/h3>\n\n\n\n<p class=\"has-pale-cyan-blue-background-color has-background\">Des violences \u00e0 l\u2019\u00e9gard des Tutsis congolais largement document\u00e9es par le collectif. Il est question d\u2019insultes, de menaces physiques, d\u2019attaques contre les biens de ces personnes (souvent leur b\u00e9tail) mais aussi des meurtres \u00e0 l\u2019arme blanche, des personnes ont \u00e9t\u00e9 br\u00fbl\u00e9es vives et, dans la province du Maniema, un cas d\u2019anthropophagie a m\u00eame \u00e9t\u00e9 film\u00e9.<\/p>\n\n\n\n<p class=\"has-pale-cyan-blue-background-color has-background\">La violence de ces attaques, la virulence de ces \u00e9crits, des propos de ces \u201cactivistes\u201d qui s\u2019affichent ouvertement d\u00e9montre une absence de crainte des sanctions des autorit\u00e9s. \u201c<em>Le Congo entre dans une ann\u00e9e \u00e9lectorale et on a le sentiment que cette haine est instrumentalis\u00e9e<\/em>\u201d, explique un Congolais du Sud-Kivu interrog\u00e9, ce mardi, sur ces violences \u00e0 r\u00e9p\u00e9tition contre une communaut\u00e9 \u201c<em>qui est install\u00e9 au Congo depuis bien avant la cr\u00e9ation de cet \u00c9tat par les Belges\u201d<\/em>.<\/p>\n\n\n\n<p class=\"has-pale-cyan-blue-background-color has-background\">En 2022, ce qui s\u2019apparente \u00e0 une \u201cchasse aux Tutsis\u201d a m\u00eame atteint la capitale Kinshasa. Au printemps dernier, alors que le M23 progressait \u00e0 l\u2019est du pays, des membres de l\u2019UDPS, le parti pr\u00e9sidentiel, ont lanc\u00e9 des patrouilles de contr\u00f4le sur les routes de la capitale. Munis de machettes, ces \u201cmouvements citoyens\u201d n\u00e9s avec la b\u00e9n\u00e9diction du pouvoir s\u2019arrogeaient le droit de contr\u00f4ler les occupants des v\u00e9hicules \u00e0 la recherche de Tutsis. Une \u201cchasse au faci\u00e8s\u201d \u00e0 laquelle le pouvoir a rapidement mis fin sans que les auteurs soient poursuivis, renfor\u00e7ant une fois de plus ce sentiment d\u2019impunit\u00e9 qui interroge sur la volont\u00e9 r\u00e9elle du pouvoir de mettre un terme \u00e0 \u201c<em>ces agissements annonciateurs d\u2019un retour du g\u00e9nocide\u201d,&nbsp;<\/em>comme le dit un des avocats engag\u00e9s au c\u00f4t\u00e9 de ces Tutsis congolais.<\/p>\n<div style=\"text-align:center\" class=\"wps-pgfw-pdf-generate-icon__wrapper-frontend\">\n\t\t<a href=\"https:\/\/congokin.blog?action=genpdf&amp;id=11045\" class=\"pgfw-single-pdf-download-button\" ><img src=\"https:\/\/congokin.blog\/wp-content\/plugins\/pdf-generator-for-wp\/admin\/src\/images\/PDF_Tray.svg\" title=\"G\u00e9n\u00e9rer un PDF\" style=\"width:auto; height:45px;\"><\/a>\n\t\t<\/div>","protected":false},"excerpt":{"rendered":"<p>RDC : Plainte en Belgique contre une menace de g\u00e9nocide contre les Tutsis congolais Des appels aux meurtres, des collectes de fonds pour des milices g\u00e9nocidaires sont notamment cibl\u00e9s. \u201dC\u2019est la m\u00eame musique et les m\u00eames chants entendus au d\u00e9but des ann\u00e9es 90\u201d, explique l\u2019avocat Bernard Maingain, un des avocats de ce collectif mis sur [&hellip;]<\/p>\n","protected":false},"author":9,"featured_media":0,"comment_status":"open","ping_status":"closed","sticky":false,"template":"","format":"standard","meta":{"footnotes":""},"categories":[1],"tags":[],"class_list":["post-11045","post","type-post","status-publish","format-standard","hentry","category-uncategorized"],"_links":{"self":[{"href":"https:\/\/congokin.blog\/index.php?rest_route=\/wp\/v2\/posts\/11045","targetHints":{"allow":["GET"]}}],"collection":[{"href":"https:\/\/congokin.blog\/index.php?rest_route=\/wp\/v2\/posts"}],"about":[{"href":"https:\/\/congokin.blog\/index.php?rest_route=\/wp\/v2\/types\/post"}],"author":[{"embeddable":true,"href":"https:\/\/congokin.blog\/index.php?rest_route=\/wp\/v2\/users\/9"}],"replies":[{"embeddable":true,"href":"https:\/\/congokin.blog\/index.php?rest_route=%2Fwp%2Fv2%2Fcomments&post=11045"}],"version-history":[{"count":1,"href":"https:\/\/congokin.blog\/index.php?rest_route=\/wp\/v2\/posts\/11045\/revisions"}],"predecessor-version":[{"id":11046,"href":"https:\/\/congokin.blog\/index.php?rest_route=\/wp\/v2\/posts\/11045\/revisions\/11046"}],"wp:attachment":[{"href":"https:\/\/congokin.blog\/index.php?rest_route=%2Fwp%2Fv2%2Fmedia&parent=11045"}],"wp:term":[{"taxonomy":"category","embeddable":true,"href":"https:\/\/congokin.blog\/index.php?rest_route=%2Fwp%2Fv2%2Fcategories&post=11045"},{"taxonomy":"post_tag","embeddable":true,"href":"https:\/\/congokin.blog\/index.php?rest_route=%2Fwp%2Fv2%2Ftags&post=11045"}],"curies":[{"name":"wp","href":"https:\/\/api.w.org\/{rel}","templated":true}]}}