{"id":11047,"date":"2022-12-20T19:58:19","date_gmt":"2022-12-20T19:58:19","guid":{"rendered":"https:\/\/congokin.blog\/?p=11047"},"modified":"2022-12-20T19:58:19","modified_gmt":"2022-12-20T19:58:19","slug":"en-republique-democratique-du-congo-les-tutsis-vivent-dans-la-psychose-dun-genocide","status":"publish","type":"post","link":"https:\/\/congokin.blog\/?p=11047","title":{"rendered":"En R\u00e9publique d\u00e9mocratique du Congo, \u00ables Tutsis vivent dans la psychose d\u2019un g\u00e9nocide\u00bb"},"content":{"rendered":"\n<h1 class=\"wp-block-heading\">En R\u00e9publique d\u00e9mocratique du Congo, \u00ables Tutsis vivent dans la psychose d\u2019un g\u00e9nocide\u00bb<\/h1>\n\n\n\n<p>(Article publi\u00e9 dans  lib\u00e9ration)<\/p>\n\n\n\n<p>L\u2019ONU et une ONG locale se sont r\u00e9cemment alarm\u00e9es des pers\u00e9cutions visant la minorit\u00e9 tutsie, alors que Kinshasa m\u00e8ne une guerre totale contre le M23, mouvement rebelle identifi\u00e9 \u00e0 cette communaut\u00e9.<\/p>\n\n\n\n<figure class=\"wp-block-image\"><img decoding=\"async\" src=\"https:\/\/www.liberation.fr\/resizer\/WFyLdY5T7PQvrkl1g8kvVxOiv4s=\/1024x0\/filters:format(jpg):quality(70)\/cloudfront-eu-central-1.images.arcpublishing.com\/liberation\/DSPMTT2NJ5CCLAP4VDFGSRNCVE.jpg\" alt=\"\"\/><figcaption class=\"wp-element-caption\">Le g\u00e9n\u00e9ral Janvier Karairi (\u00e0 droite), leader de l&rsquo;Alliance des patriotes pour un Congo libre et souverain, patrouille pr\u00e8s de Kitshanga (RDC), le 11 d\u00e9cembre 2022.&nbsp;(Guerchom Ndebo \/AFP)<\/figcaption><\/figure>\n\n\n\n<p>par&nbsp;<a href=\"https:\/\/www.liberation.fr\/auteur\/maria-malagardis\/\">Maria Malagardis<\/a><\/p>\n\n\n\n<p>publi\u00e9 aujourd&rsquo;hui \u00e0 16h02<\/p>\n\n\n\n<p>Le ciel baigne dans une grisaille tropicale \u00e0 Kitshanga, petite localit\u00e9 plant\u00e9e sur la terre noire du Masisi, \u00e0 l\u2019extr\u00e9mit\u00e9 orientale de la R\u00e9publique d\u00e9mocratique du Congo (RDC). Mais l\u2019ambiance semble joyeuse, ce 28&nbsp;novembre. D\u2019innombrables vid\u00e9os immortalisent l\u2019arriv\u00e9e triomphale du g\u00e9n\u00e9ral Janvier Karairi, qui veut faire de Kitshanga son nouveau quartier g\u00e9n\u00e9ral. Dans cette r\u00e9gion du monde d\u00e9chir\u00e9e par pr\u00e8s de trente&nbsp;ans de violences ininterrompues, de nombreux groupes arm\u00e9s ont pris le contr\u00f4le de territoires qui \u00e9chappent au pouvoir de Kinshasa, la capitale situ\u00e9e \u00e0 plus de&nbsp;2 000 kilom\u00e8tres.<\/p>\n\n\n\n<p>A 65&nbsp;ans, Karairi fait presque figure de v\u00e9t\u00e9ran. Depuis dix&nbsp;ans d\u00e9j\u00e0, ce chef de guerre ma\u00ef-ma\u00ef, comme on appelle les groupes d\u2019autod\u00e9fense traditionnels, est le leader incontest\u00e9 de l\u2019Alliance des patriotes pour un Congo libre et souverain (APCLS). A l\u2019\u00e9poque, en&nbsp;2012, dans une&nbsp;<a href=\"https:\/\/www.20minutes.fr\/monde\/989749-20120823-rdc-est-chaos-profite-combattants-mai-mai-courtises-contrer-m23\" target=\"_blank\" rel=\"noreferrer noopener\">interview<\/a>&nbsp;accord\u00e9e \u00e0 des journalistes occidentaux, Karairi s\u2019affichait d\u2019embl\u00e9e&nbsp;<em>\u00abanti-Tutsi\u00bb,<\/em>&nbsp;refusant de reconna\u00eetre la nationalit\u00e9 congolaise \u00e0 cette minorit\u00e9. Elle est pourtant depuis longtemps pr\u00e9sente au Congo, comme dans plusieurs pays de cette r\u00e9gion de l\u2019Afrique des Grands Lacs.<\/p>\n\n\n\n<p>Mais aujourd\u2019hui comme il y a dix&nbsp;ans, c\u2019est avant tout pour combattre&nbsp;<a href=\"https:\/\/www.liberation.fr\/international\/afrique\/les-rebelles-du-m23-se-rappellent-au-mauvais-souvenir-du-congo-20220412_CPUG2ZL76BBPVGEDAKXUHCAISA\/?redirected=1\" target=\"_blank\" rel=\"noreferrer noopener\">le Mouvement du 23 mars<\/a>&nbsp;(M23), un mouvement rebelle identifi\u00e9 aux Tutsis, que le g\u00e9n\u00e9ral ma\u00ef-ma\u00ef rassemble ses troupes \u00e0 Kitshanga. Cr\u00e9\u00e9 en&nbsp;2012, le M23 est r\u00e9guli\u00e8rement accus\u00e9 d\u2019\u00eatre soutenu par les pays voisins, le Rwanda et l\u2019Ouganda, o\u00f9 ses membres ont \u00e9t\u00e9 cantonn\u00e9s pendant dix&nbsp;ans dans des camps de r\u00e9fugi\u00e9s. Washington, Bruxelles, l\u2019ONU et, ce lundi, la France, ont&nbsp;<em>\u00abcondamn\u00e9 le soutien que le Rwanda apporte au groupe M23\u00bb.<\/em>&nbsp;<em>\u00abNous demandons que les processus de Luanda et de Nairobi&nbsp;<\/em>[de r\u00e8glement du conflit, ndlr]<em>&nbsp;puissent \u00eatre int\u00e9gralement mis en \u0153uvre\u00bb,<\/em>&nbsp;a d\u00e9clar\u00e9 Anne-Claire Legendre, porte-parole du minist\u00e8re fran\u00e7ais des Affaires \u00e9trang\u00e8res, dans un communiqu\u00e9.<\/p>\n\n\n\n<p>Depuis son retour dans la province du Nord-Kivu, il y a un an, le groupe rebelle est qualifi\u00e9 de&nbsp;<em>\u00abterroriste\u00bb<\/em>&nbsp;par Kinshasa, qui le consid\u00e8re comme&nbsp;<em>\u00abrwandais\u00bb,<\/em>&nbsp;et en appelle \u00e0 l\u2019\u00e9lan patriotique pour le chasser du pays. Mais cette mobilisation se retourne d\u00e9sormais contre la communaut\u00e9 tutsie locale, elle aussi d\u00e9sign\u00e9e comme&nbsp;<em>\u00ab\u00e9trang\u00e8re\u00bb.<\/em><\/p>\n\n\n\n<h2 class=\"wp-block-heading\">L\u2019ONU s\u2019alarme<\/h2>\n\n\n\n<p>Ce 28&nbsp;novembre \u00e0 Kitshanga, les images film\u00e9es montrent le cort\u00e8ge du g\u00e9n\u00e9ral Karairi traverser en trombe un rond-point entour\u00e9 de bicoques mis\u00e9rables. Au passage du convoi, des enfants entonnent une chanson aux accents joyeux.&nbsp;<em>\u00abUne chorale \u00e9vang\u00e9lique de la haine tribale\u00bb,<\/em>&nbsp;s\u2019indignera dans un communiqu\u00e9 officiel Serge Muhizi Muheto, le vice-pr\u00e9sident d\u2019une structure communautaire qui rassemble toutes les ethnies du Masisi. Il traduit les paroles chant\u00e9es par les enfants&nbsp;:&nbsp;<em>\u00abLes Tutsis, rentrez chez vous&nbsp;! Karairi vient d\u2019arriver chez eux&nbsp;!\u00bb<\/em>&nbsp;La chanson se r\u00e9jouit aussi du&nbsp;<em>\u00abprogramme de Karairi\u00bb,<\/em>&nbsp;qui serait&nbsp;<em>\u00abde semer la terreur aux Tutsis\u00bb.<\/em><\/p>\n\n\n\n<p>Muheto a beau implorer la population de&nbsp;<em>\u00abse d\u00e9solidariser\u00bb<\/em>&nbsp;de ces propos, des commerces appartenant \u00e0 des Tutsis sont saccag\u00e9s \u00e0 Kitshanga. Le 8&nbsp;d\u00e9cembre, on retrouve \u00e0 une dizaine de kilom\u00e8tres le corps d\u00e9capit\u00e9 d\u2019un jeune bouvier tutsi, Jacques Manuvo, enlev\u00e9 dans la ferme o\u00f9 il travaillait. Il n\u2019est pas la seule victime de cette nouvelle flamb\u00e9e de violences.&nbsp;<em>\u00abD\u00e8s l\u2019arriv\u00e9e de Karairi, on pouvait craindre le pire\u00bb,<\/em>&nbsp;se d\u00e9sole Emmanuel Kamanzi, pr\u00e9sident d\u2019une association d\u2019\u00e9leveurs du Nord-Kivu. Depuis quelque temps, son t\u00e9l\u00e9phone vibre sans cesse. Inond\u00e9 d\u2019appels \u00e0 l\u2019aide, r\u00e9percutant, photos \u00e0 l\u2019appui, d\u2019innombrables exactions. Un \u00e9cho mortif\u00e8re qui est parvenu jusqu\u2019\u00e0 New York.<\/p>\n\n\n\n<p>Le 30&nbsp;novembre, la conseill\u00e8re sp\u00e9ciale pour la pr\u00e9vention du g\u00e9nocide aupr\u00e8s de l\u2019ONU, Alice Wairimu Nderitu, qui revient d\u2019une visite en RDC, s\u2019alarme officiellement, dans une longue d\u00e9claration \u00e9crite, de&nbsp;<em>\u00abla prolif\u00e9ration des discours de haine\u00bb<\/em>&nbsp;en RDC.&nbsp;<em>\u00abLa violence actuelle est un signal d\u2019alarme de la fragilit\u00e9 de la soci\u00e9t\u00e9 et la preuve de la pr\u00e9sence prolong\u00e9e des conditions qui ont permis de d\u00e9boucher sur un g\u00e9nocide dans le pass\u00e9.\u00bb<\/em>&nbsp;Une r\u00e9f\u00e9rence claire au g\u00e9nocide des Tutsis au Rwanda voisin, en&nbsp;1994. Dans son communiqu\u00e9, la conseill\u00e8re sp\u00e9ciale appelle&nbsp;<em>\u00abla RDC en tant qu\u2019Etat, mais aussi toutes les parties impliqu\u00e9es dans ce violent conflit \u00e0 travailler urgemment \u00e0 trouver une solution politique\u00bb<\/em>&nbsp;\u00e0 la situation.<\/p>\n\n\n\n<p>Mais son cri d\u2019alarme passe relativement inaper\u00e7u. Car d\u00e8s le lendemain, le M23 est accus\u00e9 par les autorit\u00e9s de Kinshasa d\u2019avoir perp\u00e9tr\u00e9&nbsp;<a href=\"https:\/\/www.liberation.fr\/international\/afrique\/rdc-a-kishishe-des-corps-sont-encore-en-train-detre-retrouves-dans-les-champs-20221204_X2G4X2MFE5GJZO7WDK2CKVC2OQ\/\" target=\"_blank\" rel=\"noreferrer noopener\">un massacre dans le village de Kishishe<\/a>. Le 29&nbsp;novembre, des affrontements y ont oppos\u00e9 le M23 \u00e0 une coalition de groupes arm\u00e9s, ralli\u00e9s aux forces gouvernementales. Dans&nbsp;<a href=\"https:\/\/news.un.org\/fr\/story\/2022\/12\/1130447\" target=\"_blank\" rel=\"noreferrer noopener\">un rapport pr\u00e9liminaire publi\u00e9<\/a>&nbsp;le 8 d\u00e9cembre, des enqu\u00eateurs du Bureau des droits de l\u2019homme de l\u2019ONU accusent le M23 d\u2019avoir tu\u00e9 \u00e0 l\u2019arme blanche ou par balles 131 victimes civiles, dont 17 femmes et 12 enfants.<\/p>\n\n\n\n<h2 class=\"wp-block-heading\">Attaques r\u00e9currentes<\/h2>\n\n\n\n<p>Ce n\u2019est pas la premi\u00e8re fois que le mouvement rebelle est accus\u00e9 d\u2019exactions. Il s\u2019en d\u00e9fend avec v\u00e9h\u00e9mence.&nbsp;<em>\u00abLes enqu\u00eateurs ne sont m\u00eame pas all\u00e9s jusqu\u2019\u00e0 Kishishe alors que nous les avons imm\u00e9diatement invit\u00e9s \u00e0 le faire. Et aucune liste des noms de victimes n\u2019a \u00e9t\u00e9 publi\u00e9e\u00bb,<\/em>&nbsp;s\u2019insurge ainsi Bertrand Bisimwa, le pr\u00e9sident du M23, joint par&nbsp;<em>Lib\u00e9ration<\/em>. D\u2019autres enqu\u00eateurs de l\u2019ONU devraient se rendre sur le terrain. Mercredi 14 d\u00e9cembre, le pr\u00e9sident rwandais Paul Kagame a pris ses distances avec le lourd bilan humain des combats dans l\u2019est de la RDC.&nbsp;<em>\u00abLe probl\u00e8me n\u2019a pas \u00e9t\u00e9 cr\u00e9\u00e9 par le Rwanda, et n\u2019est pas le probl\u00e8me du Rwanda. C\u2019est le probl\u00e8me du Congo\u00bb,<\/em>&nbsp;a-t-il affirm\u00e9&nbsp;<a href=\"https:\/\/www.liberation.fr\/international\/afrique\/le-sommet-des-leaders-africains-a-washington-un-grand-show-au-lendemain-incertain-20221213_6IVIP4QHBRDIXJVS7FQ6MEL5UQ\/\" target=\"_blank\" rel=\"noreferrer noopener\">en marge du Sommet des dirigeants Etats-Unis-Afrique<\/a>&nbsp;\u00e0 Washington.<\/p>\n<div style=\"text-align:center\" class=\"wps-pgfw-pdf-generate-icon__wrapper-frontend\">\n\t\t<a href=\"https:\/\/congokin.blog?action=genpdf&amp;id=11047\" class=\"pgfw-single-pdf-download-button\" ><img src=\"https:\/\/congokin.blog\/wp-content\/plugins\/pdf-generator-for-wp\/admin\/src\/images\/PDF_Tray.svg\" title=\"G\u00e9n\u00e9rer un PDF\" style=\"width:auto; height:45px;\"><\/a>\n\t\t<\/div>","protected":false},"excerpt":{"rendered":"<p>En R\u00e9publique d\u00e9mocratique du Congo, \u00ables Tutsis vivent dans la psychose d\u2019un g\u00e9nocide\u00bb (Article publi\u00e9 dans lib\u00e9ration) L\u2019ONU et une ONG locale se sont r\u00e9cemment alarm\u00e9es des pers\u00e9cutions visant la minorit\u00e9 tutsie, alors que Kinshasa m\u00e8ne une guerre totale contre le M23, mouvement rebelle identifi\u00e9 \u00e0 cette communaut\u00e9. par&nbsp;Maria Malagardis publi\u00e9 aujourd&rsquo;hui \u00e0 16h02 Le [&hellip;]<\/p>\n","protected":false},"author":9,"featured_media":0,"comment_status":"open","ping_status":"closed","sticky":false,"template":"","format":"standard","meta":{"footnotes":""},"categories":[1],"tags":[],"class_list":["post-11047","post","type-post","status-publish","format-standard","hentry","category-uncategorized"],"_links":{"self":[{"href":"https:\/\/congokin.blog\/index.php?rest_route=\/wp\/v2\/posts\/11047","targetHints":{"allow":["GET"]}}],"collection":[{"href":"https:\/\/congokin.blog\/index.php?rest_route=\/wp\/v2\/posts"}],"about":[{"href":"https:\/\/congokin.blog\/index.php?rest_route=\/wp\/v2\/types\/post"}],"author":[{"embeddable":true,"href":"https:\/\/congokin.blog\/index.php?rest_route=\/wp\/v2\/users\/9"}],"replies":[{"embeddable":true,"href":"https:\/\/congokin.blog\/index.php?rest_route=%2Fwp%2Fv2%2Fcomments&post=11047"}],"version-history":[{"count":1,"href":"https:\/\/congokin.blog\/index.php?rest_route=\/wp\/v2\/posts\/11047\/revisions"}],"predecessor-version":[{"id":11048,"href":"https:\/\/congokin.blog\/index.php?rest_route=\/wp\/v2\/posts\/11047\/revisions\/11048"}],"wp:attachment":[{"href":"https:\/\/congokin.blog\/index.php?rest_route=%2Fwp%2Fv2%2Fmedia&parent=11047"}],"wp:term":[{"taxonomy":"category","embeddable":true,"href":"https:\/\/congokin.blog\/index.php?rest_route=%2Fwp%2Fv2%2Fcategories&post=11047"},{"taxonomy":"post_tag","embeddable":true,"href":"https:\/\/congokin.blog\/index.php?rest_route=%2Fwp%2Fv2%2Ftags&post=11047"}],"curies":[{"name":"wp","href":"https:\/\/api.w.org\/{rel}","templated":true}]}}