{"id":11051,"date":"2022-12-20T20:54:10","date_gmt":"2022-12-20T20:54:10","guid":{"rendered":"https:\/\/congokin.blog\/?p=11051"},"modified":"2022-12-20T20:54:10","modified_gmt":"2022-12-20T20:54:10","slug":"la-condamnation-tardive-du-rwanda-par-paris-pour-le-soutien-au-m23","status":"publish","type":"post","link":"https:\/\/congokin.blog\/?p=11051","title":{"rendered":"La condamnation tardive du Rwanda par Paris pour  le soutien au M23"},"content":{"rendered":"\n<p>POLITIQUE<\/p>\n\n\n\n<h1 class=\"wp-block-heading\">RDC : Paris \u00ab condamne le soutien \u00bb du Rwanda au M23<\/h1>\n\n\n\n<h2 class=\"wp-block-heading\">Dans un communiqu\u00e9 puis par la voix de sa secr\u00e9taire d\u2019\u00c9tat aupr\u00e8s de la ministre des Affaires \u00e9trang\u00e8res, la France a condamn\u00e9 l\u2019appui de Kigali \u00e0 la r\u00e9bellion du M23. Paris dit n\u00e9anmoins vouloir \u00ab&nbsp;parler avec tout le monde&nbsp;\u00bb pour \u00ab&nbsp;trouver une solution&nbsp;\u00bb.<\/h2>\n\n\n\n<p>20 d\u00e9cembre 2022 \u00e0 12:35<\/p>\n\n\n\n<p>Par&nbsp;<em>Jeune Afrique<\/em><\/p>\n\n\n\n<p>Mis \u00e0 jour le 20 d\u00e9cembre 2022 \u00e0 15:39<\/p>\n\n\n\n<figure class=\"wp-block-image\"><img decoding=\"async\" src=\"https:\/\/www.jeuneafrique.com\/cdn-cgi\/image\/q=100,f=auto,metadata=none,width=1256,height=628\/https:\/\/www.jeuneafrique.com\/medias\/2022\/09\/23\/jad20220923-conf-rdc-rwanda-macron-1256x628-1671530341.jpg\" alt=\"\"\/><figcaption class=\"wp-element-caption\">Paul Kagame, Emmanuel Macron et F\u00e9lix Tshisekedi \u00e0 New York, le 21 septembre 2022. \u00a9 LUDOVIC MARIN\/AFP<\/figcaption><\/figure>\n\n\n\n<p>La France est-elle en train de changer de cap ? Lundi 19 d\u00e9cembre, pour la premi\u00e8re fois, Paris a fait officiellement \u00e9tat du \u00ab&nbsp;soutien&nbsp;\u00bb de Kigali aux rebelles du M23, dans l\u2019est de la RDC. \u00ab&nbsp;Nous condamnons le soutien que le Rwanda apporte au groupe M23 et nous demandons que&nbsp;<a href=\"https:\/\/www.jeuneafrique.com\/1395643\/politique\/rdc-m23-accord-de-cessez-le-feu-a-luanda\/\">les processus de Luanda<\/a>&nbsp;et de Nairobi puissent \u00eatre int\u00e9gralement mis en \u0153uvre&nbsp;\u00bb, a d\u00e9clar\u00e9 Anne-Claire Legendre, porte-parole du minist\u00e8re fran\u00e7ais des Affaires \u00e9trang\u00e8res, dans un communiqu\u00e9.\u00c0 LIRE<a href=\"https:\/\/www.jeuneafrique.com\/1393545\/politique\/rdc-felix-tshisekedi-chef-de-guerre-malgre-lui\/\">RDC : face au M23, F\u00e9lix Tshisekedi \u00ab chef de guerre \u00bb malgr\u00e9 lui<\/a><\/p>\n\n\n\n<p>En visite \u00e0 Kinshasa ce mardi, la secr\u00e9taire d\u2019\u00c9tat fran\u00e7aise aupr\u00e8s de la&nbsp;ministre&nbsp;des Affaires \u00e9trang\u00e8res, Chrysoula Zacharopoulou, n\u2019a pas dit autre chose.&nbsp;\u00ab&nbsp;La France a toujours d\u00e9fendu et d\u00e9fendra toujours l\u2019int\u00e9grit\u00e9 et la souverainet\u00e9&nbsp;\u00bb de la RDC, a-t-elle commenc\u00e9 devant la presse. Mais aujourd\u2019hui, \u00ab&nbsp;nous constatons le retour d\u2019une situation tragique dans l\u2019est de la RDC. C\u2019est insupportable et c\u2019est inacceptable&nbsp;\u00bb, a-t-elle poursuivi.<\/p>\n\n\n\n<p>\u00ab&nbsp;Il y a des responsabilit\u00e9s et la France n\u2019a aucune difficult\u00e9 \u00e0 les pointer, a ajout\u00e9 Chrysoula Zacharopoulou. Le M23 doit cesser les combats, se d\u00e9sengager et rendre les territoires occup\u00e9s [\u2026]. Le Rwanda, car il faut le nommer, doit cesser son soutien au M23. Il faut en finir avec la r\u00e9p\u00e9tition de l\u2019histoire dans cette r\u00e9gion.&nbsp;\u00bb Et de r\u00e9p\u00e9ter que \u00ab&nbsp;la France condamne le soutien apport\u00e9 par le Rwanda&nbsp;\u00bb au M23, tout en pr\u00e9cisant que \u00ab&nbsp;le r\u00f4le d\u2019un ami, ce n\u2019est pas seulement de d\u00e9noncer, c\u2019est aussi d\u2019aider \u00e0 trouver une solution&nbsp;\u00bb.<\/p>\n\n\n\n<p>Des accusations \u00e9galement reprises par l\u2019ambassade d\u2019Allemagne en RDC ce mardi, qui a dit sur Twitter attendre du Rwanda \u00ab&nbsp;qu\u2019il cesse imm\u00e9diatement tout soutien au M23&nbsp;\u00bb.<\/p>\n\n\n\n<p><\/p>\n\n\n\n<p>Ces all\u00e9gations s\u2019inscrivent dans la lign\u00e9e de celles formul\u00e9es par les autorit\u00e9s congolaises, mais aussi&nbsp;par&nbsp;des experts de l\u2019ONU et par la diplomatie am\u00e9ricaine. Pourtant,&nbsp;<a href=\"https:\/\/www.jeuneafrique.com\/1387257\/politique\/rwanda-le-premier-cercle-de-paul-kagame\/\">le pr\u00e9sident rwandais, Paul Kagame<\/a>, a plusieurs fois d\u00e9menti tout lien avec les actions du M23. \u00ab&nbsp;Le probl\u00e8me n\u2019a pas \u00e9t\u00e9 cr\u00e9\u00e9 par le Rwanda, et n\u2019est pas le probl\u00e8me du Rwanda, a-t-il encore d\u00e9clar\u00e9 mercredi dernier. C\u2019est le probl\u00e8me du Congo.&nbsp;\u00bb<\/p>\n\n\n\n<h2 class=\"wp-block-heading\">Kigali doit \u00ab&nbsp;user de son influence&nbsp;\u00bb<\/h2>\n\n\n\n<p>Jeudi 15 d\u00e9cembre,<a href=\"https:\/\/www.jeuneafrique.com\/1269144\/politique\/antony-blinken-le-recul-de-la-democratie-en-afrique-nous-inquiete-beaucoup\/\">&nbsp;le chef de la diplomatie am\u00e9ricaine Antony Blinken<\/a>&nbsp;avait, lui, appel\u00e9 le Rwanda \u00e0 \u00ab&nbsp;user de son influence&nbsp;\u00bb sur le mouvement rebelle et dit soutenir \u00ab&nbsp;pleinement&nbsp;\u00bb l\u2019accord de Luanda afin de trouver une issue au conflit dans l\u2019est de la RDC.<\/p>\n\n\n\n<p>Le M23 (\u00ab&nbsp;Mouvement du 23 mars&nbsp;\u00bb), qui a repris les armes fin 2021, a conquis de larges portions d\u2019un territoire situ\u00e9 non loin de Goma, capitale provinciale du Nord-Kivu en RDC.&nbsp;Au moins 131 civils, dont 17 femmes et 12 enfants,<a href=\"https:\/\/www.jeuneafrique.com\/1398865\/politique\/rdc-au-moins-131-civils-tues-par-les-rebelles-du-m23\/\">&nbsp;ont \u00e9t\u00e9 ex\u00e9cut\u00e9s par balle ou \u00e0 l\u2019arme blanche<\/a>&nbsp;fin novembre dans deux villages de l\u2019est de la RDC, selon une enqu\u00eate de l\u2019ONU. Rendue publique la semaine derni\u00e8re, cette derni\u00e8re accuse directement la r\u00e9bellion&nbsp;du&nbsp;M23.<\/p>\n\n\n\n<p><strong>(Avec AFP)<\/strong><\/p>\n<div style=\"text-align:center\" class=\"wps-pgfw-pdf-generate-icon__wrapper-frontend\">\n\t\t<a href=\"https:\/\/congokin.blog?action=genpdf&amp;id=11051\" class=\"pgfw-single-pdf-download-button\" ><img src=\"https:\/\/congokin.blog\/wp-content\/plugins\/pdf-generator-for-wp\/admin\/src\/images\/PDF_Tray.svg\" title=\"G\u00e9n\u00e9rer un PDF\" style=\"width:auto; height:45px;\"><\/a>\n\t\t<\/div>","protected":false},"excerpt":{"rendered":"<p>POLITIQUE RDC : Paris \u00ab condamne le soutien \u00bb du Rwanda au M23 Dans un communiqu\u00e9 puis par la voix de sa secr\u00e9taire d\u2019\u00c9tat aupr\u00e8s de la ministre des Affaires \u00e9trang\u00e8res, la France a condamn\u00e9 l\u2019appui de Kigali \u00e0 la r\u00e9bellion du M23. Paris dit n\u00e9anmoins vouloir \u00ab&nbsp;parler avec tout le monde&nbsp;\u00bb pour \u00ab&nbsp;trouver une [&hellip;]<\/p>\n","protected":false},"author":9,"featured_media":0,"comment_status":"open","ping_status":"closed","sticky":false,"template":"","format":"standard","meta":{"footnotes":""},"categories":[1],"tags":[],"class_list":["post-11051","post","type-post","status-publish","format-standard","hentry","category-uncategorized"],"_links":{"self":[{"href":"https:\/\/congokin.blog\/index.php?rest_route=\/wp\/v2\/posts\/11051","targetHints":{"allow":["GET"]}}],"collection":[{"href":"https:\/\/congokin.blog\/index.php?rest_route=\/wp\/v2\/posts"}],"about":[{"href":"https:\/\/congokin.blog\/index.php?rest_route=\/wp\/v2\/types\/post"}],"author":[{"embeddable":true,"href":"https:\/\/congokin.blog\/index.php?rest_route=\/wp\/v2\/users\/9"}],"replies":[{"embeddable":true,"href":"https:\/\/congokin.blog\/index.php?rest_route=%2Fwp%2Fv2%2Fcomments&post=11051"}],"version-history":[{"count":1,"href":"https:\/\/congokin.blog\/index.php?rest_route=\/wp\/v2\/posts\/11051\/revisions"}],"predecessor-version":[{"id":11052,"href":"https:\/\/congokin.blog\/index.php?rest_route=\/wp\/v2\/posts\/11051\/revisions\/11052"}],"wp:attachment":[{"href":"https:\/\/congokin.blog\/index.php?rest_route=%2Fwp%2Fv2%2Fmedia&parent=11051"}],"wp:term":[{"taxonomy":"category","embeddable":true,"href":"https:\/\/congokin.blog\/index.php?rest_route=%2Fwp%2Fv2%2Fcategories&post=11051"},{"taxonomy":"post_tag","embeddable":true,"href":"https:\/\/congokin.blog\/index.php?rest_route=%2Fwp%2Fv2%2Ftags&post=11051"}],"curies":[{"name":"wp","href":"https:\/\/api.w.org\/{rel}","templated":true}]}}