{"id":11054,"date":"2022-12-21T06:07:33","date_gmt":"2022-12-21T06:07:33","guid":{"rendered":"https:\/\/congokin.blog\/?p=11054"},"modified":"2022-12-21T06:07:34","modified_gmt":"2022-12-21T06:07:34","slug":"lonu-assouplit-un-embargo-sur-lexportation-darmes-vers-la-rdc","status":"publish","type":"post","link":"https:\/\/congokin.blog\/?p=11054","title":{"rendered":"<strong>L&rsquo;ONU assouplit un embargo sur l&rsquo;exportation d&rsquo;armes vers la RDC<\/strong>"},"content":{"rendered":"\n<p><\/p>\n\n\n\n<p><strong>L&rsquo;ONU assouplit un embargo sur l&rsquo;exportation d&rsquo;armes vers la RDC<\/strong><\/p>\n\n\n\n<p>Mercredi 21 d\u00e9cembre 2022 &#8211;<\/p>\n\n\n\n<figure class=\"wp-block-image is-style-zoooom\"><img decoding=\"async\" src=\"https:\/\/actualite.cd\/sites\/default\/files\/styles\/800_400\/public\/2022-08\/Arme%20Monusco4.png?itok=wci_cclh\" alt=\"Une mitrailleuse lourde des casques bleus  \"\/><\/figure>\n\n\n\n<p>Une mitrailleuse lourde des casques bleus<\/p>\n\n\n\n<h3 class=\"wp-block-heading\">Le Conseil de s\u00e9curit\u00e9 de l&rsquo;ONU a adopt\u00e9 une r\u00e9solution mardi assouplissant l&#8217;embargo sur l&rsquo;exportation d&rsquo;armes vers la&nbsp;<strong>R\u00e9publique d\u00e9mocratique du Congo<\/strong>, une d\u00e9cision salu\u00e9e par Kinshasa comme une \u00ab\u00a0injustice r\u00e9par\u00e9e\u00a0\u00bb.<\/h3>\n\n\n\n<p>La r\u00e9solution retire la mention qui exigeait pr\u00e9c\u00e9demment que les pays informent le Conseil de s\u00e9curit\u00e9 et ses 15 membres de toute vente d&rsquo;armes ou d&rsquo;aide militaire \u00e0 la&nbsp;<strong>RDC<\/strong>.<\/p>\n\n\n\n<p>Kinshasa d\u00e9plore depuis longtemps cette exigence, estimant qu&rsquo;elle cr\u00e9ait un obstacle bureaucratique inutile dans sa lutte contre des groupes arm\u00e9es.<\/p>\n\n\n\n<p>La&nbsp;<strong>RDC<\/strong>&nbsp;fait l&rsquo;objet d&rsquo;un embargo de l&rsquo;ONU sur les armes depuis 2000. La d\u00e9cision avait \u00e9t\u00e9 prise \u00e0 l&rsquo;\u00e9poque face \u00e0 l&rsquo;\u00e9tendue des violences dans ce pays d&rsquo;Afrique centrale.<\/p>\n\n\n\n<p>En 2008, le Conseil de s\u00e9curit\u00e9 avait amend\u00e9 son r\u00e9gime de sanctions pour qu&rsquo;il s&rsquo;applique seulement aux groupes arm\u00e9s. Mais il demandait toujours que Kinshasa notifie \u00e0 un comit\u00e9 de surveillance tout achat d&rsquo;armes.<\/p>\n\n\n\n<p>Plus t\u00f4t cette ann\u00e9e, le Conseil de s\u00e9curit\u00e9 a prolong\u00e9 le r\u00e9gime de sanctions mais r\u00e9duit les exigences de notifications pour certains achats d&rsquo;armes.<\/p>\n\n\n\n<p>Kinshasa continuait de pousser depuis pour une lev\u00e9e des restrictions au moment o\u00f9 la&nbsp;<strong>RDC<\/strong>&nbsp;fait face \u00e0 une flamb\u00e9e des affrontements avec la milice M23 dans l&rsquo;est du pays.<\/p>\n\n\n\n<p>Le Conseil de s\u00e9curit\u00e9 avait \u00e9t\u00e9 press\u00e9 d&rsquo;agir, sur fond d&rsquo;accusations qu&rsquo;il emp\u00eachait les militaires congolais de prot\u00e9ger les civils.<\/p>\n\n\n\n<p>\u00ab\u00a0Une bataille gagn\u00e9e, une injustice r\u00e9par\u00e9e\u00a0\u00bb, a d\u00e9clar\u00e9 sur Twitter le porte-parole du gouvernement de&nbsp;<strong>RDC<\/strong>, Patrick Muyaya, apr\u00e8s l&rsquo;adoption de la r\u00e9solution.<\/p>\n\n\n\n<p>Le Conseil de s\u00e9curit\u00e9 a \u00e9galement vot\u00e9 en faveur d&rsquo;un renouvellement du mandat de la mission de maintien de la paix en&nbsp;<strong>RDC<\/strong>, la Monusco, pour une ann\u00e9e suppl\u00e9mentaire.<\/p>\n\n\n\n<p>Le M23, groupe arm\u00e9 majoritairement tutsi vaincu en 2013, a repris les armes en fin d&rsquo;ann\u00e9e derni\u00e8re et accentu\u00e9 son offensive en octobre, s&#8217;emparant de larges pans d&rsquo;un territoire au nord de Goma, chef-lieu du Nord-Kivu.<\/p>\n\n\n\n<p>Le Rwanda est accus\u00e9 par Kinshasa, les Etats-Unis et plusieurs pays europ\u00e9ens de soutenir le M23.<\/p>\n\n\n\n<p>AFP avec ACTUALITE.CD&nbsp;<\/p>\n<div style=\"text-align:center\" class=\"wps-pgfw-pdf-generate-icon__wrapper-frontend\">\n\t\t<a href=\"https:\/\/congokin.blog?action=genpdf&amp;id=11054\" class=\"pgfw-single-pdf-download-button\" ><img src=\"https:\/\/congokin.blog\/wp-content\/plugins\/pdf-generator-for-wp\/admin\/src\/images\/PDF_Tray.svg\" title=\"G\u00e9n\u00e9rer un PDF\" style=\"width:auto; height:45px;\"><\/a>\n\t\t<\/div>","protected":false},"excerpt":{"rendered":"<p>L&rsquo;ONU assouplit un embargo sur l&rsquo;exportation d&rsquo;armes vers la RDC Mercredi 21 d\u00e9cembre 2022 &#8211; Une mitrailleuse lourde des casques bleus Le Conseil de s\u00e9curit\u00e9 de l&rsquo;ONU a adopt\u00e9 une r\u00e9solution mardi assouplissant l&#8217;embargo sur l&rsquo;exportation d&rsquo;armes vers la&nbsp;R\u00e9publique d\u00e9mocratique du Congo, une d\u00e9cision salu\u00e9e par Kinshasa comme une \u00ab\u00a0injustice r\u00e9par\u00e9e\u00a0\u00bb. La r\u00e9solution retire la [&hellip;]<\/p>\n","protected":false},"author":8,"featured_media":0,"comment_status":"open","ping_status":"closed","sticky":false,"template":"","format":"standard","meta":{"footnotes":""},"categories":[1],"tags":[],"class_list":["post-11054","post","type-post","status-publish","format-standard","hentry","category-uncategorized"],"_links":{"self":[{"href":"https:\/\/congokin.blog\/index.php?rest_route=\/wp\/v2\/posts\/11054","targetHints":{"allow":["GET"]}}],"collection":[{"href":"https:\/\/congokin.blog\/index.php?rest_route=\/wp\/v2\/posts"}],"about":[{"href":"https:\/\/congokin.blog\/index.php?rest_route=\/wp\/v2\/types\/post"}],"author":[{"embeddable":true,"href":"https:\/\/congokin.blog\/index.php?rest_route=\/wp\/v2\/users\/8"}],"replies":[{"embeddable":true,"href":"https:\/\/congokin.blog\/index.php?rest_route=%2Fwp%2Fv2%2Fcomments&post=11054"}],"version-history":[{"count":1,"href":"https:\/\/congokin.blog\/index.php?rest_route=\/wp\/v2\/posts\/11054\/revisions"}],"predecessor-version":[{"id":11055,"href":"https:\/\/congokin.blog\/index.php?rest_route=\/wp\/v2\/posts\/11054\/revisions\/11055"}],"wp:attachment":[{"href":"https:\/\/congokin.blog\/index.php?rest_route=%2Fwp%2Fv2%2Fmedia&parent=11054"}],"wp:term":[{"taxonomy":"category","embeddable":true,"href":"https:\/\/congokin.blog\/index.php?rest_route=%2Fwp%2Fv2%2Fcategories&post=11054"},{"taxonomy":"post_tag","embeddable":true,"href":"https:\/\/congokin.blog\/index.php?rest_route=%2Fwp%2Fv2%2Ftags&post=11054"}],"curies":[{"name":"wp","href":"https:\/\/api.w.org\/{rel}","templated":true}]}}