{"id":11058,"date":"2022-12-21T07:09:48","date_gmt":"2022-12-21T07:09:48","guid":{"rendered":"https:\/\/congokin.blog\/?p=11058"},"modified":"2022-12-21T07:09:48","modified_gmt":"2022-12-21T07:09:48","slug":"lonu-prolonge-la-force-de-maintien-de-la-paix-au-congo-en-vue-de-sa-sortie","status":"publish","type":"post","link":"https:\/\/congokin.blog\/?p=11058","title":{"rendered":"L\u2019ONU prolonge la force de maintien de la paix au Congo en vue de sa sortie"},"content":{"rendered":"\n<h1 class=\"wp-block-heading\">L\u2019ONU prolonge la force de maintien de la paix au Congo en vue de sa sortie<\/h1>\n\n\n\n<p>Par Edith M. Lederer |\u2009AP<\/p>\n\n\n\n<p>20 d\u00e9cembre 2022 \u00e0 18 h 11 HNE<\/p>\n\n\n\n<figure class=\"wp-block-image size-full is-resized is-style-zoooom\"><img loading=\"lazy\" decoding=\"async\" src=\"https:\/\/congokin.blog\/wp-content\/uploads\/2022\/05\/MONUCKeita.jpg\" alt=\"\" class=\"wp-image-8707\" width=\"854\" height=\"508\" srcset=\"https:\/\/congokin.blog\/wp-content\/uploads\/2022\/05\/MONUCKeita.jpg 610w, https:\/\/congokin.blog\/wp-content\/uploads\/2022\/05\/MONUCKeita-300x179.jpg 300w\" sizes=\"auto, (max-width: 854px) 100vw, 854px\" \/><\/figure>\n\n\n\n<p>Le Conseil de s\u00e9curit\u00e9 a vot\u00e9 \u00e0 l\u2019unanimit\u00e9 mardi pour prolonger la mission de maintien de la paix de l\u2019ONU en RD Congo en vue de sa sortie \u00e9ventuelle, et pour lever l\u2019obligation de notification sur certains achats d\u2019armes que le ministre congolais des Affaires \u00e9trang\u00e8res a r\u00e9cemment qualifi\u00e9e d&rsquo;\u00ab injustifi\u00e9e et humiliante \u00bb.<\/p>\n\n\n\n<p>Les r\u00e9solutions s\u00e9par\u00e9es ont \u00e9t\u00e9 approuv\u00e9es dans un contexte de d\u00e9t\u00e9rioration de la s\u00e9curit\u00e9 dans l\u2019est de la RD Congo, riche en min\u00e9raux, une r\u00e9gion en proie \u00e0 des groupes rebelles et \u00e0 une recrudescence de la violence et des meurtres de civils qui a d\u00e9racin\u00e9 des dizaines de milliers de ses habitants.<\/p>\n\n\n\n<p>La r\u00e9solution prolongeant la force de maintien de la paix de l\u2019ONU connue sous le nom de MONUSCO jusqu\u2019au 20 d\u00e9cembre 2023 condamne fermement tous les groupes arm\u00e9s nationaux et \u00e9trangers op\u00e9rant dans le pays et exige qu\u2019ils cessent imm\u00e9diatement toute violence et actions d\u00e9stabilisatrices \u00ab ainsi que l\u2019exploitation ill\u00e9gale et le trafic de ressources naturelles \u00bb.<\/p>\n\n\n\n<p>Il exige \u00e9galement le retrait imm\u00e9diat des rebelles du M23, qui combattent une coalition de milices arm\u00e9es de protection civile dans l\u2019est depuis plus d\u2019un an, comme convenu lors d\u2019un mini-sommet dans la capitale angolaise Luanda fin novembre et approuv\u00e9 par l\u2019Union africaine. Il se d\u00e9clare \u00e9galement pr\u00e9occup\u00e9 par les liens signal\u00e9s entre les rebelles des Forces d\u00e9mocratiques alli\u00e9es bas\u00e9es en Ouganda et les \u00ab r\u00e9seaux terroristes \u00bb dans l\u2019est de la RD Congo.<\/p>\n\n\n\n<p>Le Conseil de s\u00e9curit\u00e9 a d\u00e9clar\u00e9 que le Congo \u00ab&nbsp;continue de souffrir de cycles r\u00e9currents et \u00e9volutifs de conflits et de violences persistantes de la part de groupes arm\u00e9s \u00e9trangers et nationaux, qui exacerbent une crise s\u00e9curitaire, humanitaire et des droits de l\u2019homme profond\u00e9ment pr\u00e9occupante, ainsi que la violence intercommunautaire et des milices&nbsp;\u00bb dans certaines r\u00e9gions du pays.<\/p>\n\n\n\n<p>Il s\u2019est d\u00e9clar\u00e9 vivement pr\u00e9occup\u00e9 par la situation humanitaire dans le pays, qui a laiss\u00e9 environ 27 millions de Congolais dans le besoin d\u2019aide, un nombre croissant de personnes d\u00e9plac\u00e9es \u00e0 l\u2019int\u00e9rieur du pays estim\u00e9 \u00e0 5,7 millions ainsi que 523 000 r\u00e9fugi\u00e9s d\u2019autres pays voisins et 1 million de r\u00e9fugi\u00e9s du Congo ailleurs en Afrique en raison des hostilit\u00e9s en cours.<\/p>\n\n\n\n<p>La r\u00e9solution a fortement exhort\u00e9 tous les acteurs politiques congolais \u00e0 mettre en \u0153uvre \u00ab des r\u00e9formes essentielles en mati\u00e8re de gouvernance, de s\u00e9curit\u00e9 et d\u2019\u00e9conomie \u00bb et \u00e0 respecter les engagements du pr\u00e9sident F\u00e9lix Tshisekedi de poursuivre l\u2019unit\u00e9 nationale, de renforcer l\u2019\u00e9tat de droit et le respect des droits de l\u2019homme, de lutter contre la corruption et de lancer des programmes de d\u00e9veloppement pour r\u00e9duire la pauvret\u00e9.<\/p>\n\n\n\n<p>Elle a exhort\u00e9 le gouvernement \u00e0 amener les responsables pr\u00e9sum\u00e9s de violations des droits humains et du droit international humanitaire \u00e0 rendre des comptes. Il a fermement condamn\u00e9 les violences sexuelles, en particulier commises par des groupes arm\u00e9s, s\u2019est f\u00e9licit\u00e9 des efforts d\u00e9ploy\u00e9s par le Gouvernement pour combattre et pr\u00e9venir ce fl\u00e9au et a exhort\u00e9 le Gouvernement \u00e0 redoubler d\u2019efforts pour lutter contre l\u2019impunit\u00e9 des viols et autres s\u00e9vices sexuels.<\/p>\n\n\n\n<p>La r\u00e9solution maintient le plafond des troupes de la MONUSCO \u00e0 13 500 militaires, 600 observateurs militaires et officiers d\u2019\u00e9tat-major, et environ 2 000 policiers.<\/p>\n\n\n\n<p>La mission de la MONUSCO, qui a \u00e9t\u00e9 rationalis\u00e9e dans la r\u00e9solution de mardi, est principalement de prot\u00e9ger les civils menac\u00e9s par la violence, deuxi\u00e8mement de d\u00e9sarmer, d\u00e9mobiliser et r\u00e9int\u00e9grer les combattants, et troisi\u00e8mement de fournir des conseils strat\u00e9giques et techniques sur la r\u00e9forme du secteur de la s\u00e9curit\u00e9 en RD Congo.<\/p>\n\n\n\n<p>L\u2019ambassadeur adjoint des \u00c9tats-Unis, Robert Wood, notant que les \u00c9tats-Unis sont le plus grand contributeur financier \u00e0 la MONUSCO, a d\u00e9clar\u00e9 que son gouvernement avait vot\u00e9 pour la r\u00e9solution parce qu\u2019elle maintenait les droits de l\u2019homme comme \u00ab une t\u00e2che prioritaire \u00bb pour la mission.<\/p>\n\n\n\n<p>En avril, les dirigeants d\u2019Afrique de l\u2019Est ont d\u00e9cid\u00e9 de d\u00e9ployer une force r\u00e9gionale dans l\u2019est de la RD Congo pour faire face aux tensions et \u00e0 la violence aliment\u00e9es par les groupes arm\u00e9s.<\/p>\n\n\n\n<p>Wood a d\u00e9clar\u00e9 que la r\u00e9solution exhorte \u00ab&nbsp;de mani\u00e8re cruciale&nbsp;\u00bb la force r\u00e9gionale \u00e0 coordonner les op\u00e9rations avec la MONUSCO.<\/p>\n\n\n\n<p>La force de maintien de la paix de l\u2019ONU a \u00e9t\u00e9 la cible de manifestations estivales meurtri\u00e8res de la part d\u2019habitants qui ont d\u00e9clar\u00e9 que des groupes arm\u00e9s erraient toujours dans l\u2019est et que la force de l\u2019ONU ne les prot\u00e9geait pas. Les Casques bleus ont \u00e9galement \u00e9t\u00e9 accus\u00e9s d\u2019avoir exerc\u00e9 des repr\u00e9sailles contre les manifestants, parfois par la force.<\/p>\n\n\n\n<p>Apr\u00e8s l\u2019anti-ONU. , le pr\u00e9sident Tshisekedi a convoqu\u00e9 une r\u00e9union pour r\u00e9\u00e9valuer la pr\u00e9sence de la MONUSCO. Le gouvernement a appel\u00e9 \u00e0 une r\u00e9vision du plan de transition de la MONUSCO, et le ministre des Affaires \u00e9trang\u00e8res, Christophe Lutundula, a ensuite mentionn\u00e9 2024 comme objectif du retrait de la force.<\/p>\n\n\n\n<p>Le Conseil de s\u00e9curit\u00e9 a encourag\u00e9 l\u2019ONU et le gouvernement congolais, en collaboration avec la soci\u00e9t\u00e9 civile, \u00e0 \u00ab identifier des mesures concr\u00e8tes et r\u00e9alistes \u00e0 prendre, en priorit\u00e9, pour cr\u00e9er les conditions minimales de s\u00e9curit\u00e9 permettant une sortie responsable et durable de la MONUSCO \u00bb. Il a appel\u00e9 la MONUSCO et d\u2019autres membres du personnel de l\u2019ONU en RD Congo \u00e0 collaborer sur des actions prioritaires pour pr\u00e9parer le retrait de la force.<\/p>\n\n\n\n<p>Wood, l\u2019envoy\u00e9 am\u00e9ricain, a d\u00e9clar\u00e9 que l\u2019ONU, les responsables congolais et la soci\u00e9t\u00e9 civile devraient se mettre d\u2019accord sur toute nouvelle mesure en vue du retrait \u00e9ventuel de la MONUSCO, et qu\u2019ils \u00ab devraient \u00e9viter d\u2019exposer les populations vuln\u00e9rables \u00e0 d\u2019autres dommages \u00bb.<\/p>\n\n\n\n<p>Lutundula de la RD Congo a exhort\u00e9 le Conseil plus t\u00f4t ce mois-ci \u00e0 abandonner l\u2019obligation pour le gouvernement d\u2019informer le comit\u00e9 des sanctions du Conseil de s\u00e9curit\u00e9 de certains achats d\u2019armes, affirmant que le pays ne pouvait pas r\u00e9organiser ses forces militaires et de s\u00e9curit\u00e9 pour lutter contre le terrorisme sans la libert\u00e9 de les \u00e9quiper.<\/p>\n\n\n\n<p>La deuxi\u00e8me r\u00e9solution br\u00e8ve a lev\u00e9 cette exigence, une d\u00e9cision salu\u00e9e par la Russie, la Chine et d\u2019autres qui avaient plaid\u00e9 pour mettre fin aux notifications.<\/p>\n\n\n\n<p>L\u2019ambassadeur du Gabon \u00e0 l\u2019ONU, Michel Biang, a d\u00e9clar\u00e9 que la fin de cette exigence \u00ab&nbsp;l\u00e8vera tous les obstacles&nbsp;\u00bb auxquels le Congo est confront\u00e9 \u00ab&nbsp;pour donner une r\u00e9ponse appropri\u00e9e et efficace aux groupes arm\u00e9s qui pillent les ressources et commettent des atrocit\u00e9s sur les civils dans l\u2019est&nbsp;\u00bb.<\/p>\n<div style=\"text-align:center\" class=\"wps-pgfw-pdf-generate-icon__wrapper-frontend\">\n\t\t<a href=\"https:\/\/congokin.blog?action=genpdf&amp;id=11058\" class=\"pgfw-single-pdf-download-button\" ><img src=\"https:\/\/congokin.blog\/wp-content\/plugins\/pdf-generator-for-wp\/admin\/src\/images\/PDF_Tray.svg\" title=\"G\u00e9n\u00e9rer un PDF\" style=\"width:auto; height:45px;\"><\/a>\n\t\t<\/div>","protected":false},"excerpt":{"rendered":"<p>L\u2019ONU prolonge la force de maintien de la paix au Congo en vue de sa sortie Par Edith M. Lederer |\u2009AP 20 d\u00e9cembre 2022 \u00e0 18 h 11 HNE Le Conseil de s\u00e9curit\u00e9 a vot\u00e9 \u00e0 l\u2019unanimit\u00e9 mardi pour prolonger la mission de maintien de la paix de l\u2019ONU en RD Congo en vue de [&hellip;]<\/p>\n","protected":false},"author":8,"featured_media":0,"comment_status":"open","ping_status":"closed","sticky":false,"template":"","format":"standard","meta":{"footnotes":""},"categories":[1],"tags":[],"class_list":["post-11058","post","type-post","status-publish","format-standard","hentry","category-uncategorized"],"_links":{"self":[{"href":"https:\/\/congokin.blog\/index.php?rest_route=\/wp\/v2\/posts\/11058","targetHints":{"allow":["GET"]}}],"collection":[{"href":"https:\/\/congokin.blog\/index.php?rest_route=\/wp\/v2\/posts"}],"about":[{"href":"https:\/\/congokin.blog\/index.php?rest_route=\/wp\/v2\/types\/post"}],"author":[{"embeddable":true,"href":"https:\/\/congokin.blog\/index.php?rest_route=\/wp\/v2\/users\/8"}],"replies":[{"embeddable":true,"href":"https:\/\/congokin.blog\/index.php?rest_route=%2Fwp%2Fv2%2Fcomments&post=11058"}],"version-history":[{"count":1,"href":"https:\/\/congokin.blog\/index.php?rest_route=\/wp\/v2\/posts\/11058\/revisions"}],"predecessor-version":[{"id":11059,"href":"https:\/\/congokin.blog\/index.php?rest_route=\/wp\/v2\/posts\/11058\/revisions\/11059"}],"wp:attachment":[{"href":"https:\/\/congokin.blog\/index.php?rest_route=%2Fwp%2Fv2%2Fmedia&parent=11058"}],"wp:term":[{"taxonomy":"category","embeddable":true,"href":"https:\/\/congokin.blog\/index.php?rest_route=%2Fwp%2Fv2%2Fcategories&post=11058"},{"taxonomy":"post_tag","embeddable":true,"href":"https:\/\/congokin.blog\/index.php?rest_route=%2Fwp%2Fv2%2Ftags&post=11058"}],"curies":[{"name":"wp","href":"https:\/\/api.w.org\/{rel}","templated":true}]}}