{"id":11123,"date":"2022-12-28T19:11:34","date_gmt":"2022-12-28T19:11:34","guid":{"rendered":"https:\/\/congokin.blog\/?p=11123"},"modified":"2022-12-28T19:11:34","modified_gmt":"2022-12-28T19:11:34","slug":"affaire-bukangalonzo-les-raisons-de-la-signature-de-mukwege-sur-la-declaration-commune-avec-matata-et-fayulu-devoilees","status":"publish","type":"post","link":"https:\/\/congokin.blog\/?p=11123","title":{"rendered":"Affaire Bukangalonzo : les raisons de la signature de Mukwege sur la d\u00e9claration commune avec Matata et Fayulu d\u00e9voil\u00e9es"},"content":{"rendered":"\n<h1 class=\"wp-block-heading\">Affaire Bukangalonzo : les raisons de la signature de Mukwege sur la d\u00e9claration commune avec Matata et Fayulu d\u00e9voil\u00e9es<\/h1>\n\n\n\n<p>27.12.2022<\/p>\n\n\n\n<p><a href=\"https:\/\/www.mediacongo.net\/articles-actualite-0_.html\"><\/a><\/p>\n\n\n\n<p>Ajouter aux favoris<\/p>\n\n\n\n<figure class=\"wp-block-image is-style-zoooom\"><img decoding=\"async\" src=\"https:\/\/www.mediacongo.net\/cache\/mukwege_denis_22_58585_jpg_711_473_1.jpeg\" alt=\"-\"\/><\/figure>\n\n\n\n<p>Le Docteur D\u00e9nis Mukwege est sorti du silence pour expliquer le pourquoi de sa signature sur leur d\u00e9claration commune avec Martin Fayulu et Matata Mponyo sur l\u2019affaire Bukangalonzo, rendue publique ce lundi 26 d\u00e9cembre 2022. Le Prix Nobel de la paix 2018 justifie sa signature par l\u2019opacit\u00e9 qui caract\u00e9rise cette affaire.<\/p>\n\n\n\n<p><br>Il pense que la justice congolaise devrait respecter les principes fondamentaux d\u2019un Etat des droits et non r\u00e9pondre aux vell\u00e9it\u00e9s politiques.<\/p>\n\n\n\n<p>\u00ab&nbsp;Tout citoyen qui viole la Constitution, qui viole les lois de la R\u00e9publique doit r\u00e9pondre de ses actes. Je dois dire que Matata Mponyo ne fait pas exception. Par contre, dans l\u2019affaire qui est reproch\u00e9e \u00e0 Matata Mponyo la proc\u00e9dure n\u2019a pas \u00e9t\u00e9 claire. Pour nous citoyen, on ne peut pas comprendre qu\u2019une institution de la R\u00e9publique, \u00e0 savoir la Cour constitutionnelle d\u00e9clare l\u2019irrecevabilit\u00e9 d\u2019une plainte et que cette plainte est envoy\u00e9e \u00e0 la Cour de cassation&nbsp;; et qu\u2019apr\u00e8s avoir vir\u00e9 les juges, la m\u00eame Cour se d\u00e9clare comp\u00e9tente pour connaitre l\u2019affaire. Je pense que nous avons besoin d\u2019une justice qui est \u00e9quitable, impartiale et non s\u00e9lective. Mais si notre justice va r\u00e9pondre aux vell\u00e9it\u00e9s politiques, moi je m\u2019oppose cat\u00e9goriquement. Je crois que mon opposition, ce n\u2019est pas par rapport \u00e0 l\u2019individu mais c\u2019est par rapport au syst\u00e8me, au principe. Et je pense que le principe est que la justice doit \u00eatre rendue pour tout citoyen congolais conform\u00e9ment \u00e0 nos lois et \u00e0 notre Constitution et pas en fonction des conflits ou des int\u00e9r\u00eats politiques. Et ici, c\u2019est le cas d\u2019esp\u00e8ce. S\u2019il y\u2019a des choses que l\u2019on reproche \u00e0 Matata, je crois que l\u00e0 o\u00f9, la Cour constitutionnelle s\u2019est d\u00e9j\u00e0 d\u00e9clar\u00e9e incomp\u00e9tente, one ne peut pas y revenir avec un autre juge. Je pense qu\u2019il faut que notre justice nous garantisse nos libert\u00e9s fondamentales&nbsp;\u00bb, a expliqu\u00e9 le Dr D\u00e9nis Mukwege.<\/p>\n\n\n\n<p>Dans ladite d\u00e9claration, ces personnalit\u00e9s politiques et acteur de la soci\u00e9t\u00e9 civile ce qu\u2019elles qualifient de \u00ab&nbsp;violation ouverte de la Constitution et des lois de la R\u00e9publique&nbsp;\u00bb en ce qui concerne les poursuites judiciaires engag\u00e9es contre certains acteurs politiques majeurs du pays dans le seul but de les \u00e9liminer du processus \u00e9lectoral en cours. Les signataires citent, \u00e0 titre illustratif, le dernier arr\u00eat rendu par la Cour constitutionnelle dans le dossier du S\u00e9nateur Matata Mponyo, en violation de l\u2019article 168 de la Constitution.<\/p>\n\n\n\n<p>Les signataires demandent ainsi la recomposition urgente de la Cour constitutionnelle et l\u2019arr\u00eat de l\u2019instrumentalisation de la justice et services fiscaux contre les candidats Pr\u00e9sidents de la R\u00e9publique.<\/p>\n\n\n\n<p>Poursuivi (Matata) pour d\u00e9tournement pr\u00e9sum\u00e9 des fonds allou\u00e9s au parc agro-industriel de Bukanga Lonzo, le 15 novembre, la Cour constitutionnelle s\u2019\u00e9tait d\u00e9clar\u00e9e incomp\u00e9tente de connaitre de cette affaire, sur pied des dispositions de l\u2019article 164.<\/p>\n\n\n\n<p>Appel\u00e9e de nouveau \u00e0 interpr\u00e9ter cette disposition \u00ab la Cour constitutionnelle est le juge p\u00e9nal du Pr\u00e9sident de la R\u00e9publique et du Premier ministre pour des infractions politiques de haute trahison, d\u2019outrage au Parlement, d\u2019atteinte \u00e0 l\u2019honneur ou \u00e0 la probit\u00e9 ainsi que&nbsp; pour les d\u00e9lits d\u2019initi\u00e9 et pour les autres infractions de droit commun commises dans l\u2019exercice ou \u00e0 l\u2019occasion de l\u2019exercice de leurs fonctions. Elle est \u00e9galement comp\u00e9tente pour juger leurs co-auteurs et complices \u00bb. Elle s\u2019est r\u00e9cemment d\u00e9clar\u00e9e comp\u00e9tente pour connaitre de cette affaire dans son dernier arr\u00eat sur l\u2019affaire Bukangalonzo, ce qui ne satisfait pas la d\u00e9fense.<\/p>\n\n\n\n<p><strong>Espoir Kamba<br>opinion-info\/ MCP, via mediacongo.net<\/strong><\/p>\n<div style=\"text-align:center\" class=\"wps-pgfw-pdf-generate-icon__wrapper-frontend\">\n\t\t<a href=\"https:\/\/congokin.blog?action=genpdf&amp;id=11123\" class=\"pgfw-single-pdf-download-button\" ><img src=\"https:\/\/congokin.blog\/wp-content\/plugins\/pdf-generator-for-wp\/admin\/src\/images\/PDF_Tray.svg\" title=\"G\u00e9n\u00e9rer un PDF\" style=\"width:auto; height:45px;\"><\/a>\n\t\t<\/div>","protected":false},"excerpt":{"rendered":"<p>Affaire Bukangalonzo : les raisons de la signature de Mukwege sur la d\u00e9claration commune avec Matata et Fayulu d\u00e9voil\u00e9es 27.12.2022 Ajouter aux favoris Le Docteur D\u00e9nis Mukwege est sorti du silence pour expliquer le pourquoi de sa signature sur leur d\u00e9claration commune avec Martin Fayulu et Matata Mponyo sur l\u2019affaire Bukangalonzo, rendue publique ce lundi [&hellip;]<\/p>\n","protected":false},"author":8,"featured_media":0,"comment_status":"open","ping_status":"closed","sticky":false,"template":"","format":"standard","meta":{"footnotes":""},"categories":[4,6],"tags":[],"class_list":["post-11123","post","type-post","status-publish","format-standard","hentry","category-documents","category-justice"],"_links":{"self":[{"href":"https:\/\/congokin.blog\/index.php?rest_route=\/wp\/v2\/posts\/11123","targetHints":{"allow":["GET"]}}],"collection":[{"href":"https:\/\/congokin.blog\/index.php?rest_route=\/wp\/v2\/posts"}],"about":[{"href":"https:\/\/congokin.blog\/index.php?rest_route=\/wp\/v2\/types\/post"}],"author":[{"embeddable":true,"href":"https:\/\/congokin.blog\/index.php?rest_route=\/wp\/v2\/users\/8"}],"replies":[{"embeddable":true,"href":"https:\/\/congokin.blog\/index.php?rest_route=%2Fwp%2Fv2%2Fcomments&post=11123"}],"version-history":[{"count":1,"href":"https:\/\/congokin.blog\/index.php?rest_route=\/wp\/v2\/posts\/11123\/revisions"}],"predecessor-version":[{"id":11124,"href":"https:\/\/congokin.blog\/index.php?rest_route=\/wp\/v2\/posts\/11123\/revisions\/11124"}],"wp:attachment":[{"href":"https:\/\/congokin.blog\/index.php?rest_route=%2Fwp%2Fv2%2Fmedia&parent=11123"}],"wp:term":[{"taxonomy":"category","embeddable":true,"href":"https:\/\/congokin.blog\/index.php?rest_route=%2Fwp%2Fv2%2Fcategories&post=11123"},{"taxonomy":"post_tag","embeddable":true,"href":"https:\/\/congokin.blog\/index.php?rest_route=%2Fwp%2Fv2%2Ftags&post=11123"}],"curies":[{"name":"wp","href":"https:\/\/api.w.org\/{rel}","templated":true}]}}