{"id":11178,"date":"2023-01-10T16:15:00","date_gmt":"2023-01-10T16:15:00","guid":{"rendered":"https:\/\/congokin.blog\/?p=11178"},"modified":"2023-01-10T16:15:00","modified_gmt":"2023-01-10T16:15:00","slug":"la-guerre-a-lest-du-congo-sinternationalise","status":"publish","type":"post","link":"https:\/\/congokin.blog\/?p=11178","title":{"rendered":"La guerre \u00e0 l\u2019est du Congo s\u2019internationalise"},"content":{"rendered":"\n<h1 class=\"wp-block-heading\">La guerre \u00e0 l\u2019est du Congo s\u2019internationalise<\/h1>\n\n\n\n<p>Le pays s\u2019organise pour s\u2019opposer au progr\u00e8s du mouvement rebelle M23 et aux incursions du Rwanda tandis que des craintes d\u2019un nouveau g\u00e9nocide anti-Tutsis se font jour.\u00a0<\/p>\n\n\n\n<figure class=\"wp-block-image\"><img decoding=\"async\" src=\"https:\/\/ig.lesoir.be\/i\/0\/0.07886\/1x0.84228\/d-20230108-40135F.jpg?auth=a0c4b\" alt=\"\"\/><\/figure>\n\n\n\n<figure class=\"wp-block-image\"><img decoding=\"async\" src=\"https:\/\/www.lesoir.be\/sites\/default\/files\/dpistyles\/thumbnail\/taxonomy_term_26702\/27740458\/public\/thumbnails\/image\/201006colettebraeckman.jpg?itok=srG7EW6q1601993802\" alt=\"Colette Braeckman\"\/><\/figure>\n\n\n\n<p>Journaliste au service MondePar&nbsp;<a href=\"https:\/\/www.lesoir.be\/26702\/dpi-authors\/colette-braeckman\">Colette Braeckman<\/a>Publi\u00e9 le 9\/01\/2023 \u00e0 00:00&nbsp;Temps de lecture: 4 min<\/p>\n\n\n\n<p>Les habitants de Goma ont pass\u00e9 le week-end \u00e0 scruter le ciel&nbsp;: non seulement la capitale du Nord-Kivu est devenue la capitale op\u00e9rationnelle des forces de la Communaut\u00e9 est africaine (EAC) tandis que le d\u00e9tachement k\u00e9nyan poursuit son avanc\u00e9e, mais les forces arm\u00e9es congolaises (FARDC) montent en puissance.<\/p>\n\n\n\n<p>De gros porteurs venus de Turquie ont solennellement d\u00e9barqu\u00e9 du mat\u00e9riel lourd, dont des chars, remis au gouverneur du Nord-Kivu, le lieutenant-colonel Nduma Kongba. Ce dernier a relev\u00e9 que cette assistance turque avait \u00e9t\u00e9 rendue possible par la lev\u00e9e, par le Conseil de s\u00e9curit\u00e9, de l\u2019exigence de notification de tout achat d\u2019armes. Jusqu\u2019\u00e0 pr\u00e9sent cette mesure avait \u00e9t\u00e9 d\u00e9nonc\u00e9e par Kinshasa comme un embargo de fait, qui emp\u00eachait la RDC de se doter des moyens de d\u00e9fense ad\u00e9quats. Ce veto avait \u00e9t\u00e9 lev\u00e9 non seulement \u00e0 la demande de Kinshasa mais surtout \u00e0 la suite de la publication du dernier rapport des experts de l\u2019ONU \u00e9tablissant clairement l\u2019implication du Rwanda dans le conflit. Cette confirmation du soutien apport\u00e9 par l\u2019arm\u00e9e rwandaise aux rebelles du M23 avait d\u00e9clench\u00e9, de Washington jusqu\u2019au si\u00e8ge de l\u2019Union europ\u00e9enne, une salve de r\u00e9actions diplomatiques visant Kigali.<\/p>\n\n\n\n<p>Au m\u00eame moment, d\u2019autres informations, relay\u00e9es par des sources fran\u00e7aises, ont contribu\u00e9 \u00e0 alimenter les craintes d\u2019une escalade militaire&nbsp;: l\u2019agence d\u2019information parisienne Africa Intelligence, trop pr\u00e9cise pour ne pas b\u00e9n\u00e9ficier de sources militaires haut plac\u00e9es, a r\u00e9v\u00e9l\u00e9 que des \u00ab&nbsp;prestataires priv\u00e9s&nbsp;\u00bb, soup\u00e7onn\u00e9s d\u2019\u00eatre des paramilitaires russes, op\u00e9reraient \u00e0 Goma. Ils seraient charg\u00e9s de la maintenance des a\u00e9ronefs congolais et fourniraient des instructeurs militaires aux FARDC. La premi\u00e8re entit\u00e9, explique Africa Intelligence, s\u2019appelle Altamira, est enregistr\u00e9e \u00e0 Sofia en Bulgarie et le Fran\u00e7ais Olivier Bazin, alias \u00ab&nbsp;Mario&nbsp;\u00bb se trouve \u00e0 sa t\u00eate. Une quarantaine de techniciens, Bi\u00e9lorusses et G\u00e9orgiens, anciens de l\u2019arm\u00e9e sovi\u00e9tique, s\u2019occuperaient de la maintenance des deux avions Sukhoi SU 25 achet\u00e9s en Ukraine au d\u00e9but des ann\u00e9es 2010 par le pr\u00e9sident Kabila et de deux h\u00e9licopt\u00e8res MI 24, appareils qui ont d\u00e9j\u00e0 men\u00e9 des frappes a\u00e9riennes contre les rebelles du M23 et fr\u00f4l\u00e9 la fronti\u00e8re du Rwanda.<\/p>\n\n\n\n<p>Une autre soci\u00e9t\u00e9, bulgare cette fois, Melalika, aurait pr\u00e9sent\u00e9 des offres de vente d\u2019armement tandis que des instructeurs roumains seraient arriv\u00e9s \u00e0 la fin de l\u2019ann\u00e9e derni\u00e8re. Toujours selon l\u2019agence fran\u00e7aise, ces soci\u00e9t\u00e9s et ces \u00ab&nbsp;instructeurs militaires&nbsp;\u00bb seraient arriv\u00e9s dans une certaine \u00ab&nbsp;opacit\u00e9&nbsp;\u00bb, ind\u00e9pendamment de la haute hi\u00e9rarchie militaire, et seraient en contact direct avec le cabinet du chef de l\u2019Etat.<\/p>\n\n\n\n<h2 class=\"wp-block-heading\">Un nouveau g\u00e9nocide&nbsp;?<\/h2>\n\n\n\n<p>D\u2019autres informations, diffus\u00e9es au d\u00e9part du Rwanda et relay\u00e9es une fois encore depuis la France (que le pr\u00e9sident Macron a r\u00e9concili\u00e9 avec Kigali\u2026) d\u00e9noncent l\u2019hostilit\u00e9 croissante dont sont victimes les Tutsis congolais ou plus pr\u00e9cis\u00e9ment les Congolais rwandophones vivant au Nord-Kivu, menac\u00e9s, arr\u00eat\u00e9s aux barrages routiers, parfois emmen\u00e9s en prison&nbsp;: \u00ab&nbsp;Il y a des barri\u00e8res partout, nous n\u2019avons nulle part o\u00f9 aller, ma grand-m\u00e8re passe la nuit dans les marais voisins&nbsp;\u00bb, assure un message venu du Nord-Kivu.<\/p>\n\n\n\n<p>De tels t\u00e9moignages entretiennent \u00e9videmment la crainte d\u2019un nouveau g\u00e9nocide des Tutsis et ils sont renforc\u00e9s par les informations venues du Sud-Kivu et confirmant les attaques men\u00e9es par des milices locales, alli\u00e9es aux anciens r\u00e9fugi\u00e9s hutus, contre les Tutsis Banyamulenge. Il faut relever aussi que, passant sous silence l\u2019encha\u00eenement des causes et des cons\u00e9quences, ces t\u00e9moignages r\u00e9els mais isol\u00e9s renforcent l\u2019argumentaire du Rwanda, occultent le sort des Congolais massacr\u00e9s \u00e0 Kishishe et ailleurs par le M23 et l\u2019errance de plus de 300.000 r\u00e9fugi\u00e9s civils.<\/p>\n\n\n\n<p>Le rapport des experts de l\u2019ONU souligne pour sa part combien le mouvement rebelle M23 a gagn\u00e9 du terrain, commenc\u00e9 \u00e0 imposer des taxes sur le b\u00e9tail, les r\u00e9coltes et m\u00eame les pi\u00e9tons, recrut\u00e9 des enfants-soldats app\u00e2t\u00e9s par de fausses promesses, pill\u00e9 des centres m\u00e9dicaux, viol\u00e9 des femmes se rendant aux champs, organis\u00e9 des camps d\u2019entra\u00eenement o\u00f9 les recrues qui tentent de s\u2019\u00e9chapper sont soit ex\u00e9cut\u00e9es soit tortur\u00e9es dans des prisons souterraines\u2026<\/p>\n\n\n\n<p>Quant \u00e0 la pr\u00e9sence de forces rwandaises \u00ab&nbsp;marchant parfois en colonnes&nbsp;\u00bb, elle a \u00e9t\u00e9 confirm\u00e9e aux experts de l\u2019ONU par de tr\u00e8s nombreux t\u00e9moins et aussi par des photos a\u00e9riennes, dont certaines prises \u00e0 l\u2019aide de drones. Comment ne pas conclure qu\u2019en cette ann\u00e9e qui devrait se terminer par l\u2019organisation d\u2019\u00e9lections g\u00e9n\u00e9rales, le pr\u00e9sident Tshisekedi, le premier pr\u00e9sident \u00ab&nbsp;civil&nbsp;\u00bb du Congo, est confront\u00e9 \u00e0 une \u00ab&nbsp;sale guerre&nbsp;\u00bb, o\u00f9 se joue peut-\u00eatre l\u2019avenir, sinon l\u2019existence, de son pays&nbsp;?<\/p>\n<div style=\"text-align:center\" class=\"wps-pgfw-pdf-generate-icon__wrapper-frontend\">\n\t\t<a href=\"https:\/\/congokin.blog?action=genpdf&amp;id=11178\" class=\"pgfw-single-pdf-download-button\" ><img src=\"https:\/\/congokin.blog\/wp-content\/plugins\/pdf-generator-for-wp\/admin\/src\/images\/PDF_Tray.svg\" title=\"G\u00e9n\u00e9rer un PDF\" style=\"width:auto; height:45px;\"><\/a>\n\t\t<\/div>","protected":false},"excerpt":{"rendered":"<p>La guerre \u00e0 l\u2019est du Congo s\u2019internationalise Le pays s\u2019organise pour s\u2019opposer au progr\u00e8s du mouvement rebelle M23 et aux incursions du Rwanda tandis que des craintes d\u2019un nouveau g\u00e9nocide anti-Tutsis se font jour.\u00a0 Journaliste au service MondePar&nbsp;Colette BraeckmanPubli\u00e9 le 9\/01\/2023 \u00e0 00:00&nbsp;Temps de lecture: 4 min Les habitants de Goma ont pass\u00e9 le week-end [&hellip;]<\/p>\n","protected":false},"author":9,"featured_media":0,"comment_status":"open","ping_status":"closed","sticky":false,"template":"","format":"standard","meta":{"footnotes":""},"categories":[1],"tags":[],"class_list":["post-11178","post","type-post","status-publish","format-standard","hentry","category-uncategorized"],"_links":{"self":[{"href":"https:\/\/congokin.blog\/index.php?rest_route=\/wp\/v2\/posts\/11178","targetHints":{"allow":["GET"]}}],"collection":[{"href":"https:\/\/congokin.blog\/index.php?rest_route=\/wp\/v2\/posts"}],"about":[{"href":"https:\/\/congokin.blog\/index.php?rest_route=\/wp\/v2\/types\/post"}],"author":[{"embeddable":true,"href":"https:\/\/congokin.blog\/index.php?rest_route=\/wp\/v2\/users\/9"}],"replies":[{"embeddable":true,"href":"https:\/\/congokin.blog\/index.php?rest_route=%2Fwp%2Fv2%2Fcomments&post=11178"}],"version-history":[{"count":1,"href":"https:\/\/congokin.blog\/index.php?rest_route=\/wp\/v2\/posts\/11178\/revisions"}],"predecessor-version":[{"id":11179,"href":"https:\/\/congokin.blog\/index.php?rest_route=\/wp\/v2\/posts\/11178\/revisions\/11179"}],"wp:attachment":[{"href":"https:\/\/congokin.blog\/index.php?rest_route=%2Fwp%2Fv2%2Fmedia&parent=11178"}],"wp:term":[{"taxonomy":"category","embeddable":true,"href":"https:\/\/congokin.blog\/index.php?rest_route=%2Fwp%2Fv2%2Fcategories&post=11178"},{"taxonomy":"post_tag","embeddable":true,"href":"https:\/\/congokin.blog\/index.php?rest_route=%2Fwp%2Fv2%2Ftags&post=11178"}],"curies":[{"name":"wp","href":"https:\/\/api.w.org\/{rel}","templated":true}]}}