{"id":11232,"date":"2023-01-15T18:49:53","date_gmt":"2023-01-15T18:49:53","guid":{"rendered":"https:\/\/congokin.blog\/?p=11232"},"modified":"2023-01-15T18:49:53","modified_gmt":"2023-01-15T18:49:53","slug":"est-de-la-rdc-dix-morts-et-pres-de-quarante-blesses-dans-un-attentat-visant-une-eglise-pentecotiste","status":"publish","type":"post","link":"https:\/\/congokin.blog\/?p=11232","title":{"rendered":"Est de la RDC\u00a0: dix morts et pr\u00e8s de quarante bless\u00e9s dans un attentat visant une \u00e9glise pentec\u00f4tiste"},"content":{"rendered":"\n<p><\/p>\n\n\n\n<h1 class=\"wp-block-heading\">Est de la RDC&nbsp;: dix morts et pr\u00e8s de quarante bless\u00e9s dans un attentat visant une \u00e9glise pentec\u00f4tiste<\/h1>\n\n\n\n<p>Le gouvernement de RDC a condamn\u00e9 un \u00ab&nbsp;attentat \u00e0 la bombe perp\u00e9tr\u00e9 visiblement par des terroristes ADF&nbsp;\u00bb, les Forces d\u00e9mocratiques alli\u00e9es, actives dans la r\u00e9gion.<\/p>\n\n\n\n<p id=\"js-authors-trigger\">Le Monde avec AFP Publi\u00e9 aujourd\u2019hui \u00e0 18h23<\/p>\n\n\n\n<p>Temps de Lecture 2 min.<\/p>\n\n\n\n<ul class=\"wp-block-list\">\n<li><\/li>\n<\/ul>\n\n\n\n<figure class=\"wp-block-image\"><img decoding=\"async\" src=\"https:\/\/img.lemde.fr\/2023\/01\/15\/0\/0\/5616\/3744\/664\/0\/75\/0\/d1fd531_1673802539183-ap19163457339344.jpg\" alt=\"A la fronti\u00e8re entre l\u2019Ouganda et la RDC, pr\u00e8s de Kasindi, le 12 juin 2019.\"\/><figcaption class=\"wp-element-caption\">A la fronti\u00e8re entre l\u2019Ouganda et la RDC, pr\u00e8s de Kasindi, le 12 juin 2019. AL-HADJI KUDRA MALIRO \/ AP<\/figcaption><\/figure>\n\n\n\n<p>Au moins dix personnes ont \u00e9t\u00e9 tu\u00e9es et trente-neuf bless\u00e9es, dimanche 15&nbsp;janvier, dans un attentat \u00e0 la bombe dans une \u00e9glise du nord-est de la R\u00e9publique d\u00e9mocratique du Congo (RDC), attribu\u00e9 par les autorit\u00e9s \u00e0 un groupe arm\u00e9 affili\u00e9 \u00e0 l\u2019Etat islamique.<\/p>\n\n\n\n<p>Cet <em>\u00ab&nbsp;acte purement terroriste&nbsp;\u00bb<\/em> s\u2019est produit dans une \u00e9glise pentec\u00f4tiste (protestante \u00e9vang\u00e9lique) de Kasindi, ville frontali\u00e8re avec l\u2019Ouganda de la province congolaise du Nord-Kivu, a expliqu\u00e9 le porte-parole de l\u2019arm\u00e9e de RDC, Antony Mualushayi. Il a fait \u00e9tat dimanche apr\u00e8s-midi de dix morts et trente-neuf bless\u00e9s et de l\u2019arrestation d\u2019un suspect de nationalit\u00e9 k\u00e9nyane, pr\u00e9cisant que des enqu\u00eates \u00e9taient en cours. Une figure de la soci\u00e9t\u00e9 civile, Joel Kitausa, a lui \u00e9voqu\u00e9 dix morts et cinquante-huit bless\u00e9s.<\/p>\n\n\n\n<p>Le gouvernement de RDC a condamn\u00e9, <a href=\"https:\/\/twitter.com\/Com_mediasRDC\/status\/1614591731562958848\" target=\"_blank\" rel=\"noreferrer noopener\">dans un tweet du minist\u00e8re de la communication<\/a>, <em>\u00ab&nbsp;l\u2019attentat \u00e0 la bombe perp\u00e9tr\u00e9 visiblement par des terroristes ADF&nbsp;\u00bb<\/em>, les Forces d\u00e9mocratiques alli\u00e9es (Allied democratic forces). Les ADF, rebelles musulmans d\u2019origine ougandaise, sont actifs dans le nord du Nord-Kivu et au sud de l\u2019Ituri, autre province congolaise. Ils figurent parmi les plus meurtriers des quelque 120 groupes arm\u00e9s pr\u00e9sents dans l\u2019est de la RDC, dont beaucoup sont l\u2019h\u00e9ritage des conflits r\u00e9gionaux qui ont \u00e9clat\u00e9 au tournant du XXI<sup>e<\/sup>&nbsp;si\u00e8cle. Ces groupes cherchent \u00e0 contr\u00f4ler des territoires pour des motifs ethniques et\/ou pour en extraire les riches ressources du sol, souvent encourag\u00e9s et financ\u00e9s par les pays voisins.<\/p>\n\n\n\n<h2 class=\"wp-block-heading\">Nord-Kivu et Ituri plac\u00e9s en \u00e9tat de si\u00e8ge par F\u00e9lix Tshisekedi<\/h2>\n\n\n\n<p>Les ADF sont accus\u00e9s d\u2019avoir massacr\u00e9 des milliers de civils congolais et d\u2019avoir perp\u00e9tr\u00e9 des attentats \u00e0 la bombe en Ouganda. En&nbsp;2021, les \u00c9tats-Unis ont plac\u00e9 les ADF dans leur liste des <em>\u00ab&nbsp;organisations terroristes \u00e9trang\u00e8res&nbsp;\u00bb<\/em>, en lien avec le groupe Etat islamique. Depuis la m\u00eame ann\u00e9e, une op\u00e9ration militaire conjointe congolaise-ougandaise a commenc\u00e9 \u00e0 cibler les ADF en territoire congolais. Mais les attaques ont continu\u00e9.<\/p>\n\n\n\n<p>Les ADF <em>\u00ab&nbsp;ont poursuivi leur expansion g\u00e9ographique&nbsp;\u00bb<\/em> en RDC, y tuant depuis avril&nbsp;2022 <em>\u00ab&nbsp;au moins 370 civils&nbsp;\u00bb<\/em>, selon un rapport du groupe d\u2019experts du Conseil de s\u00e9curit\u00e9 de l\u2019ONU sur la RDC du 16&nbsp;d\u00e9cembre dernier. Selon ce groupe d\u2019experts, ils ont aussi <em>\u00ab&nbsp;opt\u00e9 pour des op\u00e9rations plus visibles et plus meurtri\u00e8res&nbsp;\u00bb<\/em>, en utilisant des engins explosifs improvis\u00e9s <em>\u00ab&nbsp;en milieu urbain&nbsp;\u00bb<\/em>.<\/p>\n\n\n\n<p>Depuis mai&nbsp;2021, Nord-Kivu et Ituri ont \u00e9t\u00e9 plac\u00e9s en <em>\u00ab&nbsp;\u00e9tat de si\u00e8ge&nbsp;\u00bb<\/em> par le pr\u00e9sident congolais F\u00e9lix Tshisekedi, pour tenter de stopper les violences, des responsables militaires rempla\u00e7ant les administrateurs civils. Mais cette mesure d\u2019exception a \u00e9galement largement \u00e9chou\u00e9 \u00e0 endiguer les attaques.<\/p>\n\n\n\n<p>Depuis une semaine, au moins une soixantaine de civils ont \u00e9t\u00e9 tu\u00e9s en Ituri. Mercredi, <em>\u00ab&nbsp;huit civils&nbsp;\u00bb<\/em> ont \u00e9t\u00e9 <em>\u00ab&nbsp;assassin\u00e9s par les rebelles ADF&nbsp;\u00bb<\/em> dans le territoire d\u2019Irumu, selon Dieudonn\u00e9 Lossa, coordonnateur de la soci\u00e9t\u00e9 civile de l\u2019Ituri. Les autres victimes l\u2019ont \u00e9t\u00e9 apr\u00e8s des attaques attribu\u00e9es \u00e0 la Codeco (Coop\u00e9rative pour le d\u00e9veloppement du Congo), une milice de plusieurs milliers d\u2019hommes qui revendique prot\u00e9ger la tribu Lendu, face \u00e0 la tribu Hema et \u00e0 l\u2019arm\u00e9e nationale. Lire aussi : <a href=\"https:\/\/www.lemonde.fr\/afrique\/article\/2023\/01\/06\/le-retrait-de-facade-des-rebelles-du-m23-dans-l-est-de-la-rdc_6156932_3212.html\">Le retrait de fa\u00e7ade des rebelles du M23 dans l\u2019est de la RDC<\/a><\/p>\n\n\n\n<p>M.&nbsp;Lossa regrette que les effectifs des forces arm\u00e9es de RDC aient \u00e9t\u00e9 r\u00e9cemment <em>\u00ab&nbsp;r\u00e9duits&nbsp;\u00bb<\/em> en Ituri, pour en <em>\u00ab&nbsp;ramener&nbsp;\u00bb<\/em> au Nord-Kivu pour combattre un autre groupe arm\u00e9, le M23, r\u00e9bellion tutsi soutenue selon Kinshasa par le Rwanda.<\/p>\n\n\n\n<p>Le Monde avec AFP<\/p>\n<div style=\"text-align:center\" class=\"wps-pgfw-pdf-generate-icon__wrapper-frontend\">\n\t\t<a href=\"https:\/\/congokin.blog?action=genpdf&amp;id=11232\" class=\"pgfw-single-pdf-download-button\" ><img src=\"https:\/\/congokin.blog\/wp-content\/plugins\/pdf-generator-for-wp\/admin\/src\/images\/PDF_Tray.svg\" title=\"G\u00e9n\u00e9rer un PDF\" style=\"width:auto; height:45px;\"><\/a>\n\t\t<\/div>","protected":false},"excerpt":{"rendered":"<p>Est de la RDC&nbsp;: dix morts et pr\u00e8s de quarante bless\u00e9s dans un attentat visant une \u00e9glise pentec\u00f4tiste Le gouvernement de RDC a condamn\u00e9 un \u00ab&nbsp;attentat \u00e0 la bombe perp\u00e9tr\u00e9 visiblement par des terroristes ADF&nbsp;\u00bb, les Forces d\u00e9mocratiques alli\u00e9es, actives dans la r\u00e9gion. Le Monde avec AFP Publi\u00e9 aujourd\u2019hui \u00e0 18h23 Temps de Lecture 2 [&hellip;]<\/p>\n","protected":false},"author":9,"featured_media":0,"comment_status":"open","ping_status":"closed","sticky":false,"template":"","format":"standard","meta":{"footnotes":""},"categories":[6,7,8],"tags":[],"class_list":["post-11232","post","type-post","status-publish","format-standard","hentry","category-justice","category-politique","category-societe"],"_links":{"self":[{"href":"https:\/\/congokin.blog\/index.php?rest_route=\/wp\/v2\/posts\/11232","targetHints":{"allow":["GET"]}}],"collection":[{"href":"https:\/\/congokin.blog\/index.php?rest_route=\/wp\/v2\/posts"}],"about":[{"href":"https:\/\/congokin.blog\/index.php?rest_route=\/wp\/v2\/types\/post"}],"author":[{"embeddable":true,"href":"https:\/\/congokin.blog\/index.php?rest_route=\/wp\/v2\/users\/9"}],"replies":[{"embeddable":true,"href":"https:\/\/congokin.blog\/index.php?rest_route=%2Fwp%2Fv2%2Fcomments&post=11232"}],"version-history":[{"count":1,"href":"https:\/\/congokin.blog\/index.php?rest_route=\/wp\/v2\/posts\/11232\/revisions"}],"predecessor-version":[{"id":11233,"href":"https:\/\/congokin.blog\/index.php?rest_route=\/wp\/v2\/posts\/11232\/revisions\/11233"}],"wp:attachment":[{"href":"https:\/\/congokin.blog\/index.php?rest_route=%2Fwp%2Fv2%2Fmedia&parent=11232"}],"wp:term":[{"taxonomy":"category","embeddable":true,"href":"https:\/\/congokin.blog\/index.php?rest_route=%2Fwp%2Fv2%2Fcategories&post=11232"},{"taxonomy":"post_tag","embeddable":true,"href":"https:\/\/congokin.blog\/index.php?rest_route=%2Fwp%2Fv2%2Ftags&post=11232"}],"curies":[{"name":"wp","href":"https:\/\/api.w.org\/{rel}","templated":true}]}}