{"id":11242,"date":"2023-01-16T12:53:12","date_gmt":"2023-01-16T12:53:12","guid":{"rendered":"https:\/\/congokin.blog\/?p=11242"},"modified":"2023-01-16T12:53:12","modified_gmt":"2023-01-16T12:53:12","slug":"le-depute-gracien-iracan-appelle-le-gouvernement-a-dialoguer-avec-le-m23","status":"publish","type":"post","link":"https:\/\/congokin.blog\/?p=11242","title":{"rendered":"Le d\u00e9put\u00e9 Gracien Iracan appelle le gouvernement \u00e0 dialoguer avec le M23"},"content":{"rendered":"\n<h1 class=\"wp-block-heading\">RDC : Le d\u00e9put\u00e9 Gracien Iracan appelle le gouvernement \u00e0 dialoguer avec les Congolais membres du M23<\/h1>\n\n\n\n<p><\/p>\n\n\n\n<figure class=\"wp-block-image\"><img decoding=\"async\" src=\"https:\/\/7sur7.cd\/sites\/default\/files\/styles\/article_2022\/public\/2023-01\/8C4645E6-FE4D-452B-A261-BCE1DE372E49.jpeg?itok=Q8B8yxUf\" alt=\"Droits tiers\"\/><\/figure>\n\n\n\n<h2 class=\"wp-block-heading\"><strong>Le d\u00e9put\u00e9 national Gracien Iracan a, dans une interview accord\u00e9e \u00e0 7SUR7.CD ce dimanche 15 janvier 2023, formul\u00e9 quelques suggestions au Gouvernement dans le but de restaurer la paix dans la partie Est de la R\u00e9publique d\u00e9mocratique du Congo.<\/strong><\/h2>\n\n\n\n<p>Le katumbiste G. Iracan invite le gouvernement \u00e0 n\u00e9gocier avec les Congolais se trouvant au sein de la r\u00e9bellion du M23, pour en savoir plus sur leurs revendications.<\/p>\n\n\n\n<blockquote class=\"wp-block-quote is-layout-flow wp-block-quote-is-layout-flow\">\n<p>\u00ab&nbsp;<em>Vous savez, il y a des groupes arm\u00e9s congolais qui sont actuellement en processus des pourparlers avec le gouvernement, qui ont coul\u00e9 le sang dans notre pays. Et aujourd&rsquo;hui, ils ont en train de parler avec le gouvernement dans un processus de paix. Le M23, oui c&rsquo;est un mouvement terroriste, mais nous avons des Congolais qu&rsquo;on conna\u00eet qui sont dans le M23 et ces Congolais-l\u00e0 peuvent nous aider pour nous dire clairement ce qui se passe au sein du M23. Qui sont-ils et qu&rsquo;est-ce qu&rsquo;ils revendiquent, comment les Congolais l\u00e0 peuvent accompagner ces terroristes ?<\/em>&nbsp;\u00bb, a sugg\u00e9r\u00e9 Gracien Iracan.<\/p>\n<\/blockquote>\n\n\n\n<p>Au regard de la d\u00e9gradation de la situation s\u00e9curitaire sur terrain, l&rsquo;\u00e9lu de l&rsquo;Ituri pense que \u00e7a serait une aberration pour le gouvernement de fermer compl\u00e8tement la porte aux n\u00e9gociations.<\/p>\n\n\n\n<blockquote class=\"wp-block-quote is-layout-flow wp-block-quote-is-layout-flow\">\n<p>\u00ab&nbsp;<em>Donc, le gouvernement ne doit pas compl\u00e9tement fermer la porte \u00e0 tout le monde, \u00e9couter m\u00eame les congolais qui sont l\u00e0 et on saura ce qu&rsquo;on peut faire par rapport \u00e0 ce qui se passe l\u00e0-bas \u00e0 l&rsquo;Est. Je pense que c&rsquo;est une aberration de fermer toutes les portes aux n\u00e9gociations quand il s&rsquo;agit des fils congolais qui sont concern\u00e9s dans ce conflit<\/em>&nbsp;\u00bb, a-t-il martel\u00e9.<\/p>\n<\/blockquote>\n\n\n\n<p>R\u00e9agissant \u00e0 la question sur la pr\u00e9sence de la force r\u00e9gionale de l&rsquo;EAC dans le Nord-Kivu, Gracien Iracan invite l&rsquo;Assembl\u00e9e nationale \u00e0 se saisir du dossier pour essayer de clarifier la mission de cette brigade en RDC.<\/p>\n\n\n\n<blockquote class=\"wp-block-quote is-layout-flow wp-block-quote-is-layout-flow\">\n<p>\u00ab&nbsp;<em>Donc la population est aujourd&rsquo;hui dans la confusion, on ne sait pas dans quel cadre intervient l&rsquo;EAC, qu&rsquo;est ce que l&rsquo;EAC fait exactement avec ses forces qui sont sur terrain. Donc, c&rsquo;est une ambigu\u00eft\u00e9 totale et c&rsquo;est important aujourd&rsquo;hui que l&rsquo;Assembl\u00e9e nationale puisse s&rsquo;en saisir pour essayer de clarifier la mission de l&rsquo;EAC<\/em>&nbsp;\u00bb, a ajout\u00e9 G. Iracan.&nbsp;<\/p>\n<\/blockquote>\n\n\n\n<p>Rappelons par ailleurs qu\u2019\u00e0 ce stade, le Gouvernement Congolais a ferm\u00e9 la porte \u00e0 toute n\u00e9gociation directe avec les terroristes.<\/p>\n\n\n\n<p><strong>Roberto Tshahe<\/strong><\/p>\n<div style=\"text-align:center\" class=\"wps-pgfw-pdf-generate-icon__wrapper-frontend\">\n\t\t<a href=\"https:\/\/congokin.blog?action=genpdf&amp;id=11242\" class=\"pgfw-single-pdf-download-button\" ><img src=\"https:\/\/congokin.blog\/wp-content\/plugins\/pdf-generator-for-wp\/admin\/src\/images\/PDF_Tray.svg\" title=\"G\u00e9n\u00e9rer un PDF\" style=\"width:auto; height:45px;\"><\/a>\n\t\t<\/div>","protected":false},"excerpt":{"rendered":"<p>RDC : Le d\u00e9put\u00e9 Gracien Iracan appelle le gouvernement \u00e0 dialoguer avec les Congolais membres du M23 Le d\u00e9put\u00e9 national Gracien Iracan a, dans une interview accord\u00e9e \u00e0 7SUR7.CD ce dimanche 15 janvier 2023, formul\u00e9 quelques suggestions au Gouvernement dans le but de restaurer la paix dans la partie Est de la R\u00e9publique d\u00e9mocratique du [&hellip;]<\/p>\n","protected":false},"author":9,"featured_media":0,"comment_status":"open","ping_status":"closed","sticky":false,"template":"","format":"standard","meta":{"footnotes":""},"categories":[1],"tags":[],"class_list":["post-11242","post","type-post","status-publish","format-standard","hentry","category-uncategorized"],"_links":{"self":[{"href":"https:\/\/congokin.blog\/index.php?rest_route=\/wp\/v2\/posts\/11242","targetHints":{"allow":["GET"]}}],"collection":[{"href":"https:\/\/congokin.blog\/index.php?rest_route=\/wp\/v2\/posts"}],"about":[{"href":"https:\/\/congokin.blog\/index.php?rest_route=\/wp\/v2\/types\/post"}],"author":[{"embeddable":true,"href":"https:\/\/congokin.blog\/index.php?rest_route=\/wp\/v2\/users\/9"}],"replies":[{"embeddable":true,"href":"https:\/\/congokin.blog\/index.php?rest_route=%2Fwp%2Fv2%2Fcomments&post=11242"}],"version-history":[{"count":1,"href":"https:\/\/congokin.blog\/index.php?rest_route=\/wp\/v2\/posts\/11242\/revisions"}],"predecessor-version":[{"id":11243,"href":"https:\/\/congokin.blog\/index.php?rest_route=\/wp\/v2\/posts\/11242\/revisions\/11243"}],"wp:attachment":[{"href":"https:\/\/congokin.blog\/index.php?rest_route=%2Fwp%2Fv2%2Fmedia&parent=11242"}],"wp:term":[{"taxonomy":"category","embeddable":true,"href":"https:\/\/congokin.blog\/index.php?rest_route=%2Fwp%2Fv2%2Fcategories&post=11242"},{"taxonomy":"post_tag","embeddable":true,"href":"https:\/\/congokin.blog\/index.php?rest_route=%2Fwp%2Fv2%2Ftags&post=11242"}],"curies":[{"name":"wp","href":"https:\/\/api.w.org\/{rel}","templated":true}]}}