{"id":11244,"date":"2023-01-16T13:13:25","date_gmt":"2023-01-16T13:13:25","guid":{"rendered":"https:\/\/congokin.blog\/?p=11244"},"modified":"2023-01-16T13:13:25","modified_gmt":"2023-01-16T13:13:25","slug":"rdc-larmee-toujours-impuissante-face-au-chaos-securitaire","status":"publish","type":"post","link":"https:\/\/congokin.blog\/?p=11244","title":{"rendered":"\u00a0<em>RDC : l\u2019arm\u00e9e toujours impuissante face au chaos s\u00e9curitaire<\/em>\u00a0"},"content":{"rendered":"\n<p><strong>Afrikarabia&nbsp;<\/strong>voit \u00ab&nbsp;<em>RDC : l\u2019arm\u00e9e toujours impuissante face au chaos s\u00e9curitaire<\/em>&nbsp;\u00bb<\/p>\n\n\n\n<p>\u00ab&nbsp;En octobre 2022, le pr\u00e9sident F\u00e9lix Tshisekedi nommait Christian Tshiwewe \u00e0 la t\u00eate des Forces arm\u00e9es de R\u00e9publique d\u00e9mocratique du Congo (FARDC). Un remaniement majeur dans la reprise en main du secteur de la s\u00e9curit\u00e9 par le pr\u00e9sident congolais. Mais quatre mois plus tard, le bilan du nouveau chef d\u2019\u00e9tat-major est encore bien mince.<\/p>\n\n\n\n<p>Christian Tshiwewe est sans doute le premier patron de l\u2019arm\u00e9e congolais \u00e0 avoir la totale confiance du chef de l\u2019Etat. A sa nomination, les d\u00e9fis qui attendaient ce g\u00e9n\u00e9ral d\u2019origine katangaise de 55 ans \u00e9taient nombreux : remettre de la discipline, remobiliser des troupes, apporter de meilleurs moyens en logistique et armement. Mais surtout, il a avait pour mission principale de redorer le blason d\u2019une arm\u00e9e r\u00e9put\u00e9e inefficace et reprendre militairement du terrain face au M23, notamment en r\u00e9cup\u00e9rant la ville strat\u00e9gique de Bunagana, dans les mains des rebelles depuis 215 jours. Autant dire qu\u2019aujourd\u2019hui, le bilan du nouveau chef d\u2019\u00e9tat-major des arm\u00e9es est plut\u00f4t maigre. Bunagana est toujours contr\u00f4l\u00e9e par les rebelles, et les FARDC n\u2019ont pas cess\u00e9 de reculer, laissant le M23 reprendre de nouvelles positions apr\u00e8s le retrait n\u00e9goci\u00e9 de Kibumba et Rumangabo. Les r\u00e9gions laiss\u00e9es libres par la r\u00e9bellion sont d\u00e9sormais contr\u00f4l\u00e9es par la force r\u00e9gionale est-africaine (EAC), provoquant l\u2019ire de la soci\u00e9t\u00e9 civile et des mouvements citoyens qui d\u00e9noncent la cr\u00e9ation \u00ab&nbsp;de zones tampons&nbsp;\u00bb \u00e9chappant compl\u00e8tement \u00e0 l\u2019arm\u00e9e r\u00e9guli\u00e8re.<\/p>\n\n\n\n<p>Des groupes arm\u00e9s toujours tr\u00e8s actifs<\/p>\n\n\n\n<p>En termes de moyens, l\u2019arm\u00e9e congolaise manque toujours de vivres et d\u2019armements, m\u00eame si une cargaison d\u2019armes lourdes, don de la Turquie, est r\u00e9cemment arriv\u00e9e \u00e0 Goma. Il faudra \u00eatre patient et attendre la formation des troupes avant de voir ses armes se d\u00e9ployer sur le terrain. Si en Ituri, les rebelles ADF semblent un peu contenus, ce n\u2019est pas le cas de la milice CODECO qui a tu\u00e9 16 personnes la semaine derni\u00e8res dans plusieurs villages d\u2019Ituri du territoire de Djugu. Au Nord-Kivu, les ADF continuent leurs attaques meurtri\u00e8res. Ce dimanche, au moins 10 personnes ont \u00e9t\u00e9 tu\u00e9es dans un attentat \u00e0 la bombe dans une \u00e9glise pentec\u00f4tiste de Kasindi, pr\u00e8s de Beni. Une attaque que le gouvernement attribue aux ADF. Le groupe rebelle, d\u2019origine ougandaise, mais largement \u00ab&nbsp;congolis\u00e9&nbsp;\u00bb depuis une vingtaine d\u2019ann\u00e9e, a r\u00e9cemment fait all\u00e9geance \u00e0 l\u2019Etat islamique (EI). Moins dangereux que le M23 sur ses vell\u00e9it\u00e9s territoriales, il n\u2019en reste pas moins le groupe arm\u00e9 le plus meurtrier au Congo. Selon le groupe d\u2019experts de l\u2019ONU, les ADF ont tu\u00e9 \u00ab&nbsp;au moins 370 civils&nbsp;\u00bb depuis avril 2022 dans l\u2019Est du pays.<\/p>\n\n\n\n<p>Un chef d\u2019\u00e9tat-major sous influence<\/p>\n\n\n\n<p>Pour l\u2019instant, il n\u2019y a donc pas eu \u00ab&nbsp;d\u2019effet Tshiwewe&nbsp;\u00bb sur le chaos s\u00e9curitaire qui pr\u00e9vaut au Nord-Kivu et en Ituri. Ces deux provinces, en \u00e9tat de si\u00e8ge depuis mai 2021, n\u2019ont connu aucune am\u00e9lioration en mati\u00e8re de s\u00e9curit\u00e9. Pire, c\u2019est sous \u00e9tat de si\u00e8ge que le M23 est r\u00e9apparu apr\u00e8s une petite dizaine d\u2019ann\u00e9es de \u00ab&nbsp;sommeil&nbsp;\u00bb. Sans moyens financiers suppl\u00e9mentaires, Christian Tshiwewe a-t-il les coud\u00e9es franches pour imposer ce nouveau souffle dont l\u2019arm\u00e9e congolaise a tant besoin, notamment en remettant de l\u2019ordre dans la cha\u00eene de commandement et en \u00e9cartant les officiers corrompus ? Les marges de manoeuvre du nouveau patron des arm\u00e9es sont pourtant tr\u00e8s limit\u00e9es. Le vrai chef d\u2019orchestre se trouve en fait \u00e0 la Maison militaire, v\u00e9ritable tour de contr\u00f4le des FARDC. Son chef, Franck Ntumba, a la haute main sur les nominations et les grandes orientations strat\u00e9giques, notamment en ce qui concerne l\u2019\u00e9tat de si\u00e8ge, qu\u2019il pilote avec le ministre de la D\u00e9fense, Gilbert Kabanda. Franck Ntumba, est en effet charg\u00e9 de restructurer l\u2019arm\u00e9e pour qu\u2019elle devienne compl\u00e8tement loyale au pr\u00e9sident Tshisekedi. Les officiers suspect\u00e9s d\u2019\u00eatre trop proches de Joseph Kabila, qui avait fa\u00e7onn\u00e9 l\u2019arm\u00e9e \u00e0 son service, sont r\u00e9guli\u00e8rement \u00e9cart\u00e9s au fil des nominations et des affectations. Des officiers d\u2019origines katangaises, fief de Kabila, sont r\u00e9guli\u00e8rement \u00e9cart\u00e9s. C\u2019est le cas r\u00e9cent d\u2019une vingtaine de militaires de la Garde r\u00e9publicaine (GR), tous katangais, qui ont \u00e9t\u00e9 remis \u00e0 la disposition des FARDC\u2026 et donc \u00e9cart\u00e9s de la s\u00e9curit\u00e9 du pr\u00e9sident de la R\u00e9publique.<\/p>\n\n\n\n<p>Une r\u00e9forme de l\u2019arm\u00e9e qui se fait attendre<\/p>\n\n\n\n<p>Le g\u00e9n\u00e9ral Phil\u00e9on Yav, surnomm\u00e9 le \u00ab&nbsp;Tigre de Kabila&nbsp;\u00bb, pourtant nomm\u00e9 l\u2019\u00e9t\u00e9 2022 commandant de la 3e zone de D\u00e9fense, a \u00e9galement fait les frais de cette chasse aux sorci\u00e8res. Ce g\u00e9n\u00e9ral katangais occupait un poste strat\u00e9gique puisqu\u2019il regroupait les cinq provinces de l\u2019Est en proie aux groupes arm\u00e9s. Mais sa demande de renforts de trois bataillons de la Garde r\u00e9publicaine pour combattre le M23 n\u2019a pas \u00e9t\u00e9 appr\u00e9ci\u00e9e \u00e0 Kinshasa, et particuli\u00e8rement \u00e0 la Maison militaire. Franck Ntumba a pens\u00e9 que Phil\u00e9mon Yav voulait \u00ab&nbsp;d\u00e9garnir&nbsp;\u00bb la s\u00e9curit\u00e9 pr\u00e9sidentielle pour pr\u00e9parer un putsch et renverser le pouvoir. L\u2019occasion \u00e9tait trop belle pour interpeller le g\u00e9n\u00e9ral Yav le 20 septembre 2022, l\u2019accuser \u00ab&nbsp;d\u2019intelligence&nbsp;\u00bb avec le M23, et le transf\u00e9rer directement en prison\u2026 o\u00f9 il attend toujours d\u2019\u00eatre jug\u00e9. Ce dernier \u00e9pisode de la prise de contr\u00f4le de l\u2019arm\u00e9e par F\u00e9lix Tshisekedi d\u00e9montre que les luttes d\u2019influence sont encore fortes entre les officiers soup\u00e7onn\u00e9s d\u2019\u00eatre encore en lien avec Joseph Kabila et les nouveaux promus, que le pr\u00e9sident esp\u00e8rent redevables, et donc plus loyaux. Mais le chemin est encore long pour \u00ab&nbsp;dekabiliser&nbsp;\u00bb l\u2019arm\u00e9e et surtout la rendre plus r\u00e9publicaine, moins corrompue, mieux form\u00e9e, mieux \u00e9quip\u00e9e, mieux pay\u00e9e et plus professionnelle. Le ministre de la D\u00e9fense a pr\u00e9sent\u00e9 fin d\u00e9cembre la nouvelle politique de d\u00e9fense de la RDC. Le gouvernement veut instaurer un service militaire, renforcer ses troupes, ouvrir une \u00e9cole de cadets, et favoriser l\u2019implantation d\u2019une industrie de la d\u00e9fense. Des mesures qu\u2019il va falloir financer dans un contexte budg\u00e9taire serr\u00e9, alors que les causes profondes de l\u2019inefficacit\u00e9 de l\u2019arm\u00e9e : la r\u00e9forme du secteur de la s\u00e9curit\u00e9 et le programme de d\u00e9mobilisation et de r\u00e9insertion des groupes arm\u00e9s\u2026 sont toujours au point mort&nbsp;\u00bb.<\/p>\n<div style=\"text-align:center\" class=\"wps-pgfw-pdf-generate-icon__wrapper-frontend\">\n\t\t<a href=\"https:\/\/congokin.blog?action=genpdf&amp;id=11244\" class=\"pgfw-single-pdf-download-button\" ><img src=\"https:\/\/congokin.blog\/wp-content\/plugins\/pdf-generator-for-wp\/admin\/src\/images\/PDF_Tray.svg\" title=\"G\u00e9n\u00e9rer un PDF\" style=\"width:auto; height:45px;\"><\/a>\n\t\t<\/div>","protected":false},"excerpt":{"rendered":"<p>Afrikarabia&nbsp;voit \u00ab&nbsp;RDC : l\u2019arm\u00e9e toujours impuissante face au chaos s\u00e9curitaire&nbsp;\u00bb \u00ab&nbsp;En octobre 2022, le pr\u00e9sident F\u00e9lix Tshisekedi nommait Christian Tshiwewe \u00e0 la t\u00eate des Forces arm\u00e9es de R\u00e9publique d\u00e9mocratique du Congo (FARDC). Un remaniement majeur dans la reprise en main du secteur de la s\u00e9curit\u00e9 par le pr\u00e9sident congolais. Mais quatre mois plus tard, le [&hellip;]<\/p>\n","protected":false},"author":9,"featured_media":0,"comment_status":"open","ping_status":"closed","sticky":false,"template":"","format":"standard","meta":{"footnotes":""},"categories":[1],"tags":[],"class_list":["post-11244","post","type-post","status-publish","format-standard","hentry","category-uncategorized"],"_links":{"self":[{"href":"https:\/\/congokin.blog\/index.php?rest_route=\/wp\/v2\/posts\/11244","targetHints":{"allow":["GET"]}}],"collection":[{"href":"https:\/\/congokin.blog\/index.php?rest_route=\/wp\/v2\/posts"}],"about":[{"href":"https:\/\/congokin.blog\/index.php?rest_route=\/wp\/v2\/types\/post"}],"author":[{"embeddable":true,"href":"https:\/\/congokin.blog\/index.php?rest_route=\/wp\/v2\/users\/9"}],"replies":[{"embeddable":true,"href":"https:\/\/congokin.blog\/index.php?rest_route=%2Fwp%2Fv2%2Fcomments&post=11244"}],"version-history":[{"count":1,"href":"https:\/\/congokin.blog\/index.php?rest_route=\/wp\/v2\/posts\/11244\/revisions"}],"predecessor-version":[{"id":11245,"href":"https:\/\/congokin.blog\/index.php?rest_route=\/wp\/v2\/posts\/11244\/revisions\/11245"}],"wp:attachment":[{"href":"https:\/\/congokin.blog\/index.php?rest_route=%2Fwp%2Fv2%2Fmedia&parent=11244"}],"wp:term":[{"taxonomy":"category","embeddable":true,"href":"https:\/\/congokin.blog\/index.php?rest_route=%2Fwp%2Fv2%2Fcategories&post=11244"},{"taxonomy":"post_tag","embeddable":true,"href":"https:\/\/congokin.blog\/index.php?rest_route=%2Fwp%2Fv2%2Ftags&post=11244"}],"curies":[{"name":"wp","href":"https:\/\/api.w.org\/{rel}","templated":true}]}}