{"id":11259,"date":"2023-01-17T17:11:32","date_gmt":"2023-01-17T17:11:32","guid":{"rendered":"https:\/\/congokin.blog\/?p=11259"},"modified":"2023-01-17T22:06:21","modified_gmt":"2023-01-17T22:06:21","slug":"dou-viennent-les-soldats-blancs-vus-a-goma-en-rdc","status":"publish","type":"post","link":"https:\/\/congokin.blog\/?p=11259","title":{"rendered":"D\u2019o\u00f9 viennent les \u00ab\u00a0soldats blancs\u00a0\u00bb vus \u00e0 Goma, en RDC ?"},"content":{"rendered":"\n<p>POLITIQUE<\/p>\n\n\n\n<h1 class=\"wp-block-heading\">D\u2019o\u00f9 viennent les \u00ab&nbsp;soldats blancs&nbsp;\u00bb vus \u00e0 Goma, en RDC ?<\/h1>\n\n\n\n<h2 class=\"wp-block-heading\">Le quotidien allemand \u00ab&nbsp;Die Tageszeitung&nbsp;\u00bb affirme que des militaires de type caucasien se sont install\u00e9s dans l\u2019est de la RDC.<\/h2>\n\n\n\n<p>17 janvier 2023 \u00e0 17:46<\/p>\n\n\n\n<p>Mis \u00e0 jour le 17 janvier 2023 \u00e0 17:59<\/p>\n\n\n\n<figure class=\"wp-block-image\"><img decoding=\"async\" src=\"https:\/\/www.jeuneafrique.com\/cdn-cgi\/image\/q=100,f=auto,metadata=none,width=129,height=129\/https:\/\/www.jeuneafrique.com\/medias\/2021\/05\/18\/gf_edito_autocaricature_bis-1-200x200.jpg\" alt=\"Damien Glez\"\/><\/figure>\n\n\n\n<p>Par&nbsp;<strong><em>Damien Glez<\/em><\/strong><\/p>\n\n\n\n<p>Dessinateur et \u00e9ditorialiste franco-burkinab\u00e8.<\/p>\n\n\n\n<figure class=\"wp-block-image\"><img decoding=\"async\" src=\"https:\/\/www.jeuneafrique.com\/cdn-cgi\/image\/q=100,f=auto,metadata=none,width=1256,height=628\/https:\/\/www.jeuneafrique.com\/medias\/2023\/01\/17\/soldats_blancs_goma_1256-1256x628-1673974546.jpg\" alt=\"\"\/><figcaption class=\"wp-element-caption\">\u00a9 Damien Glez<\/figcaption><\/figure>\n\n\n\n<p>Vingt ans apr\u00e8s la sortie du film&nbsp;<em>Moi et mon Blanc<\/em>&nbsp;de Pierre Yam\u00e9ogo, la tendance est plut\u00f4t au \u00ab Lui et son Blanc \u00bb, chacun d\u00e9non\u00e7ant les accointances de tel ou tel responsable d\u2019Afrique francophone avec des militaires de type caucasien.<\/p>\n\n\n\n<p>Comme dans le jeu de soci\u00e9t\u00e9 \u00ab Qui est-ce ? \u00bb, le but est de proc\u00e9der par \u00e9limination : on identifie des Europ\u00e9ens pr\u00e9sum\u00e9s dans des clich\u00e9s pris au Mali, en Centrafrique ou au Burkina, et on les catalogue \u2013 selon leur nationalit\u00e9 et leur bataillon pr\u00e9sum\u00e9s \u2013 dans le camp de Paris ou dans celui de Moscou. Petit cas particulier&nbsp;dans&nbsp;la r\u00e8gle du \u00ab cherchez le Blanc \u00bb : le mercenaire de Wagner compte m\u00e9diatiquement double.\u00c0 LIRE<a href=\"https:\/\/www.jeuneafrique.com\/1371557\/politique\/rdc-russie-le-groupe-wagner-tente-t-il-de-simplanter-chez-felix-tshisekedi\/\">RDC-Russie : le groupe Wagner tente-t-il de s\u2019implanter chez F\u00e9lix Tshisekedi ?<\/a><\/p>\n\n\n\n<p>C\u2019est dans ce contexte que des sp\u00e9culations vont bon train sur la pr\u00e9sence de paramilitaires russes dans l\u2019est de la RDC, aux c\u00f4t\u00e9s des Forces arm\u00e9es nationales (FARDC). Des rumeurs relay\u00e9es par&nbsp;<a href=\"https:\/\/www.jeuneafrique.com\/1407173\/politique\/faut-il-croire-au-retrait-du-m23-dans-lest-de-la-rdc\/\">le r\u00e9seau des rebelles du M23<\/a>\u2026<\/p>\n\n\n\n<h2 class=\"wp-block-heading\">Ancien l\u00e9gionnaire fran\u00e7ais<\/h2>\n\n\n\n<p>Au milieu de cet \u00e9ni\u00e8me embrouillamini, la presse tente de s\u00e9parer le bon grain factuel de l\u2019ivraie propagandiste. Sur le dossier congolais, c\u2019est&nbsp;<em>Die Tageszeitung<\/em>&nbsp;qui vient de s\u2019y coller. Photos \u00e0 l\u2019appui, le quotidien allemand a r\u00e9v\u00e9l\u00e9 qu\u2019une centaine d\u2019hommes blancs ont pris leurs quartiers, fin d\u00e9cembre, dans l\u2019h\u00f4tel Mbiza du centre-ville de Goma, \u00e9tablissement fr\u00e9quent\u00e9 par des unit\u00e9s sp\u00e9ciales de l\u2019arm\u00e9e congolaise et surveill\u00e9 par des soldats de la garde r\u00e9publicaine.<\/p>\n\n\n\n<p>En termes de casting, les journalistes ont notamment identifi\u00e9 Horatiu Potra, un ancien de la L\u00e9gion fran\u00e7aise connu sous le nom de guerre de \u00ab&nbsp;lieutenant Henry&nbsp;\u00bb. Pr\u00e9sent entre la R\u00e9publique centrafricaine et la RDC depuis les ann\u00e9es 1990, le mercenaire roumain aurait, par le pass\u00e9, \u00e9marg\u00e9 dans les listes du groupe paramilitaire russe Wagner\u2026<\/p>\n\n\n\n<h2 class=\"wp-block-heading\">Wagner, \u00e9pouvantail<\/h2>\n\n\n\n<p>\u00ab Wagner \u00bb : le nom est l\u00e2ch\u00e9, v\u00e9ritable \u00e9pouvantail qui effarouche toutes les chancelleries des pays affili\u00e9s&nbsp;\u00e0&nbsp;l\u2019OTAN\u2026 En r\u00e9alit\u00e9, un prestataire de s\u00e9curit\u00e9 venu d\u2019Europe de l\u2019est op\u00e9rait d\u00e9j\u00e0 dans le chef-lieu du Nord-Kivu : la soci\u00e9t\u00e9 Agemira, enregistr\u00e9e en Bulgarie, qui assure la maintenance d\u2019a\u00e9ronefs pour la Force a\u00e9rienne congolaise, appareils notamment de marque russe Soukho\u00ef et pilot\u00e9s par des G\u00e9orgiens.<\/p>\n\n\n\n<figure class=\"wp-block-embed is-type-rich is-provider-embed-handler wp-block-embed-embed-handler\"><div class=\"wp-block-embed__wrapper\">\nhttps:\/\/youtube.com\/watch?v=bBO7EeTpzKY%3Ffeature%3Doembed\n<\/div><\/figure>\n\n\n\n<p>Le \u00ab&nbsp;contingent&nbsp;\u00bb de No\u00ebl d\u2019Horatiu Potra a-t-il d\u00e9barqu\u00e9 sous la banni\u00e8re d\u2019<a href=\"https:\/\/www.jeuneafrique.com\/1406255\/politique\/comment-wagner-se-finance-enquete-sur-leldorado-devgueni-prigojine-en-centrafrique-et-au-cameroun\/\">Evgueni Prigojine<\/a>&nbsp;? Non sans marteler que son pays \u00ab est en droit d\u2019organiser sa d\u00e9fense \u00bb,&nbsp;<a href=\"https:\/\/www.jeuneafrique.com\/1390528\/politique\/m23-en-rdc-patrick-muyaya-le-comportement-du-rwanda-nest-en-rien-different-de-celui-de-la-russie\/\">Patrick Muyaya, le ministre congolais de la Communication,<\/a>&nbsp;pr\u00e9cise que \u00ab la RDC ne peut recourir \u00e0 une milice pour des probl\u00e8mes de milices \u00bb. Une mani\u00e8re de noyer le poisson et de tacler le M23 sans le citer.<\/p>\n\n\n\n<p>Les propos de Patrick Muyaya slaloment quelque part entre les r\u00e9cents remerciements du ministre de la D\u00e9fense Gilbert Kabanda \u00e0 la Russie, pour son soutien au combat contre les rebelles, et le refus d\u00e9clar\u00e9 du pr\u00e9sident F\u00e9lix Tshisekedi de reconna\u00eetre tout recours \u00e0 des mercenaires.<\/p>\n\n\n\n<p>Les autorit\u00e9s congolaises insistent sur le fait qu\u2019\u00e9tiquet\u00e9s \u00ab&nbsp;Wagner&nbsp;\u00bb ou non, les militaires blancs pr\u00e9sents en RDC n\u2019ont pas vocation \u00e0 combattre. Le M23 affirme, de son c\u00f4t\u00e9, qu\u2019un homme de type caucasien aurait \u00e9t\u00e9 tu\u00e9 sur le front, le 30 d\u00e9cembre,&nbsp;\u00e0&nbsp;Karenga\u2026<\/p>\n<div style=\"text-align:center\" class=\"wps-pgfw-pdf-generate-icon__wrapper-frontend\">\n\t\t<a href=\"https:\/\/congokin.blog?action=genpdf&amp;id=11259\" class=\"pgfw-single-pdf-download-button\" ><img src=\"https:\/\/congokin.blog\/wp-content\/plugins\/pdf-generator-for-wp\/admin\/src\/images\/PDF_Tray.svg\" title=\"G\u00e9n\u00e9rer un PDF\" style=\"width:auto; height:45px;\"><\/a>\n\t\t<\/div>","protected":false},"excerpt":{"rendered":"<p>POLITIQUE D\u2019o\u00f9 viennent les \u00ab&nbsp;soldats blancs&nbsp;\u00bb vus \u00e0 Goma, en RDC ? Le quotidien allemand \u00ab&nbsp;Die Tageszeitung&nbsp;\u00bb affirme que des militaires de type caucasien se sont install\u00e9s dans l\u2019est de la RDC. 17 janvier 2023 \u00e0 17:46 Mis \u00e0 jour le 17 janvier 2023 \u00e0 17:59 Par&nbsp;Damien Glez Dessinateur et \u00e9ditorialiste franco-burkinab\u00e8. Vingt ans apr\u00e8s [&hellip;]<\/p>\n","protected":false},"author":9,"featured_media":0,"comment_status":"open","ping_status":"closed","sticky":false,"template":"","format":"standard","meta":{"footnotes":""},"categories":[7,8],"tags":[],"class_list":["post-11259","post","type-post","status-publish","format-standard","hentry","category-politique","category-societe"],"_links":{"self":[{"href":"https:\/\/congokin.blog\/index.php?rest_route=\/wp\/v2\/posts\/11259","targetHints":{"allow":["GET"]}}],"collection":[{"href":"https:\/\/congokin.blog\/index.php?rest_route=\/wp\/v2\/posts"}],"about":[{"href":"https:\/\/congokin.blog\/index.php?rest_route=\/wp\/v2\/types\/post"}],"author":[{"embeddable":true,"href":"https:\/\/congokin.blog\/index.php?rest_route=\/wp\/v2\/users\/9"}],"replies":[{"embeddable":true,"href":"https:\/\/congokin.blog\/index.php?rest_route=%2Fwp%2Fv2%2Fcomments&post=11259"}],"version-history":[{"count":1,"href":"https:\/\/congokin.blog\/index.php?rest_route=\/wp\/v2\/posts\/11259\/revisions"}],"predecessor-version":[{"id":11260,"href":"https:\/\/congokin.blog\/index.php?rest_route=\/wp\/v2\/posts\/11259\/revisions\/11260"}],"wp:attachment":[{"href":"https:\/\/congokin.blog\/index.php?rest_route=%2Fwp%2Fv2%2Fmedia&parent=11259"}],"wp:term":[{"taxonomy":"category","embeddable":true,"href":"https:\/\/congokin.blog\/index.php?rest_route=%2Fwp%2Fv2%2Fcategories&post=11259"},{"taxonomy":"post_tag","embeddable":true,"href":"https:\/\/congokin.blog\/index.php?rest_route=%2Fwp%2Fv2%2Ftags&post=11259"}],"curies":[{"name":"wp","href":"https:\/\/api.w.org\/{rel}","templated":true}]}}