{"id":11261,"date":"2023-01-17T22:12:31","date_gmt":"2023-01-17T22:12:31","guid":{"rendered":"https:\/\/congokin.blog\/?p=11261"},"modified":"2023-01-17T22:12:31","modified_gmt":"2023-01-17T22:12:31","slug":"encore-rate-pour-les-elections","status":"publish","type":"post","link":"https:\/\/congokin.blog\/?p=11261","title":{"rendered":"Encore rate pour les \u00e9lections"},"content":{"rendered":"\n<h1 class=\"wp-block-heading\">RDC : Encore rat\u00e9 !<\/h1>\n\n\n\n<ul class=\"wp-block-list\">\n<li>Dans\u00a0R\u00e9publique d\u00e9mocratique du Congo<\/li>\n\n\n\n<li>17 janvier 2023<\/li>\n\n\n\n<li>Hubert Leclercq<\/li>\n\n\n\n<li>356 Vues<\/li>\n<\/ul>\n\n\n\n<figure class=\"wp-block-image\"><a href=\"https:\/\/afrique.lalibre.be\/app\/uploads\/2019\/02\/Felix-Tshisekedi-investi-Kinshasa-Il-officiellement-nouveau-president-RD-Congo_0_729_486.jpg\"><img decoding=\"async\" src=\"https:\/\/afrique.lalibre.be\/app\/uploads\/2019\/02\/Felix-Tshisekedi-investi-Kinshasa-Il-officiellement-nouveau-president-RD-Congo_0_729_486-690x450.jpg\" alt=\"RDC :  Encore rat\u00e9 !\" title=\"\"\/><\/a><\/figure>\n\n\n\n<h3 class=\"wp-block-heading\"><strong>Edito par Hubert Leclercq<\/strong><\/h3>\n\n\n\n<p>Denis Kadima, le pr\u00e9sident de la Commission \u00e9lectorale nationale ind\u00e9pendante (Ceni) congolaise charg\u00e9e d\u2019organiser le scrutin pr\u00e9sidentiel et l\u00e9gislatif du 20&nbsp;d\u00e9cembre 2023, vient de reconna\u00eetre qu\u2019il \u201cnavigue \u00e0 vue\u201d. Manque de temps, manque de formation du personnel, tensions et ins\u00e9curit\u00e9 dans certaines r\u00e9gions du pays. L\u2019homme, le grand professionnel de l\u2019organisation des \u00e9lections, assis \u00e0 la t\u00eate de la Ceni par le pr\u00e9sident de la R\u00e9publique F\u00e9lix Tshisekedi au m\u00e9pris des textes l\u00e9gaux, semble d\u00e9couvrir les difficult\u00e9s inh\u00e9rentes \u00e0 la mise en \u0153uvre d\u2019un scrutin dans ce pays-continent qu\u2019est la R\u00e9publique d\u00e9mocratique du Congo. Un \u00c9tat qui en est pourtant \u00e0 son quatri\u00e8me cycle \u00e9lectoral depuis 2006.<\/p>\n\n\n\n<p>Quatre passages par les urnes pour autant de rendez-vous manqu\u00e9s\u200a?<\/p>\n\n\n\n<p>Cette fois, cinquante millions de Congolais devraient s\u2019enr\u00f4ler en un temps record pour ce scrutin dans un pays pratiquement sans \u00e9lectricit\u00e9, sans infrastructures, sans \u00e9tat civil et sans r\u00e9elle volont\u00e9 politique, si ce n\u2019est celle de se maintenir co\u00fbte que co\u00fbte au pouvoir. Arriv\u00e9 \u00e0 la t\u00eate du pays par d\u00e9faut, par l\u2019injonction de son pr\u00e9d\u00e9cesseur mais pas par la volont\u00e9 du peuple, F\u00e9lix Tshisekedi et sa bande r\u00e9p\u00e8tent scrupuleusement, et m\u00eame avec un z\u00e8le d\u00e9bordant, les dysfonctionnements de son pr\u00e9d\u00e9cesseur. La population congolaise, une fois de plus, est l\u2019otage d\u2019un pouvoir qui ne songe qu\u2019\u00e0 prolonger son bail \u00e0 la t\u00eate d\u2019une rente exceptionnelle construite sur le dos d\u2019une \u00e9conomie exsangue et d\u2019un peuple mis\u00e9reux. Et cela sous le regard d\u2019une communaut\u00e9 internationale trop longtemps aveugl\u00e9e par la seule volont\u00e9 de se d\u00e9barrasser de Joseph Kabila.<\/p>\n\n\n\n<p>Quatre ans et quelques jours plus tard, cette c\u00e9cit\u00e9 s\u00e9lective doit cesser. Ce pouvoir en place m\u00e8ne le pays au chaos. Nier cette \u00e9vidence, c\u2019est \u00eatre complice d\u2019une machination ourdie par une poign\u00e9e d\u2019hommes et de femmes qui ont \u00e9rig\u00e9 le dieu dollar en religion \u00e0 laquelle s\u2019est convertie une partie d\u2019une classe politique gav\u00e9e \u00e0 cet opium vert.<\/p>\n<div style=\"text-align:center\" class=\"wps-pgfw-pdf-generate-icon__wrapper-frontend\">\n\t\t<a href=\"https:\/\/congokin.blog?action=genpdf&amp;id=11261\" class=\"pgfw-single-pdf-download-button\" ><img src=\"https:\/\/congokin.blog\/wp-content\/plugins\/pdf-generator-for-wp\/admin\/src\/images\/PDF_Tray.svg\" title=\"G\u00e9n\u00e9rer un PDF\" style=\"width:auto; height:45px;\"><\/a>\n\t\t<\/div>","protected":false},"excerpt":{"rendered":"<p>RDC : Encore rat\u00e9 ! Edito par Hubert Leclercq Denis Kadima, le pr\u00e9sident de la Commission \u00e9lectorale nationale ind\u00e9pendante (Ceni) congolaise charg\u00e9e d\u2019organiser le scrutin pr\u00e9sidentiel et l\u00e9gislatif du 20&nbsp;d\u00e9cembre 2023, vient de reconna\u00eetre qu\u2019il \u201cnavigue \u00e0 vue\u201d. Manque de temps, manque de formation du personnel, tensions et ins\u00e9curit\u00e9 dans certaines r\u00e9gions du pays. L\u2019homme, [&hellip;]<\/p>\n","protected":false},"author":9,"featured_media":0,"comment_status":"open","ping_status":"closed","sticky":false,"template":"","format":"standard","meta":{"footnotes":""},"categories":[2,7,8],"tags":[],"class_list":["post-11261","post","type-post","status-publish","format-standard","hentry","category-analyse","category-politique","category-societe"],"_links":{"self":[{"href":"https:\/\/congokin.blog\/index.php?rest_route=\/wp\/v2\/posts\/11261","targetHints":{"allow":["GET"]}}],"collection":[{"href":"https:\/\/congokin.blog\/index.php?rest_route=\/wp\/v2\/posts"}],"about":[{"href":"https:\/\/congokin.blog\/index.php?rest_route=\/wp\/v2\/types\/post"}],"author":[{"embeddable":true,"href":"https:\/\/congokin.blog\/index.php?rest_route=\/wp\/v2\/users\/9"}],"replies":[{"embeddable":true,"href":"https:\/\/congokin.blog\/index.php?rest_route=%2Fwp%2Fv2%2Fcomments&post=11261"}],"version-history":[{"count":1,"href":"https:\/\/congokin.blog\/index.php?rest_route=\/wp\/v2\/posts\/11261\/revisions"}],"predecessor-version":[{"id":11262,"href":"https:\/\/congokin.blog\/index.php?rest_route=\/wp\/v2\/posts\/11261\/revisions\/11262"}],"wp:attachment":[{"href":"https:\/\/congokin.blog\/index.php?rest_route=%2Fwp%2Fv2%2Fmedia&parent=11261"}],"wp:term":[{"taxonomy":"category","embeddable":true,"href":"https:\/\/congokin.blog\/index.php?rest_route=%2Fwp%2Fv2%2Fcategories&post=11261"},{"taxonomy":"post_tag","embeddable":true,"href":"https:\/\/congokin.blog\/index.php?rest_route=%2Fwp%2Fv2%2Ftags&post=11261"}],"curies":[{"name":"wp","href":"https:\/\/api.w.org\/{rel}","templated":true}]}}