{"id":11263,"date":"2023-01-17T22:23:17","date_gmt":"2023-01-17T22:23:17","guid":{"rendered":"https:\/\/congokin.blog\/?p=11263"},"modified":"2023-01-17T22:23:17","modified_gmt":"2023-01-17T22:23:17","slug":"rdc-jck-lex-conseiller-devenu-ministrable","status":"publish","type":"post","link":"https:\/\/congokin.blog\/?p=11263","title":{"rendered":"RDC : JCK, l\u2019ex-conseiller devenu ministrable"},"content":{"rendered":"\n<h1 class=\"wp-block-heading\">RDC : JCK, l\u2019ex-conseiller devenu ministrable<\/h1>\n\n\n\n<ul class=\"wp-block-list\">\n<li>Dans\u00a0R\u00e9publique d\u00e9mocratique du Congo<\/li>\n\n\n\n<li>17 janvier 2023<\/li>\n\n\n\n<li>Hubert Leclercq<\/li>\n\n\n\n<li>167 Vues<\/li>\n<\/ul>\n\n\n\n<figure class=\"wp-block-image\"><a href=\"https:\/\/afrique.lalibre.be\/app\/uploads\/2023\/01\/JCK-BISELELE.jpg\"><img decoding=\"async\" src=\"https:\/\/afrique.lalibre.be\/app\/uploads\/2023\/01\/JCK-BISELELE-690x450.jpg\" alt=\"RDC : JCK, l\u2019ex-conseiller devenu ministrable\" title=\"\"\/><\/a><\/figure>\n\n\n\n<h3 class=\"wp-block-heading\">Le grand nettoyage dans l\u2019entourage pr\u00e9sidentiel n\u2019a pas les m\u00eames cons\u00e9quences pour tous les conseillers.<\/h3>\n\n\n\n<p>Si l\u2019infortun\u00e9 Bifor a tout perdu,&nbsp;<em>\u00ab&nbsp;il avait fait trop de promesses vis-\u00e0-vis des voisins et de certains acteurs politiques locaux qu\u2019il n\u2019a pas pu tenir&nbsp;\u00bb,<\/em>&nbsp;nous explique un proche.&nbsp;<em>\u00ab&nbsp;Sa proximit\u00e9 avec le Rwanda, ses pr\u00e9tentions \u00e0 l\u2019\u00e9gard de sa gestion de la situation ont fini par laisser voir que derri\u00e8re les paroles, il y avait peu de contenu&nbsp;\u00bb<\/em>.<\/p>\n\n\n\n<p><em>\u00ab&nbsp;Comme d\u2019habitude, c\u2019est quand le chef de l\u2019\u00e9tat se met \u00e0 voyager que \u00e7a devient dangereux. Beya est tomb\u00e9 quand il \u00e9tait \u00e0 Addis Abeba. Le g\u00e9n\u00e9ral Yaw, quand il partait pour New York, et Biselele, au moment de son d\u00e9part pour Davos&nbsp;\u00bb<\/em>, souligne en souriant un autre observateur de la cour pr\u00e9sidentielle.<\/p>\n\n\n\n<p>Un autre conseiller proche du pr\u00e9sident a perdu son poste : Jean-Claude Kabongo, alias JCK&nbsp;<em>\u00ab&nbsp;\u00e0 prononcer \u00e0 la fran\u00e7aise ou \u00e0 l\u2019anglaise, selon ses interlocuteurs et le lieu o\u00f9 il se trouve&nbsp;\u00bb<\/em>, poursuit notre homme, le sourire aux l\u00e8vres.&nbsp;<em>\u00ab&nbsp;Mais les cas des deux conseillers n\u2019ont rien en commun&nbsp;\u00bb,<\/em>&nbsp;insiste-t-il.&nbsp;<em>\u00ab&nbsp;JCK est \u00e0 Davos avec le pr\u00e9sident Tshisekedi&nbsp;\u00bb,&nbsp;<\/em>ajoute une source qui est du voyage helv\u00e8te. Et selon ces sources, JCK, le conseiller \u00ab&nbsp;parisien&nbsp;\u00bb, qui se flatte de ses relations avec la droite fran\u00e7aise et en particulier avec Patrick Balkany, l\u2019ex-maire de Levallois archi-condamn\u00e9 pour blanchiment, devrait m\u00eame rebondir tr\u00e8s vite.<\/p>\n\n\n\n<p><em>\u00ab&nbsp;Il va faire son entr\u00e9 au gouvernement. Il n\u2019y aura pas de changements en profondeur de l\u2019ex\u00e9cutif, juste de petites retouches pour remplacer les partants et quelques ajustements, histoire de ne pas devoir passer devant le parlement qui est en vacances&nbsp;\u00bb,<\/em>&nbsp;poursuit notre source de passage \u00e0 Davos.<\/p>\n\n\n\n<p>En ligne de mire, soit le minist\u00e8re des transports (<em>\u00ab&nbsp;JCK a de nombreux contacts sur les projets d\u2019a\u00e9roports \u00e0 construire, il a aussi ses entr\u00e9es dans les Emirats pour le dossier du port en eaux profondes de Banana&nbsp;\u00bb)<\/em>, soit celui de l\u2019\u00e9nergie (<em>\u00ab&nbsp;notamment pour ses&nbsp; excellents contacts p\u00e9troliers \u00e0 Brazzaville, notamment avec Lucien Ebata&nbsp;\u00bb<\/em>).<\/p>\n\n\n\n<p><em>\u00ab&nbsp;JCK et F\u00e9lix Tshisekedi, c\u2019est une longue histoire, qui remonte \u00e0 leurs ann\u00e9es de vaches maigres \u00e0 Bruxelles et Paris,. Ce r\u00e9seau belgo-fran\u00e7ais n\u2019a pas \u00e9t\u00e9 remis en question depuis l\u2019installation de F\u00e9lix Tshisekedi&nbsp;\u00bb,<\/em>&nbsp;nous disait r\u00e9cemment un habitu\u00e9 du pouvoir congolais.&nbsp;<em>\u00ab&nbsp;Apr\u00e8s la famille biolgique, c\u2019est l\u2019autre vrai cercle du pouvoir sur lequel le pr\u00e9sident s\u2019appuie&nbsp;\u00bb,<\/em>&nbsp;insiste un autre \u00ab&nbsp;Belge&nbsp;\u00bb rentr\u00e9 depuis 2019 \u00e0 Kinshasa.<\/p>\n\n\n\n<p>De l\u00e0 \u00e0 imaginer JCK dans le costume d\u2019un membre du gouvernement, pour nos interlocuteurs,&nbsp;<em>\u00ab&nbsp;\u00e7a ne fait gu\u00e8re de doutes&nbsp;\u00bb<\/em>.<\/p>\n<div style=\"text-align:center\" class=\"wps-pgfw-pdf-generate-icon__wrapper-frontend\">\n\t\t<a href=\"https:\/\/congokin.blog?action=genpdf&amp;id=11263\" class=\"pgfw-single-pdf-download-button\" ><img src=\"https:\/\/congokin.blog\/wp-content\/plugins\/pdf-generator-for-wp\/admin\/src\/images\/PDF_Tray.svg\" title=\"G\u00e9n\u00e9rer un PDF\" style=\"width:auto; height:45px;\"><\/a>\n\t\t<\/div>","protected":false},"excerpt":{"rendered":"<p>RDC : JCK, l\u2019ex-conseiller devenu ministrable Le grand nettoyage dans l\u2019entourage pr\u00e9sidentiel n\u2019a pas les m\u00eames cons\u00e9quences pour tous les conseillers. Si l\u2019infortun\u00e9 Bifor a tout perdu,&nbsp;\u00ab&nbsp;il avait fait trop de promesses vis-\u00e0-vis des voisins et de certains acteurs politiques locaux qu\u2019il n\u2019a pas pu tenir&nbsp;\u00bb,&nbsp;nous explique un proche.&nbsp;\u00ab&nbsp;Sa proximit\u00e9 avec le Rwanda, ses pr\u00e9tentions [&hellip;]<\/p>\n","protected":false},"author":9,"featured_media":0,"comment_status":"open","ping_status":"closed","sticky":false,"template":"","format":"standard","meta":{"footnotes":""},"categories":[7,8],"tags":[],"class_list":["post-11263","post","type-post","status-publish","format-standard","hentry","category-politique","category-societe"],"_links":{"self":[{"href":"https:\/\/congokin.blog\/index.php?rest_route=\/wp\/v2\/posts\/11263","targetHints":{"allow":["GET"]}}],"collection":[{"href":"https:\/\/congokin.blog\/index.php?rest_route=\/wp\/v2\/posts"}],"about":[{"href":"https:\/\/congokin.blog\/index.php?rest_route=\/wp\/v2\/types\/post"}],"author":[{"embeddable":true,"href":"https:\/\/congokin.blog\/index.php?rest_route=\/wp\/v2\/users\/9"}],"replies":[{"embeddable":true,"href":"https:\/\/congokin.blog\/index.php?rest_route=%2Fwp%2Fv2%2Fcomments&post=11263"}],"version-history":[{"count":1,"href":"https:\/\/congokin.blog\/index.php?rest_route=\/wp\/v2\/posts\/11263\/revisions"}],"predecessor-version":[{"id":11264,"href":"https:\/\/congokin.blog\/index.php?rest_route=\/wp\/v2\/posts\/11263\/revisions\/11264"}],"wp:attachment":[{"href":"https:\/\/congokin.blog\/index.php?rest_route=%2Fwp%2Fv2%2Fmedia&parent=11263"}],"wp:term":[{"taxonomy":"category","embeddable":true,"href":"https:\/\/congokin.blog\/index.php?rest_route=%2Fwp%2Fv2%2Fcategories&post=11263"},{"taxonomy":"post_tag","embeddable":true,"href":"https:\/\/congokin.blog\/index.php?rest_route=%2Fwp%2Fv2%2Ftags&post=11263"}],"curies":[{"name":"wp","href":"https:\/\/api.w.org\/{rel}","templated":true}]}}