{"id":11302,"date":"2023-01-24T20:01:21","date_gmt":"2023-01-24T20:01:21","guid":{"rendered":"https:\/\/congokin.blog\/?p=11302"},"modified":"2023-01-24T20:01:21","modified_gmt":"2023-01-24T20:01:21","slug":"rdc-goma-un-avion-militaire-touche-par-un-missile-le-rwanda-parle-dune-mesure-defensive-de-sa-part","status":"publish","type":"post","link":"https:\/\/congokin.blog\/?p=11302","title":{"rendered":"RDC-Goma: un avion militaire touch\u00e9 par un missile, le Rwanda parle d\u2019une \u00ab\u00a0mesure d\u00e9fensive\u00a0\u00bb de sa part"},"content":{"rendered":"\n<p><strong>RDC-Goma: un avion militaire vis\u00e9 par un missile, le Rwanda parle d\u2019une \u00ab&nbsp;mesure d\u00e9fensive&nbsp;\u00bb de sa part<\/strong><\/p>\n\n\n\n<p>Mardi 24 janvier 2023 &#8211; 17:49<\/p>\n\n\n\n<p><\/p>\n\n\n\n<figure class=\"wp-block-image\"><img decoding=\"async\" src=\"https:\/\/actualite.cd\/sites\/default\/files\/styles\/800_400\/public\/2023-01\/167BEC5C-16D0-4F0C-B9C6-F63B77C439B8.jpeg?itok=36tHfYyd\" alt=\"Capture d\u2019\u00e9cran de la vid\u00e9o montrant le tir visant l\u2019avion militaire congolais \"\/><\/figure>\n\n\n\n<p>Capture d\u2019\u00e9cran de la vid\u00e9o montrant le tir visant l\u2019avion militaire congolais<\/p>\n\n\n\n<p>Le Rwanda accuse la RDC d\u2019agression. Kigali accuse un Sukhoi-25 de l\u2019arm\u00e9e congolaise d\u2019avoir viol\u00e9 son espace a\u00e9rien. En r\u00e9ponse, il dit avoir pris des \u00ab&nbsp;mesures d\u00e9fensives&nbsp;\u00bb.&nbsp;<\/p>\n\n\n\n<blockquote class=\"wp-block-quote is-layout-flow wp-block-quote-is-layout-flow\">\n<p>\u00ab&nbsp;Aujourd&rsquo;hui \u00e0 17h03, un Sukhoi-25 en provenance de la RD Congo a viol\u00e9 pour la troisi\u00e8me fois l&rsquo;espace a\u00e9rien rwandais. Des mesures d\u00e9fensives ont \u00e9t\u00e9 prises. Le Rwanda demande \u00e0 la RDC d&rsquo;arr\u00eater cette agression&nbsp;\u00bb, disent les autorit\u00e9s rwandaises dans un communiqu\u00e9.<\/p>\n<\/blockquote>\n\n\n\n<p>A la m\u00eame heure, un des deux Sukhoi-25 des FARDC a \u00e9t\u00e9 touch\u00e9 par un missile alors qu\u2019il amor\u00e7ait son atterrissage \u00e0 l\u2019a\u00e9roport de Goma. L\u2019appareil enflamm\u00e9 a pu se poser sur la piste de l\u2019a\u00e9roport de Goma.<\/p>\n\n\n\n<p><strong>Contexte<\/strong><\/p>\n\n\n\n<p>Des t\u00e9moins affirment avoir vu un camion anti-incendie intervenir sur la piste pour \u00e9viter que l\u2019avion ne s\u2019enflamme \u00e9tant donn\u00e9 qu\u2019il semble avoir \u00e9t\u00e9 touch\u00e9.<\/p>\n\n\n\n<p>Pour le d\u00e9put\u00e9 Juvenal Munubo, membre de la commission s\u00e9curit\u00e9 et d\u00e9fense. Il s\u2019agit d\u2019un v\u00e9ritable \u00ab\u00a0casus belli\u00a0\u00bb. Il dit attendre \u00ab&nbsp;la d\u00e9claration officielle du Gouvernement&nbsp;\u00bb.<\/p>\n\n\n\n<p>Toujours ce mardi, les FARDC affrontent les combattants du M23. Selon l\u2019arm\u00e9e congolaise, il s\u2019agit d\u2019une coalition RDF-M23 qui ont pour objectif de couper la route Goma-Masisi.&nbsp;<\/p>\n\n\n\n<blockquote class=\"wp-block-quote is-layout-flow wp-block-quote-is-layout-flow\">\n<p>\u00ab Depuis un temps, ils ont coup\u00e9 la route Goma-Rutshuru. Il est pour nous inconcevable de le laisser mettre la qui\u00e9tude de notre population en p\u00e9ril. Il est vrai qu\u2019il y a eu des agitations \u00e0 Kitchanga. \u00c7a tirait \u00e0 environ 10 km de Kitchanga. C\u2019est la raison des agitations. A l\u2019heure actuelle, Kitchanga et ses alentours sont sous le contr\u00f4le de l\u2019Arm\u00e9e. Les combats sont en cours. Il est encore trop t\u00f4t pour parler d\u2019un bilan \u00bb, a ajout\u00e9 le colonel Guillaume Ndjike.<\/p>\n<\/blockquote>\n\n\n\n<p>Lire aussi:<\/p>\n<div style=\"text-align:center\" class=\"wps-pgfw-pdf-generate-icon__wrapper-frontend\">\n\t\t<a href=\"https:\/\/congokin.blog?action=genpdf&amp;id=11302\" class=\"pgfw-single-pdf-download-button\" ><img src=\"https:\/\/congokin.blog\/wp-content\/plugins\/pdf-generator-for-wp\/admin\/src\/images\/PDF_Tray.svg\" title=\"G\u00e9n\u00e9rer un PDF\" style=\"width:auto; height:45px;\"><\/a>\n\t\t<\/div>","protected":false},"excerpt":{"rendered":"<p>RDC-Goma: un avion militaire vis\u00e9 par un missile, le Rwanda parle d\u2019une \u00ab&nbsp;mesure d\u00e9fensive&nbsp;\u00bb de sa part Mardi 24 janvier 2023 &#8211; 17:49 Capture d\u2019\u00e9cran de la vid\u00e9o montrant le tir visant l\u2019avion militaire congolais Le Rwanda accuse la RDC d\u2019agression. Kigali accuse un Sukhoi-25 de l\u2019arm\u00e9e congolaise d\u2019avoir viol\u00e9 son espace a\u00e9rien. En r\u00e9ponse, [&hellip;]<\/p>\n","protected":false},"author":9,"featured_media":0,"comment_status":"open","ping_status":"closed","sticky":false,"template":"","format":"standard","meta":{"footnotes":""},"categories":[7,8],"tags":[],"class_list":["post-11302","post","type-post","status-publish","format-standard","hentry","category-politique","category-societe"],"_links":{"self":[{"href":"https:\/\/congokin.blog\/index.php?rest_route=\/wp\/v2\/posts\/11302","targetHints":{"allow":["GET"]}}],"collection":[{"href":"https:\/\/congokin.blog\/index.php?rest_route=\/wp\/v2\/posts"}],"about":[{"href":"https:\/\/congokin.blog\/index.php?rest_route=\/wp\/v2\/types\/post"}],"author":[{"embeddable":true,"href":"https:\/\/congokin.blog\/index.php?rest_route=\/wp\/v2\/users\/9"}],"replies":[{"embeddable":true,"href":"https:\/\/congokin.blog\/index.php?rest_route=%2Fwp%2Fv2%2Fcomments&post=11302"}],"version-history":[{"count":1,"href":"https:\/\/congokin.blog\/index.php?rest_route=\/wp\/v2\/posts\/11302\/revisions"}],"predecessor-version":[{"id":11303,"href":"https:\/\/congokin.blog\/index.php?rest_route=\/wp\/v2\/posts\/11302\/revisions\/11303"}],"wp:attachment":[{"href":"https:\/\/congokin.blog\/index.php?rest_route=%2Fwp%2Fv2%2Fmedia&parent=11302"}],"wp:term":[{"taxonomy":"category","embeddable":true,"href":"https:\/\/congokin.blog\/index.php?rest_route=%2Fwp%2Fv2%2Fcategories&post=11302"},{"taxonomy":"post_tag","embeddable":true,"href":"https:\/\/congokin.blog\/index.php?rest_route=%2Fwp%2Fv2%2Ftags&post=11302"}],"curies":[{"name":"wp","href":"https:\/\/api.w.org\/{rel}","templated":true}]}}