{"id":11312,"date":"2023-01-25T03:45:07","date_gmt":"2023-01-25T03:45:07","guid":{"rendered":"https:\/\/congokin.blog\/?p=11312"},"modified":"2023-01-25T03:45:07","modified_gmt":"2023-01-25T03:45:07","slug":"video-du-sukhoi-25-touche","status":"publish","type":"post","link":"https:\/\/congokin.blog\/?p=11312","title":{"rendered":"Vid\u00e9o du Sukhoi-25 touch\u00e9"},"content":{"rendered":"\n<h1 class=\"wp-block-heading\">Un Sukhoi-25 congolais cible d\u2019un tir rwandais<\/h1>\n\n\n\n<h2 class=\"wp-block-heading\">Kigali dit avoir pris des \u00ab\u00a0mesures d\u00e9fensives\u00a0\u00bb face \u00e0 une nouvelle violation de son espace a\u00e9rien. L\u2019escalade entre la RDC et le Rwanda franchit un pas suppl\u00e9mentaire.<\/h2>\n\n\n\n<p>24 janvier 2023 \u00e0 21:07<\/p>\n\n\n\n<p>Par&nbsp;<a href=\"https:\/\/www.jeuneafrique.com\/auteurs\/a.sylvestre-treiner\/\">Anna Sylvestre-Treiner<\/a><\/p>\n\n\n\n<p>Mis \u00e0 jour le 24 janvier 2023 \u00e0 22:24<\/p>\n\n\n\n<figure class=\"wp-block-image is-style-zoooom\"><img decoding=\"async\" src=\"https:\/\/www.jeuneafrique.com\/cdn-cgi\/image\/q=100,f=auto,metadata=none,width=1256,height=628\/https:\/\/www.jeuneafrique.com\/medias\/2023\/01\/24\/sukhoi-rdc-1256x628-1674590913.jpg\" alt=\"\"\/><figcaption class=\"wp-element-caption\">Capture d\u2019\u00e9cran d\u2019une vid\u00e9o amateur montrant l\u2019avion de chasse congolais touch\u00e9 par un tir rwandais, le 24 janvier 2023. \u00a9 DR<\/figcaption><\/figure>\n\n\n\n<p>La vid\u00e9o dure une poign\u00e9e de secondes. Ce mardi 24 janvier, un avion de chasse beige et kaki survole le ciel bleut\u00e9 de la r\u00e9gion de Goma, dans l\u2019est de la RDC, quand soudain un \u00e9clair semble le percuter. Le Sukhoi-25 congolais vient d\u2019\u00eatre la cible d\u2019un tir.<\/p>\n\n\n\n<p>L\u2019appareil est touch\u00e9 mais il ne s\u2019\u00e9crase pas. Une autre image le montre au sol, son aile droite en flammes. Son pilote s\u2019en extrait calmement.<\/p>\n\n\n\n<h2 class=\"wp-block-heading\">\u00ab&nbsp;Agression&nbsp;\u00bb<\/h2>\n\n\n\n<p>Que s\u2019est-il pass\u00e9 ? Qui a tir\u00e9&nbsp;?&nbsp;Apr\u00e8s quelques dizaines de minutes de confusion, un laconique communiqu\u00e9 rwandais revendique l\u2019acte. \u00ab Aujourd\u2019hui \u00e0 17h03, un Sukhoi-25 congolais a viol\u00e9 l\u2019espace a\u00e9rien du Rwanda pour la troisi\u00e8me fois. Des mesures d\u00e9fensives ont \u00e9t\u00e9 prises. Le Rwanda demande \u00e0 la RDC d\u2019arr\u00eater cette agression. \u00bb<\/p>\n\n\n\n<p>\u00ab Les tirs rwandais ont \u00e9t\u00e9 dirig\u00e9s vers un a\u00e9ronef congolais volant \u00e0 l\u2019int\u00e9rieur du territoire congolais \u00bb, ont r\u00e9pondu les autorit\u00e9s congolaises. La RDC \u00ab&nbsp;consid\u00e8re cette \u00e9ni\u00e8me attaque du Rwanda comme une action d\u00e9lib\u00e9r\u00e9e d\u2019agression qui \u00e9quivaut \u00e0 un acte de guerre&nbsp;\u00bb, ajoute le communiqu\u00e9.<\/p>\n\n\n\n<figure class=\"wp-block-video\"><video height=\"654\" style=\"aspect-ratio: 1172 \/ 654;\" width=\"1172\" controls loop src=\"https:\/\/congokin.blog\/wp-content\/uploads\/2023\/01\/SukoyAttaquePar-le-Rwanda.mp4\"><\/video><\/figure>\n\n\n\n<p><\/p>\n\n\n\n<p><a href=\"https:\/\/www.jeuneafrique.com\/1404682\/politique\/le-rwanda-accuse-un-nouveau-sukhoi-25-congolais-davoir-viole-son-espace-aerien\/\">Par deux fois d\u00e9j\u00e0<\/a>, Kigali s\u2019est plaint de la violation de son espace a\u00e9rien : le 28 d\u00e9cembre dernier et, auparavant, le 7 novembre, quand un appareil congolais s\u2019\u00e9tait \u00ab tromp\u00e9 \u00bb de piste d\u2019atterrissage, se posant bri\u00e8vement sur le tarmac de l\u2019a\u00e9roport de Rubavu, \u00e0 une dizaine de kilom\u00e8tres de la fronti\u00e8re avec la RDC, c\u00f4t\u00e9 rwandais.<\/p>\n\n\n\n<p>\u00c0 l\u2019\u00e9poque, Kigali n\u2019avait que constat\u00e9 une \u00ab&nbsp;provocation&nbsp;\u00bb et Kinshasa avait aussit\u00f4t regrett\u00e9 un \u00ab incident \u00bb malencontreux. Cette erreur s\u2019\u00e9tait produite au lendemain du d\u00e9ploiement, sous les acclamations de la foule, de deux Sukho\u00ef-25 dans l\u2019est du Congo.<\/p>\n\n\n\n<h2 class=\"wp-block-heading\">Escalade<\/h2>\n\n\n\n<p>Cette fois-ci, et malgr\u00e9<a href=\"https:\/\/www.jeuneafrique.com\/1392556\/politique\/rdc-m23-des-pourparlers-de-paix-reprennent-a-nairobi-le-21-novembre\/\">&nbsp;les tentatives de m\u00e9diations kenyane<\/a>&nbsp;et angolaise, l\u2019escalade entre les deux voisins a franchi un cap suppl\u00e9mentaire. Leurs relations n\u2019ont cess\u00e9 de se d\u00e9grader depuis novembre 2021 et la nouvelle offensive du M23 dans l\u2019Est. Kinshasa accuse Kigali de soutenir la r\u00e9bellion, ce que le Rwanda continue de contester. Ce tir contre un avion militaire congolais est le premier acte militaire revendiqu\u00e9 Kigali.<\/p>\n\n\n\n<p>La veille, dans un communiqu\u00e9, le M23&nbsp;<a href=\"https:\/\/www.jeuneafrique.com\/1395643\/politique\/rdc-m23-accord-de-cessez-le-feu-a-luanda\/\">disait ne pouvoir se conformer \u00e0 un cessez-le-feu<\/a>&nbsp;\u00e0 cause de \u00ab nouvelles offensives \u00bb ordonn\u00e9es par le gouvernement congolais \u00ab y compris aux g\u00e9nocidaires FDLR [Forces d\u00e9mocratiques de lib\u00e9ration du Rwanda] \u00bb dans les territoires de Masisi et de Rutshuru. L\u00e0-m\u00eame o\u00f9, selon nos informations, les Sukhoi-25 \u00e9taient all\u00e9s combattre, ce&nbsp;24&nbsp;janvier.<\/p>\n<div style=\"text-align:center\" class=\"wps-pgfw-pdf-generate-icon__wrapper-frontend\">\n\t\t<a href=\"https:\/\/congokin.blog?action=genpdf&amp;id=11312\" class=\"pgfw-single-pdf-download-button\" ><img src=\"https:\/\/congokin.blog\/wp-content\/plugins\/pdf-generator-for-wp\/admin\/src\/images\/PDF_Tray.svg\" title=\"G\u00e9n\u00e9rer un PDF\" style=\"width:auto; height:45px;\"><\/a>\n\t\t<\/div>","protected":false},"excerpt":{"rendered":"<p>Un Sukhoi-25 congolais cible d\u2019un tir rwandais Kigali dit avoir pris des \u00ab\u00a0mesures d\u00e9fensives\u00a0\u00bb face \u00e0 une nouvelle violation de son espace a\u00e9rien. L\u2019escalade entre la RDC et le Rwanda franchit un pas suppl\u00e9mentaire. 24 janvier 2023 \u00e0 21:07 Par&nbsp;Anna Sylvestre-Treiner Mis \u00e0 jour le 24 janvier 2023 \u00e0 22:24 La vid\u00e9o dure une poign\u00e9e [&hellip;]<\/p>\n","protected":false},"author":8,"featured_media":0,"comment_status":"open","ping_status":"closed","sticky":false,"template":"","format":"standard","meta":{"footnotes":""},"categories":[1],"tags":[],"class_list":["post-11312","post","type-post","status-publish","format-standard","hentry","category-uncategorized"],"_links":{"self":[{"href":"https:\/\/congokin.blog\/index.php?rest_route=\/wp\/v2\/posts\/11312","targetHints":{"allow":["GET"]}}],"collection":[{"href":"https:\/\/congokin.blog\/index.php?rest_route=\/wp\/v2\/posts"}],"about":[{"href":"https:\/\/congokin.blog\/index.php?rest_route=\/wp\/v2\/types\/post"}],"author":[{"embeddable":true,"href":"https:\/\/congokin.blog\/index.php?rest_route=\/wp\/v2\/users\/8"}],"replies":[{"embeddable":true,"href":"https:\/\/congokin.blog\/index.php?rest_route=%2Fwp%2Fv2%2Fcomments&post=11312"}],"version-history":[{"count":1,"href":"https:\/\/congokin.blog\/index.php?rest_route=\/wp\/v2\/posts\/11312\/revisions"}],"predecessor-version":[{"id":11314,"href":"https:\/\/congokin.blog\/index.php?rest_route=\/wp\/v2\/posts\/11312\/revisions\/11314"}],"wp:attachment":[{"href":"https:\/\/congokin.blog\/index.php?rest_route=%2Fwp%2Fv2%2Fmedia&parent=11312"}],"wp:term":[{"taxonomy":"category","embeddable":true,"href":"https:\/\/congokin.blog\/index.php?rest_route=%2Fwp%2Fv2%2Fcategories&post=11312"},{"taxonomy":"post_tag","embeddable":true,"href":"https:\/\/congokin.blog\/index.php?rest_route=%2Fwp%2Fv2%2Ftags&post=11312"}],"curies":[{"name":"wp","href":"https:\/\/api.w.org\/{rel}","templated":true}]}}