{"id":11371,"date":"2023-01-31T18:10:53","date_gmt":"2023-01-31T18:10:53","guid":{"rendered":"https:\/\/congokin.blog\/?p=11371"},"modified":"2023-01-31T18:10:53","modified_gmt":"2023-01-31T18:10:53","slug":"video-interview-de-kagame-a-ja","status":"publish","type":"post","link":"https:\/\/congokin.blog\/?p=11371","title":{"rendered":"(Video) Interview de Kagame a JA"},"content":{"rendered":"\n<h1 class=\"wp-block-heading\">Interview de Paul Kagame\u00a0a JA: M23 en RDC, Tshisekedi, Macron, pr\u00e9sidentielle au Rwanda\u2026 L\u2019entretien exclusif en vid\u00e9o<\/h1>\n\n\n\n<h2 class=\"wp-block-heading\">Dans un contexte de tensions exacerb\u00e9es entre son pays et la RDC, le pr\u00e9sident rwandais a accord\u00e9 une interview exclusive \u00e0 Jeune Afrique. Nous vous proposons de la d\u00e9couvrir ici.<\/h2>\n\n\n\n<p>31 janvier 2023 \u00e0 09:17<\/p>\n\n\n\n<p>Par&nbsp;<em>Jeune Afrique<\/em><\/p>\n\n\n\n<p>Mis \u00e0 jour le 31 janvier 2023 \u00e0 09:17<\/p>\n\n\n\n<p>Du&nbsp;<a href=\"https:\/\/www.jeuneafrique.com\/1403701\/politique\/rdc-ce-que-dit-le-rapport-de-lonu-qui-accuse-le-rwanda-de-soutenir-le-m23\/\">rapport de l\u2019ONU<\/a>&nbsp;affirmant qu\u2019il existe des \u00ab&nbsp;preuves&nbsp;\u00bb de \u00ab&nbsp;l\u2019intervention directe des forces de d\u00e9fense rwandaises&nbsp;\u00bb&nbsp;aux&nbsp;c\u00f4t\u00e9s des rebelles du M23 \u00e0 ses&nbsp;<a href=\"https:\/\/www.jeuneafrique.com\/1397972\/politique\/rdc-rwanda-entre-tshisekedi-et-kagame-lescalade-verbale-se-poursuit\/\">relations pour le moins difficiles avec son homologue congolais F\u00e9lix Tshisekedi<\/a>, en passant par l\u2019\u00e9ventualit\u00e9 de sa candidature \u00e0 un nouveau mandat en 2024, Paul Kagame revient,&nbsp;dans&nbsp;l\u2019entretien qu\u2019il a accord\u00e9 \u00e0&nbsp;<em>Jeune Afrique<\/em>, sur les dossiers cruciaux dans les Grands Lacs.<\/p>\n\n\n\n<p>Les meilleurs moments de l\u2019interview sont \u00e0 d\u00e9couvrir ci-dessous en vid\u00e9o. <\/p>\n\n\n\n<p>.<\/p>\n\n\n\n<figure class=\"wp-block-video\"><video height=\"488\" style=\"aspect-ratio: 872 \/ 488;\" width=\"872\" controls src=\"https:\/\/congokin.blog\/wp-content\/uploads\/2023\/01\/KagameJeuneAfriqueInterview.mp4\"><\/video><\/figure>\n<div style=\"text-align:center\" class=\"wps-pgfw-pdf-generate-icon__wrapper-frontend\">\n\t\t<a href=\"https:\/\/congokin.blog?action=genpdf&amp;id=11371\" class=\"pgfw-single-pdf-download-button\" ><img src=\"https:\/\/congokin.blog\/wp-content\/plugins\/pdf-generator-for-wp\/admin\/src\/images\/PDF_Tray.svg\" title=\"G\u00e9n\u00e9rer un PDF\" style=\"width:auto; height:45px;\"><\/a>\n\t\t<\/div>","protected":false},"excerpt":{"rendered":"<p>Interview de Paul Kagame\u00a0a JA: M23 en RDC, Tshisekedi, Macron, pr\u00e9sidentielle au Rwanda\u2026 L\u2019entretien exclusif en vid\u00e9o Dans un contexte de tensions exacerb\u00e9es entre son pays et la RDC, le pr\u00e9sident rwandais a accord\u00e9 une interview exclusive \u00e0 Jeune Afrique. Nous vous proposons de la d\u00e9couvrir ici. 31 janvier 2023 \u00e0 09:17 Par&nbsp;Jeune Afrique Mis [&hellip;]<\/p>\n","protected":false},"author":9,"featured_media":0,"comment_status":"open","ping_status":"closed","sticky":false,"template":"","format":"standard","meta":{"footnotes":""},"categories":[1],"tags":[],"class_list":["post-11371","post","type-post","status-publish","format-standard","hentry","category-uncategorized"],"_links":{"self":[{"href":"https:\/\/congokin.blog\/index.php?rest_route=\/wp\/v2\/posts\/11371","targetHints":{"allow":["GET"]}}],"collection":[{"href":"https:\/\/congokin.blog\/index.php?rest_route=\/wp\/v2\/posts"}],"about":[{"href":"https:\/\/congokin.blog\/index.php?rest_route=\/wp\/v2\/types\/post"}],"author":[{"embeddable":true,"href":"https:\/\/congokin.blog\/index.php?rest_route=\/wp\/v2\/users\/9"}],"replies":[{"embeddable":true,"href":"https:\/\/congokin.blog\/index.php?rest_route=%2Fwp%2Fv2%2Fcomments&post=11371"}],"version-history":[{"count":1,"href":"https:\/\/congokin.blog\/index.php?rest_route=\/wp\/v2\/posts\/11371\/revisions"}],"predecessor-version":[{"id":11373,"href":"https:\/\/congokin.blog\/index.php?rest_route=\/wp\/v2\/posts\/11371\/revisions\/11373"}],"wp:attachment":[{"href":"https:\/\/congokin.blog\/index.php?rest_route=%2Fwp%2Fv2%2Fmedia&parent=11371"}],"wp:term":[{"taxonomy":"category","embeddable":true,"href":"https:\/\/congokin.blog\/index.php?rest_route=%2Fwp%2Fv2%2Fcategories&post=11371"},{"taxonomy":"post_tag","embeddable":true,"href":"https:\/\/congokin.blog\/index.php?rest_route=%2Fwp%2Fv2%2Ftags&post=11371"}],"curies":[{"name":"wp","href":"https:\/\/api.w.org\/{rel}","templated":true}]}}