{"id":11374,"date":"2023-02-01T06:43:37","date_gmt":"2023-02-01T06:43:37","guid":{"rendered":"https:\/\/congokin.blog\/?p=11374"},"modified":"2023-02-01T06:43:37","modified_gmt":"2023-02-01T06:43:37","slug":"en-rdc-jean-marc-kabund-a-kabund-et-lespoir-dune-liberation","status":"publish","type":"post","link":"https:\/\/congokin.blog\/?p=11374","title":{"rendered":"En RDC, Jean-Marc Kabund-a-Kabund et l\u2019espoir d\u2019une lib\u00e9ration"},"content":{"rendered":"\n<p>POLITIQUE<\/p>\n\n\n\n<h1 class=\"wp-block-heading\">En RDC, Jean-Marc Kabund-a-Kabund et l\u2019espoir d\u2019une lib\u00e9ration<\/h1>\n\n\n\n<h2 class=\"wp-block-heading\">Tomb\u00e9 en disgr\u00e2ce il y a un an, l\u2019ancien patron du parti de F\u00e9lix Tshisekedi est incarc\u00e9r\u00e9 depuis ao\u00fbt dernier pour outrage au chef de l\u2019\u00c9tat. Depuis Makala, il caresse des r\u00eaves de revanche, mais aussi de r\u00e9habilitation.<\/h2>\n\n\n\n<p><\/p>\n\n\n\n<p>31 janvier 2023 \u00e0 18:52<\/p>\n\n\n\n<p>Par&nbsp;<a href=\"https:\/\/www.jeuneafrique.com\/auteurs\/a.sylvestre-treiner\/\">Anna Sylvestre-Treiner<\/a><\/p>\n\n\n\n<p>Mis \u00e0 jour le 31 janvier 2023 \u00e0 18:52<\/p>\n\n\n\n<figure class=\"wp-block-image\"><img decoding=\"async\" src=\"https:\/\/www.jeuneafrique.com\/cdn-cgi\/image\/q=100,f=auto,metadata=none,width=1256,height=628\/https:\/\/www.jeuneafrique.com\/medias\/2023\/01\/31\/jad20230131-ass-rdc-jean-marckabund-1256x628-1675185058.jpg\" alt=\"\"\/><figcaption class=\"wp-element-caption\">Jean-Marc Kabund-a-Kabund au Grand H\u00f4tel de Kinshasa, le 15 septembre 2016. \u00a9 Gwenn Dubourthoumieu pour JA<\/figcaption><\/figure>\n\n\n\n<p><a href=\"https:\/\/www.jeuneafrique.com\/1376605\/politique\/rdc-letrange-proces-de-jean-marc-kabund\/\">Jean-Marc Kabund-a-Kabund<\/a>&nbsp;est un homme prudent. Ce vendredi 20 janvier, le d\u00e9tenu est en alerte alors qu\u2019une agitation d\u2019un genre inhabituel s\u2019empare de Makala. La nuit est d\u00e9j\u00e0 tomb\u00e9e sur Kinshasa et un \u00ab VIP \u00bb vient d\u2019arriver. Kabund le conna\u00eet bien : tee-shirt vert, visage en partie dissimul\u00e9 par une casquette rouge,&nbsp;<a href=\"https:\/\/www.jeuneafrique.com\/1411211\/politique\/ce-que-lon-reproche-a-fortunat-biselele-lex-conseiller-de-felix-tshisekedi\/\">c\u2019est Fortunat Biselele<\/a>.\u00c0 LIRE<a href=\"https:\/\/www.jeuneafrique.com\/1347614\/politique\/rdc-face-a-tshisekedi-les-reves-de-revanche-de-jean-marc-kabund\/\">RDC : face \u00e0 Tshisekedi, les r\u00eaves de revanche de Jean-Marc Kabund<\/a><\/p>\n\n\n\n<p>Celui-ci vient de passer une semaine dans les locaux de l\u2019Agence nationale de renseignements (ANR). Apr\u00e8s plusieurs heures au Parquet, l\u2019ancien conseiller priv\u00e9 de F\u00e9lix Tshisekedi a \u00e9t\u00e9 inculp\u00e9 pour \u00ab trahison, atteinte \u00e0 la s\u00fbret\u00e9 ext\u00e9rieure de l\u2019\u00c9tat et propagation de fausse nouvelle \u00bb. Il y a quelques jours encore, on disait pourtant de lui qu\u2019il comptait parmi les plus puissants du pays.<\/p>\n\n\n\n<h2 class=\"wp-block-heading\">Chute brutale<\/h2>\n\n\n\n<p>Kabund se r\u00e9jouit-il de cette forme de revanche offerte par le destin ? Il consid\u00e8re que \u00ab Bifort \u00bb est l\u2019un des responsables de sa disgr\u00e2ce et en a fait un ennemi personnel. L\u2019ancien pr\u00e9sident int\u00e9rimaire de l\u2019<a href=\"https:\/\/www.jeuneafrique.com\/1395841\/politique\/rdc-guerre-des-clans-au-sein-du-parti-de-felix-tshisekedi\/\">Union pour la d\u00e9mocratie et le progr\u00e8s social (UDPS),<\/a>&nbsp;devenu un virulent opposant&nbsp;au&nbsp;pr\u00e9sident, exige en tout cas que Biselele ne dorme pas dans son pavillon, le num\u00e9ro huit, et qu\u2019il soit transf\u00e9r\u00e9 dans le num\u00e9ro un. \u00ab Il n\u2019y a aucune animosit\u00e9 entre eux, d\u2019ailleurs, ils ne se sont m\u00eame pas crois\u00e9s, assure Emmanuelli Kahaya, l\u2019avocat de Kabund. Simplement, on ne sait jamais ce qui peut arriver. \u00bb D\u00e9cid\u00e9ment, Jean-Marc Kabund-a-Kabund est un homme prudent.<\/p>\n\n\n\n<p>Depuis sa cellule \u00e9touffante de Makala, ce militant longtemps consid\u00e9r\u00e9 comme un des strat\u00e8ges de Tshisekedi est sans doute l\u2019un des hommes les mieux plac\u00e9s pour comprendre ce qui se joue dans la t\u00eate de Biselele le 20 janvier. Jusqu\u2019\u00e0 il y a un an, lui aussi \u00e9tait un des acteurs les plus puissants du r\u00e9gime. Lui aussi \u00e9tait au fait des plus importants secrets, et lui aussi a un jour tout perdu. Il sait \u00e0 quel point la chute peut \u00eatre brutale.\u00c0 LIRE<a href=\"https:\/\/www.jeuneafrique.com\/1400873\/politique\/en-rdc-felix-tshisekedi-peut-il-compter-sur-ludps\/\">En RDC, F\u00e9lix Tshisekedi&nbsp;peut-il compter sur l\u2019UDPS&nbsp;?<\/a><\/p>\n\n\n\n<p>Pour Kabund, c\u2019\u00e9tait en janvier 2022.&nbsp;<a href=\"https:\/\/www.jeuneafrique.com\/1371690\/politique\/rdc-jean-marc-kabund-juge-a-partir-du-5-septembre\/\">D\u2019abord radi\u00e9 de son poste de vice-pr\u00e9sident de l\u2019Assembl\u00e9e nationale, il a \u00e9t\u00e9 exclu du parti pr\u00e9sidentiel,&nbsp;<\/a>dont, tel un orf\u00e8vre, il connaissait tous les rouages. C\u2019est \u00e0 lui&nbsp;<a href=\"https:\/\/www.jeuneafrique.com\/dossiers\/rd-congo-etienne-tshisekedi-lirremplacable-opposant\/\">qu\u2019\u00c9tienne Tshisekedi, le p\u00e8re de l\u2019actuel pr\u00e9sident<\/a>, avait confi\u00e9 les cl\u00e9s de l\u2019UDPS, aime-t-il rappeler. Durant des ann\u00e9es, ce jeune homme arborant un b\u00e9ret fut l\u2019un des piliers du syst\u00e8me de F\u00e9lix Tshisekedi, et un incontournable \u00e9l\u00e9ment de son pouvoir apr\u00e8s son arriv\u00e9e \u00e0 la pr\u00e9sidence, en 2019.<\/p>\n\n\n\n<h2 class=\"wp-block-heading\">Maman Marthe en conciliatrice<\/h2>\n\n\n\n<p>Aujourd\u2019hui, il assure que sa mise \u00e0 l\u2019\u00e9cart ne l\u2019a pas surpris. Pas m\u00eame son arrestation, six mois plus tard, pour \u00ab outrage au chef de l\u2019\u00c9tat \u00bb,&nbsp;<a href=\"https:\/\/www.jeuneafrique.com\/1364771\/politique\/rdc-les-debuts-contraries-de-lopposant-jean-marc-kabund\/\">peu apr\u00e8s avoir d\u00e9clar\u00e9 sa candidature \u00e0 la pr\u00e9sidentielle et tenu une conf\u00e9rence de presse virulente.<\/a>&nbsp;Ce militant connu pour sa fougue et sa capacit\u00e9 de mobilisation consid\u00e8re la prison comme un passage oblig\u00e9. C\u2019est un galon suppl\u00e9mentaire \u00e0 accrocher \u00e0 sa veste de combattant.<\/p>\n\n\n\n<p>\u00ab&nbsp;En janvier 2022, cela faisait d\u00e9j\u00e0 longtemps que nous nous \u00e9tions \u00e9loign\u00e9s, F\u00e9lix et moi. Cette rupture s\u2019est produite peu \u00e0 peu. Je constituais un frein \u00e0 l\u2019affairisme d\u2019une partie de ses conseillers et de sa famille&nbsp;\u00bb, affirme Kabund.&nbsp;Les&nbsp;alli\u00e9s ne s\u2019entendent plus, et m\u00eame une conciliation organis\u00e9e par&nbsp;<a href=\"https:\/\/www.jeuneafrique.com\/mag\/989339\/politique\/rdc-quel-role-joue-vraiment-marthe-tshisekedi-la-mere-du-chef-de-letat\/\">Marthe Kasalu Tshisekedi<\/a>, en juillet 2021, n\u2019aboutit pas. \u00c0 la 10e rue Limete, F\u00e9lix et Jean-Marc se parlent une partie de la nuit sous la surveillance de la \u00ab&nbsp;maman nationale&nbsp;\u00bb, mais ils ne se comprennent plus. \u00ab&nbsp;J\u2019\u00e9tais l\u2019un des rares \u00e0 dire au pr\u00e9sident qu\u2019il \u00e9tait manipul\u00e9 par son entourage. Dans ces conditions, sa r\u00e9\u00e9lection en d\u00e9cembre 2023 me semblait difficile&nbsp;\u00bb, poursuit Kabund.<\/p>\n\n\n\n<p>Durant ces six mois de d\u00e9tention, il dit avoir compris \u00ab beaucoup de choses \u00bb. \u00ab Ici, on n\u2019a rien, il faut acheter son matelas, et m\u00eame son repas. Les gens vivent l\u2019enfer \u00bb, d\u00e9crit-il. Son entourage assure qu\u2019\u00e0 aucun instant son moral n\u2019a fl\u00e9chi et qu\u2019il n\u2019a jamais manqu\u00e9 de d\u00e9termination, alors m\u00eame que la d\u00e9cision de la Cour de cassation de le remettre en r\u00e9sidence surveill\u00e9e n\u2019est pas appliqu\u00e9e depuis six mois.<\/p>\n\n\n\n<h2 class=\"wp-block-heading\">Acc\u00e9l\u00e9ration des discussions<\/h2>\n\n\n\n<p>Mais la roue pourrait encore tourner pour Kabund. Son \u00ab ennemi \u00bb Biselele d\u00e9sormais \u00e9cart\u00e9 des hautes sph\u00e8res, des discussions sur sa lib\u00e9ration conditionnelle ont eu lieu ces derniers jours. Selon nos informations,&nbsp;<a href=\"https:\/\/www.jeuneafrique.com\/1413841\/politique\/le-pape-francois-arrive-a-kinshasa-premiere-etape-de-sa-visite-africaine\/\">la perspective de la visite du pape Fran\u00e7ois, qui a d\u00e9but\u00e9 ce 31 janvier,<\/a>&nbsp;a permis de les acc\u00e9l\u00e9rer. \u00ab Cela serait un signe d\u2019apaisement et de r\u00e9conciliation \u00bb, reconna\u00eet un membre du gouvernement. \u00ab Nous esp\u00e9rons que notre client sortira de Makala dans les prochains jours \u00bb, s\u2019avance m\u00eame Me Kahaya, qui se f\u00e9licite \u00ab d\u2019avanc\u00e9es dans les discussions, m\u00eame si certains points de blocage subsistent \u00bb.<\/p>\n\n\n\n<p>Tout est d\u00e9sormais sur la table, m\u00eame un nouveau ralliement de Kabund \u00e0 Tshisekedi, \u00e0 onze mois de la pr\u00e9sidentielle. Le premier aimerait alors pr\u00e9parer cette \u00e9ch\u00e9ance cruciale depuis le perchoir \u2013 il n\u2019a pas \u00e9t\u00e9 formellement d\u00e9chu de son poste de d\u00e9put\u00e9 \u2013 ou la primature.<\/p>\n\n\n\n<p>En attendant, il tue le temps depuis le pavillon huit de Makala. Malgr\u00e9 le brouhaha, il tente de se concentrer sur ses cours de licence de droit. Le soir, il lit. L\u2019un des derniers ouvrages qu\u2019il a ouverts est un SAS de G\u00e9rard de Villiers,&nbsp;<em>La Vengeance au Kremlin<\/em>. Il&nbsp;a&nbsp;ador\u00e9.<\/p>\n<div style=\"text-align:center\" class=\"wps-pgfw-pdf-generate-icon__wrapper-frontend\">\n\t\t<a href=\"https:\/\/congokin.blog?action=genpdf&amp;id=11374\" class=\"pgfw-single-pdf-download-button\" ><img src=\"https:\/\/congokin.blog\/wp-content\/plugins\/pdf-generator-for-wp\/admin\/src\/images\/PDF_Tray.svg\" title=\"G\u00e9n\u00e9rer un PDF\" style=\"width:auto; height:45px;\"><\/a>\n\t\t<\/div>","protected":false},"excerpt":{"rendered":"<p>POLITIQUE En RDC, Jean-Marc Kabund-a-Kabund et l\u2019espoir d\u2019une lib\u00e9ration Tomb\u00e9 en disgr\u00e2ce il y a un an, l\u2019ancien patron du parti de F\u00e9lix Tshisekedi est incarc\u00e9r\u00e9 depuis ao\u00fbt dernier pour outrage au chef de l\u2019\u00c9tat. Depuis Makala, il caresse des r\u00eaves de revanche, mais aussi de r\u00e9habilitation. 31 janvier 2023 \u00e0 18:52 Par&nbsp;Anna Sylvestre-Treiner Mis [&hellip;]<\/p>\n","protected":false},"author":9,"featured_media":0,"comment_status":"open","ping_status":"closed","sticky":false,"template":"","format":"standard","meta":{"footnotes":""},"categories":[7,8],"tags":[],"class_list":["post-11374","post","type-post","status-publish","format-standard","hentry","category-politique","category-societe"],"_links":{"self":[{"href":"https:\/\/congokin.blog\/index.php?rest_route=\/wp\/v2\/posts\/11374","targetHints":{"allow":["GET"]}}],"collection":[{"href":"https:\/\/congokin.blog\/index.php?rest_route=\/wp\/v2\/posts"}],"about":[{"href":"https:\/\/congokin.blog\/index.php?rest_route=\/wp\/v2\/types\/post"}],"author":[{"embeddable":true,"href":"https:\/\/congokin.blog\/index.php?rest_route=\/wp\/v2\/users\/9"}],"replies":[{"embeddable":true,"href":"https:\/\/congokin.blog\/index.php?rest_route=%2Fwp%2Fv2%2Fcomments&post=11374"}],"version-history":[{"count":1,"href":"https:\/\/congokin.blog\/index.php?rest_route=\/wp\/v2\/posts\/11374\/revisions"}],"predecessor-version":[{"id":11375,"href":"https:\/\/congokin.blog\/index.php?rest_route=\/wp\/v2\/posts\/11374\/revisions\/11375"}],"wp:attachment":[{"href":"https:\/\/congokin.blog\/index.php?rest_route=%2Fwp%2Fv2%2Fmedia&parent=11374"}],"wp:term":[{"taxonomy":"category","embeddable":true,"href":"https:\/\/congokin.blog\/index.php?rest_route=%2Fwp%2Fv2%2Fcategories&post=11374"},{"taxonomy":"post_tag","embeddable":true,"href":"https:\/\/congokin.blog\/index.php?rest_route=%2Fwp%2Fv2%2Ftags&post=11374"}],"curies":[{"name":"wp","href":"https:\/\/api.w.org\/{rel}","templated":true}]}}