{"id":11382,"date":"2023-02-01T22:07:34","date_gmt":"2023-02-01T22:07:34","guid":{"rendered":"https:\/\/congokin.blog\/?p=11382"},"modified":"2023-02-01T22:07:34","modified_gmt":"2023-02-01T22:07:34","slug":"le-pape-denonce-le-colonialisme-economique-qui-se-dechaine-en-afrique","status":"publish","type":"post","link":"https:\/\/congokin.blog\/?p=11382","title":{"rendered":"Le pape d\u00e9nonce le \u00ab\u00a0colonialisme \u00e9conomique\u00a0\u00bb qui \u00ab\u00a0se d\u00e9cha\u00eene\u00a0\u00bb en Afrique"},"content":{"rendered":"\n<h1 class=\"wp-block-heading\">Le pape d\u00e9nonce le \u00ab&nbsp;colonialisme \u00e9conomique&nbsp;\u00bb qui \u00ab&nbsp;se d\u00e9cha\u00eene&nbsp;\u00bb en Afrique<\/h1>\n\n\n\n<p>\u00a0(le Soir)<\/p>\n\n\n\n<figure class=\"wp-block-image\"><img decoding=\"async\" src=\"https:\/\/ig.lesoir.be\/i\/0\/0.07886\/1x0.84228\/d-20230131-40JRCX.jpg?auth=ad2cb\" alt=\"\"\/><\/figure>\n\n\n\n<figure class=\"wp-block-image\"><img decoding=\"async\" src=\"https:\/\/www.lesoir.be\/sites\/all\/themes\/enacarbon_lesoir\/images\/s-lesoir.svg\" alt=\"Image auteur par d\u00e9faut\"\/><\/figure>\n\n\n\n<p>Par AFPPubli\u00e9 le 1\/02\/2023 \u00e0 00:00&nbsp;Temps de lecture: 2 min<\/p>\n\n\n\n<p>R\u00e9publique d\u00e9mocratique du Congo<\/p>\n\n\n\n<p>Le pape d\u00e9nonce le \u00ab&nbsp;colonialisme \u00e9conomique&nbsp;\u00bb qui \u00ab&nbsp;se d\u00e9cha\u00eene&nbsp;\u00bb en Afrique<\/p>\n\n\n\n<p>Le pape Fran\u00e7ois a d\u00e9nonc\u00e9 avec force mardi \u00e0 Kinshasa le \u00ab&nbsp;colonialisme \u00e9conomique&nbsp;\u00bb qui \u00ab&nbsp;se d\u00e9cha\u00eene&nbsp;\u00bb en Afrique et en R\u00e9publique d\u00e9mocratique du Congo (RDC), au premier jour de sa visite dans le pays. \u00ab&nbsp;Apr\u00e8s le colonialisme politique, un colonialisme \u00e9conomique tout aussi asservissant s\u2019est d\u00e9cha\u00een\u00e9. Ce pays, largement pill\u00e9, ne parvient donc pas \u00e0 profiter suffisamment de ses immenses ressources&nbsp;\u00bb, a-t-il d\u00e9plor\u00e9, sous les applaudissements, lors d\u2019un discours tr\u00e8s politique devant les autorit\u00e9s et le corps diplomatique. \u00ab&nbsp;Otez vos mains de la R\u00e9publique d\u00e9mocratique du Congo, \u00f4tez vos mains de l\u2019Afrique&nbsp;! Cessez d\u2019\u00e9touffer l\u2019Afrique&nbsp;: elle n\u2019est pas une mine \u00e0 exploiter ni une terre \u00e0 d\u00e9valiser&nbsp;\u00bb, a-t-il encore lanc\u00e9 dans les jardins du palais pr\u00e9sidentiel. Cet appel r\u00e9sonne tout particuli\u00e8rement en RDC, pays au sous-sol d\u2019une immense richesse et \u00e0 la terre fertile, dont les deux tiers des quelque 100 millions d\u2019habitants vivent avec moins de 2,15 dollars par jour. Le \u00ab&nbsp;colonialisme \u00e9conomique&nbsp;\u00bb \u00e9tait le fait de multinationales et pays lointains, mais des pays voisins sont d\u00e9sormais \u00e9galement accus\u00e9s d\u2019avoir pris le relais du pillage des ressources de la RDC, qui leur profite \u00e9conomiquement et alimente les conflits qui ensanglantent l\u2019est congolais depuis des d\u00e9cennies.<\/p>\n<div style=\"text-align:center\" class=\"wps-pgfw-pdf-generate-icon__wrapper-frontend\">\n\t\t<a href=\"https:\/\/congokin.blog?action=genpdf&amp;id=11382\" class=\"pgfw-single-pdf-download-button\" ><img src=\"https:\/\/congokin.blog\/wp-content\/plugins\/pdf-generator-for-wp\/admin\/src\/images\/PDF_Tray.svg\" title=\"G\u00e9n\u00e9rer un PDF\" style=\"width:auto; height:45px;\"><\/a>\n\t\t<\/div>","protected":false},"excerpt":{"rendered":"<p>Le pape d\u00e9nonce le \u00ab&nbsp;colonialisme \u00e9conomique&nbsp;\u00bb qui \u00ab&nbsp;se d\u00e9cha\u00eene&nbsp;\u00bb en Afrique \u00a0(le Soir) Par AFPPubli\u00e9 le 1\/02\/2023 \u00e0 00:00&nbsp;Temps de lecture: 2 min R\u00e9publique d\u00e9mocratique du Congo Le pape d\u00e9nonce le \u00ab&nbsp;colonialisme \u00e9conomique&nbsp;\u00bb qui \u00ab&nbsp;se d\u00e9cha\u00eene&nbsp;\u00bb en Afrique Le pape Fran\u00e7ois a d\u00e9nonc\u00e9 avec force mardi \u00e0 Kinshasa le \u00ab&nbsp;colonialisme \u00e9conomique&nbsp;\u00bb qui \u00ab&nbsp;se d\u00e9cha\u00eene&nbsp;\u00bb en [&hellip;]<\/p>\n","protected":false},"author":9,"featured_media":0,"comment_status":"open","ping_status":"closed","sticky":false,"template":"","format":"standard","meta":{"footnotes":""},"categories":[1],"tags":[],"class_list":["post-11382","post","type-post","status-publish","format-standard","hentry","category-uncategorized"],"_links":{"self":[{"href":"https:\/\/congokin.blog\/index.php?rest_route=\/wp\/v2\/posts\/11382","targetHints":{"allow":["GET"]}}],"collection":[{"href":"https:\/\/congokin.blog\/index.php?rest_route=\/wp\/v2\/posts"}],"about":[{"href":"https:\/\/congokin.blog\/index.php?rest_route=\/wp\/v2\/types\/post"}],"author":[{"embeddable":true,"href":"https:\/\/congokin.blog\/index.php?rest_route=\/wp\/v2\/users\/9"}],"replies":[{"embeddable":true,"href":"https:\/\/congokin.blog\/index.php?rest_route=%2Fwp%2Fv2%2Fcomments&post=11382"}],"version-history":[{"count":1,"href":"https:\/\/congokin.blog\/index.php?rest_route=\/wp\/v2\/posts\/11382\/revisions"}],"predecessor-version":[{"id":11383,"href":"https:\/\/congokin.blog\/index.php?rest_route=\/wp\/v2\/posts\/11382\/revisions\/11383"}],"wp:attachment":[{"href":"https:\/\/congokin.blog\/index.php?rest_route=%2Fwp%2Fv2%2Fmedia&parent=11382"}],"wp:term":[{"taxonomy":"category","embeddable":true,"href":"https:\/\/congokin.blog\/index.php?rest_route=%2Fwp%2Fv2%2Fcategories&post=11382"},{"taxonomy":"post_tag","embeddable":true,"href":"https:\/\/congokin.blog\/index.php?rest_route=%2Fwp%2Fv2%2Ftags&post=11382"}],"curies":[{"name":"wp","href":"https:\/\/api.w.org\/{rel}","templated":true}]}}