{"id":11388,"date":"2023-02-01T22:30:02","date_gmt":"2023-02-01T22:30:02","guid":{"rendered":"https:\/\/congokin.blog\/?p=11388"},"modified":"2023-02-01T22:30:02","modified_gmt":"2023-02-01T22:30:02","slug":"a-la-une-les-paroles-choc-du-pape-francois","status":"publish","type":"post","link":"https:\/\/congokin.blog\/?p=11388","title":{"rendered":"\u00c0 la Une: les paroles choc du pape Fran\u00e7ois"},"content":{"rendered":"\n<p><\/p>\n\n\n\n<h1 class=\"wp-block-heading\">\u00c0 la Une: les paroles choc du pape Fran\u00e7ois<\/h1>\n\n\n\n<h1 class=\"wp-block-heading\"><\/h1>\n\n\n\n<p><a href=\"https:\/\/www.facebook.com\/dialog\/share?app_id=113191652055439&amp;href=https%3A%2F%2Frfi.my%2F97Sh.F&amp;redirect_uri=https%3A%2F%2Fwww.rfi.fr%2Ffr%2Fpodcasts%2Frevue-de-presse-afrique%2F20230201-%25C3%25A0-la-une-les-paroles-choc-du-pape-fran%25C3%25A7ois&amp;locale=fr_FR\" target=\"_blank\" rel=\"noreferrer noopener\"><\/a><a href=\"https:\/\/twitter.com\/intent\/tweet?url=https%3A%2F%2Frfi.my%2F97Sh.T&amp;via=RFI&amp;related=FredericCouteau&amp;text=%C3%80%20la%20Une%3A%20les%20paroles%20choc%20du%20pape%20Fran%C3%A7ois&amp;lang=fr\" target=\"_blank\" rel=\"noreferrer noopener\"><\/a><a href=\"https:\/\/web.whatsapp.com\/send?text=%C3%80%20la%20Une%3A%20les%20paroles%20choc%20du%20pape%20Fran%C3%A7ois%20-%20https%3A%2F%2Frfi.my%2F97Sh.W\" target=\"_blank\" rel=\"noreferrer noopener\"><\/a><\/p>\n\n\n\n<p>Publi\u00e9 le :&nbsp;01\/02\/2023 &#8211; 09:56Modifi\u00e9 le :&nbsp;01\/02\/2023 &#8211; 10:01Audio 04:14Podcast<\/p>\n\n\n\n<p><\/p>\n\n\n\n<figure class=\"wp-block-image size-full\"><img loading=\"lazy\" decoding=\"async\" width=\"1\" height=\"1\" src=\"https:\/\/congokin.blog\/wp-content\/uploads\/2023\/02\/image.gif\" alt=\"\" class=\"wp-image-11389\"\/><figcaption class=\"wp-element-caption\">RDC, Kinshasa, le 31 janvier: le pape a \u00e9t\u00e9 re\u00e7u par le pr\u00e9sident Tshisekedi avant de prononcer un discours qui fera date sur l&rsquo;exploitation de l&rsquo;Afrique.&nbsp;via REUTERS &#8211; VATICAN MEDIA<\/figcaption><\/figure>\n\n\n\n<p>Par :<a href=\"https:\/\/www.rfi.fr\/fr\/auteur\/fr%C3%A9d%C3%A9ric-couteau\/\">Fr\u00e9d\u00e9ric Couteau<\/a><a href=\"https:\/\/twitter.com\/intent\/follow?screen_name=FredericCouteau\" target=\"_blank\" rel=\"noreferrer noopener\">Suivre<\/a><\/p>\n\n\n\n<p>4 mn<\/p>\n\n\n\n<p>\u00ab&nbsp;<em>Retirez vos mains de la RDC, elle n\u2019est pas une mine \u00e0 exploiter ni une terre \u00e0 d\u00e9valiser<\/em>&nbsp;\u00bb&nbsp;: cette phrase est \u00e0 la Une de la presse congolaise ce matin. Le souverain pontife a donc d\u00e9but\u00e9 sa visite \u00e0 Kinshasa hier avec un discours \u00ab&nbsp;<em>interpellateur&nbsp;<\/em>\u00bb, comme le qualifie le site congolais&nbsp;<em><strong><a href=\"https:\/\/www.politico.cd\/la-rdc-a-la-une\/2023\/01\/31\/rdc-retirez-vos-mains-de-la-rdc-elle-nest-pas-une-mine-a-exploiter-ni-une-terre-a-devaliser-tout-savoir-sur-le-discours-interpellateur-du-pape-francois-a-kinshasa.html\/127332\/\" target=\"_blank\" rel=\"noreferrer noopener\">Politico CD<\/a><\/strong><\/em>. \u00ab&nbsp;<em>Dans son allocution, le pape Fran\u00e7ois a interpell\u00e9 la communaut\u00e9 internationale sur sa responsabilit\u00e9 dans les diff\u00e9rents drames commis sur le continent africain en g\u00e9n\u00e9ral et en RDC, en particulier. Il a d\u00e9nonc\u00e9 l\u2019indiff\u00e9rence et l\u2019inaction de pays &lsquo;\u00e9conomiquement avanc\u00e9s&rsquo; qui, au d\u00e9triment des int\u00e9r\u00eats des populations locales, exploitent et d\u00e9valisent ses ressources naturelles.<\/em><\/p>\n\n\n\n<p><em>Le Pape a \u00e9galement demand\u00e9 \u00e0 la Communaut\u00e9 internationale de laisser l\u2019Afrique devenir protagoniste de son propre destin.&nbsp;\u00bb<\/em><\/p>\n\n\n\n<h2 class=\"wp-block-heading\"><strong>Des oreilles ont siffl\u00e9\u2026<\/strong><\/h2>\n\n\n\n<p>\u00ab<em>&nbsp;Un discours tr\u00e8s appr\u00e9ci\u00e9 par les Congolais<\/em>&nbsp;\u00bb, pointe&nbsp;<em><strong><a href=\"http:\/\/afrikarabia.com\/wordpress\/le-pape-en-rdc-lafrique-nest-pas-une-mine-a-exploiter\/\" target=\"_blank\" rel=\"noreferrer noopener\">Afrikarabia<\/a><\/strong><\/em>. \u00ab<em>&nbsp;Le Pape ne s\u2019est pas priv\u00e9 pour fustiger un &lsquo;colonialisme \u00e9conomique&rsquo; dans un pays &lsquo;largement pill\u00e9, et qui ne parvient pas \u00e0 profiter suffisamment de ses immenses ressources&rsquo;. Fran\u00e7ois a donc veng\u00e9 en quelques secondes des millions de Congolais en d\u00e9non\u00e7ant &lsquo;le monde entier qui ferme les yeux, les oreilles et la bouche&rsquo;. Mais les oreilles de certains hommes d\u2019affaires et politiciens congolais ont tout de m\u00eame d\u00fb siffler,&nbsp;<\/em>rel\u00e8ve encore le site sp\u00e9cialis\u00e9 sur la RDC, en \u00e9coutant la suite discours de Fran\u00e7ois.<em>&nbsp;Car si les Congolais ne profitent pas des richesses du pays, c\u2019est que la corruption, quasi end\u00e9mique au Congo, d\u00e9tourne ces richesses vers une \u00e9lite largement pr\u00e9datrice. Pour le souverain pontife, &lsquo;ce sont souvent les t\u00e9n\u00e8bres de l\u2019injustice et de la corruption qui obscurcissent la lumi\u00e8re du bien&rsquo;. \u00c0 bon entendeur\u2026 \u00bb<\/em><\/p>\n\n\n\n<p>Pour ce qui est de la guerre \u00e0 l\u2019Est du pays, \u00ab&nbsp;<em>nous ne pouvons pas nous habituer au sang qui coule depuis des d\u00e9cennies<\/em>&nbsp;\u00bb s\u2019est indign\u00e9 le pape Fran\u00e7ois. Une phrase mise en exergue notamment par le site congolais&nbsp;<em><strong><a href=\"https:\/\/cas-info.ca\/tueries-a-lest-nous-ne-pouvons-pas-nous-habituer-au-sang-qui-coule-dans-ce-pays-depuis-des-decennies-sindigne-le-pape-francois\/\" target=\"_blank\" rel=\"noreferrer noopener\">Cas-Info<\/a><\/strong><\/em>. \u00ab&nbsp;<em>Un message plus classique,&nbsp;<\/em>commente encore&nbsp;<em>Afrikarabia : paix, r\u00e9conciliation et compassion avec les victimes. Mais l\u00e0 encore, sans oublier de condamner le reste du monde qui semble regarder les bras crois\u00e9s un conflit oubli\u00e9. Fran\u00e7ois n\u2019est pas rentr\u00e9 dans la d\u00e9nonciation explicite des groupes arm\u00e9s et des pays qui les soutiennent (on pense au Rwanda), mais il s\u2019est \u00e9lev\u00e9 contre &lsquo;le tribalisme&rsquo; et ceux qui &lsquo;prennent part pour leur ethnie, alimentant des spirales de haine et de violence&rsquo;. D\u00e9non\u00e7ant, ainsi, un mal, qui ronge de nombreux pays de la r\u00e9gion. Ils se reconna\u00eetront.&nbsp;<\/em>\u00bb<\/p>\n\n\n\n<h2 class=\"wp-block-heading\"><strong>\u00ab&nbsp;V\u00e9rit\u00e9s crues&nbsp;!&nbsp;\u00bb<\/strong><\/h2>\n\n\n\n<p>La presse ouest-africaine applaudit ce discours sans fard\u2026 \u00c0 l\u2019instar de&nbsp;<em><strong><a href=\"https:\/\/www.wakatsera.com\/le-pape-francois-en-afrique-comme-jesus-au-temple-de-jerusalem\/)\" target=\"_blank\" rel=\"noreferrer noopener\">WakatS\u00e9ra<\/a><\/strong><\/em>&nbsp;au Burkina Faso&nbsp;: \u00ab&nbsp;<em>connu pour son ind\u00e9pendance de ton et d\u2019action, le successeur de Pierre n\u2019a pas tourn\u00e9 autour du ciboire pour dire ses v\u00e9rit\u00e9s crues aux pr\u00e9dateurs d\u2019une Afrique qui, mieux que tout autre continent, porte haut le flambeau de la religion catholique.&nbsp;(\u2026) Il ne s\u2019est gu\u00e8re emmur\u00e9 dans des formules enjoliv\u00e9es. Comme J\u00e9sus son Seigneur, qui a chass\u00e9 les marchands install\u00e9s dans le Temple de J\u00e9rusalem, le souverain pontife a somm\u00e9 les envahisseurs de quitter l\u2019Afrique. Le pape Fran\u00e7ois a tir\u00e9 \u00e0 boulets rouges sur les envahisseurs de la RD Congo, bien entendu sans nommer, ni le M23, ni le Rwanda, encore moins les pays occidentaux de l\u2019ombre qui continuent de &lsquo;faire main basse sur le Congo&rsquo;.<\/em>&nbsp;\u00bb<\/p>\n\n\n\n<h2 class=\"wp-block-heading\"><strong>Qu\u2019est-ce que \u00e7a va changer&nbsp;?<\/strong><\/h2>\n\n\n\n<p><em><strong><a href=\"https:\/\/ledjely.com\/2023\/02\/01\/kinshasa-le-pape-francois-se-pose-en-defenseur-de-la-rdc-et-de-lafrique\/\" target=\"_blank\" rel=\"noreferrer noopener\">Ledjely<\/a><\/strong><\/em>, en Guin\u00e9e, rench\u00e9rit&nbsp;: \u00ab&nbsp;<em>le Pape Fran\u00e7ois s\u2019est pos\u00e9 en d\u00e9fenseur de la RDC et de l\u2019Afrique. \u00c0 ses yeux, le Congo est l\u2019incarnation du colonialisme \u00e9conomique dont p\u00e2tit encore le continent africain. Un discours qui, au-del\u00e0 du pays de Patrice Lumumba, doit avoir un \u00e9cho favorable \u00e0 Bamako et \u00e0 Ouagadougou.&nbsp;<\/em>\u00bb<\/p>\n\n\n\n<p>Toutefois, s\u2019interroge le site guin\u00e9en, \u00ab<em>&nbsp;on se demande bien ce que son discours va v\u00e9ritablement changer sur le terrain&nbsp;?&nbsp;<\/em>\u00bb<\/p>\n\n\n\n<p>En effet, pointe&nbsp;<a href=\"http:\/\/www.lobservateur.bf\/index.php?option=com_k2&amp;view=item&amp;id=6862:fran%C3%A7ois-en-rdc-le-pape-des-pauvres-au-pays-des-damn%C3%A9s&amp;Itemid=112\" target=\"_blank\" rel=\"noreferrer noopener\"><em><strong>L\u2019Observateur Paalga<\/strong><\/em><\/a>&nbsp;\u00e0 Ouagadougou, \u00ab<em>&nbsp;il faudra bien plus qu\u2019une hom\u00e9lie papale pour chasser les vieux d\u00e9mons de l\u2019incurie et de la mal-gouvernance de cette pauvre riche RDC<\/em>.&nbsp;\u00bb<\/p>\n\n\n\n<p>Enfin, le<em><strong><a href=\"https:\/\/www.lemonde.fr\/afrique\/article\/2023\/01\/31\/en-rdc-le-pape-francois-appelle-l-afrique-a-etre-protagoniste-de-son-destin_6160028_3212.html\" target=\"_blank\" rel=\"noreferrer noopener\">&nbsp;Monde Afrique<\/a><\/strong><\/em>&nbsp;rappelle le poids politique de l\u2019\u00c9glise catholique dans le pays&nbsp;: \u00ab<em>&nbsp;par le pass\u00e9, \u00e0 plusieurs reprises, la RDC compt\u00e9 sur l\u2019\u00c9glise catholique comme acteur majeur dans sa vie politique. Fran\u00e7ois esp\u00e8re accentuer ce r\u00f4le pendant ses trois jours de visite. Ce mercredi, il doit c\u00e9l\u00e9brer une des plus importantes messes de son pontificat avec un million et demi de personnes attendues \u00e0 l\u2019a\u00e9roport de Kinshasa.&nbsp;<\/em>\u00bb<\/p>\n<div style=\"text-align:center\" class=\"wps-pgfw-pdf-generate-icon__wrapper-frontend\">\n\t\t<a href=\"https:\/\/congokin.blog?action=genpdf&amp;id=11388\" class=\"pgfw-single-pdf-download-button\" ><img src=\"https:\/\/congokin.blog\/wp-content\/plugins\/pdf-generator-for-wp\/admin\/src\/images\/PDF_Tray.svg\" title=\"G\u00e9n\u00e9rer un PDF\" style=\"width:auto; height:45px;\"><\/a>\n\t\t<\/div>","protected":false},"excerpt":{"rendered":"<p>\u00c0 la Une: les paroles choc du pape Fran\u00e7ois Publi\u00e9 le :&nbsp;01\/02\/2023 &#8211; 09:56Modifi\u00e9 le :&nbsp;01\/02\/2023 &#8211; 10:01Audio 04:14Podcast Par :Fr\u00e9d\u00e9ric CouteauSuivre 4 mn \u00ab&nbsp;Retirez vos mains de la RDC, elle n\u2019est pas une mine \u00e0 exploiter ni une terre \u00e0 d\u00e9valiser&nbsp;\u00bb&nbsp;: cette phrase est \u00e0 la Une de la presse congolaise ce matin. Le [&hellip;]<\/p>\n","protected":false},"author":9,"featured_media":0,"comment_status":"open","ping_status":"closed","sticky":false,"template":"","format":"standard","meta":{"footnotes":""},"categories":[1],"tags":[],"class_list":["post-11388","post","type-post","status-publish","format-standard","hentry","category-uncategorized"],"_links":{"self":[{"href":"https:\/\/congokin.blog\/index.php?rest_route=\/wp\/v2\/posts\/11388","targetHints":{"allow":["GET"]}}],"collection":[{"href":"https:\/\/congokin.blog\/index.php?rest_route=\/wp\/v2\/posts"}],"about":[{"href":"https:\/\/congokin.blog\/index.php?rest_route=\/wp\/v2\/types\/post"}],"author":[{"embeddable":true,"href":"https:\/\/congokin.blog\/index.php?rest_route=\/wp\/v2\/users\/9"}],"replies":[{"embeddable":true,"href":"https:\/\/congokin.blog\/index.php?rest_route=%2Fwp%2Fv2%2Fcomments&post=11388"}],"version-history":[{"count":1,"href":"https:\/\/congokin.blog\/index.php?rest_route=\/wp\/v2\/posts\/11388\/revisions"}],"predecessor-version":[{"id":11390,"href":"https:\/\/congokin.blog\/index.php?rest_route=\/wp\/v2\/posts\/11388\/revisions\/11390"}],"wp:attachment":[{"href":"https:\/\/congokin.blog\/index.php?rest_route=%2Fwp%2Fv2%2Fmedia&parent=11388"}],"wp:term":[{"taxonomy":"category","embeddable":true,"href":"https:\/\/congokin.blog\/index.php?rest_route=%2Fwp%2Fv2%2Fcategories&post=11388"},{"taxonomy":"post_tag","embeddable":true,"href":"https:\/\/congokin.blog\/index.php?rest_route=%2Fwp%2Fv2%2Ftags&post=11388"}],"curies":[{"name":"wp","href":"https:\/\/api.w.org\/{rel}","templated":true}]}}