{"id":11391,"date":"2023-02-01T23:11:47","date_gmt":"2023-02-01T23:11:47","guid":{"rendered":"https:\/\/congokin.blog\/?p=11391"},"modified":"2023-02-01T23:11:47","modified_gmt":"2023-02-01T23:11:47","slug":"cessez-detouffer-lafrique-lappel-du-pape-a-son-arrivee-a-kinshasa","status":"publish","type":"post","link":"https:\/\/congokin.blog\/?p=11391","title":{"rendered":"\u00abCessez d\u2019\u00e9touffer l\u2019Afrique!\u00bb: l\u2019appel du Pape \u00e0 son arriv\u00e9e \u00e0 Kinshasa"},"content":{"rendered":"\n<h1 class=\"wp-block-heading\">\u00abCessez d\u2019\u00e9touffer l\u2019Afrique!\u00bb: l\u2019appel du Pape \u00e0 son arriv\u00e9e \u00e0 Kinshasa<\/h1>\n\n\n\n<p>D\u00e8s le d\u00e9but de son 40e voyage apostolique, le Pape Fran\u00e7ois s\u2019est \u00e9lev\u00e9 contre les multiples formes d\u2019exploitation men\u00e9es en Afrique et plus sp\u00e9cialement en R\u00e9publique d\u00e9mocratique du Congo, o\u00f9 il est arriv\u00e9 ce mardi 31 janvier apr\u00e8s-midi. Dans le premier discours de ce voyage, prononc\u00e9 devant les autorit\u00e9s, les repr\u00e9sentants de la soci\u00e9t\u00e9 civile et le corps diplomatique, le Saint-P\u00e8re a lanc\u00e9 un appel vibrant pour que \u00abchaque Congolais se sente appel\u00e9 \u00e0 jouer son r\u00f4le\u00bb.<\/p>\n\n\n\n<p><strong>Ad\u00e9la\u00efde Patrignani \u2013 Cit\u00e9 du Vatican<\/strong><\/p>\n\n\n\n<p>Un&nbsp;<em>\u00abpays immense et plein de vie\u00bb,&nbsp;<\/em>mais qui&nbsp;<em>\u00absemble depuis longtemps avoir perdu son souffle\u00bb.<\/em>&nbsp;Le Saint-P\u00e8re a d\u2019embl\u00e9e relev\u00e9 le paradoxe qui caract\u00e9rise la R\u00e9publique d\u00e9mocratique du Congo, premi\u00e8re \u00e9tape de son 40e&nbsp;voyage apostolique entam\u00e9 ce mardi 31 janvier.<\/p>\n\n\n\n<p>Dans les jardins du Palais de la Nation, o\u00f9 il venait de rencontrer en priv\u00e9 le pr\u00e9sident de la r\u00e9publique F\u00e9lix Tshisekedi, Fran\u00e7ois s\u2019est adress\u00e9 aux autorit\u00e9s, aux repr\u00e9sentants de la soci\u00e9t\u00e9 civile et au corps diplomatique, en leur parlant des divers maux qui affectent le pays et le continent.<\/p>\n\n\n\n<p><a href=\"https:\/\/www.vaticannews.va\/fr\/afrique\/news\/2023-01\/rd-congo-boyei-bolamu-bienvenu-au-saint-pere.html\"><\/a><\/p>\n\n\n\n<figure class=\"wp-block-image\"><a href=\"https:\/\/www.vaticannews.va\/fr\/afrique\/news\/2023-01\/rd-congo-boyei-bolamu-bienvenu-au-saint-pere.html\"><img decoding=\"async\" src=\"https:\/\/www.vaticannews.va\/content\/dam\/vaticannews\/agenzie\/images\/srv\/2023\/01\/31\/2023-01-31-viaggio-apostolico-nella-repubblica-democratica-del-c\/1675182194910.JPG\/_jcr_content\/renditions\/cq5dam.thumbnail.cropped.500.281.jpeg\" alt=\"\u00abBoyei bolamu\u00bb, le pr\u00e9sident Tshisekedi s'adresse au Pape Fran\u00e7ois\"\/><\/a><\/figure>\n\n\n\n<p>31\/01\/2023<\/p>\n\n\n\n<h2 class=\"wp-block-heading\"><a href=\"https:\/\/www.vaticannews.va\/fr\/afrique\/news\/2023-01\/rd-congo-boyei-bolamu-bienvenu-au-saint-pere.html\">\u00abBoyei bolamu\u00bb, le pr\u00e9sident Tshisekedi s&rsquo;adresse au Pape Fran\u00e7ois<\/a><\/h2>\n\n\n\n<p>Le pr\u00e9sident de la RDC, F\u00e9lix Tshisekedi, a dans un discours, manifest\u00e9 sa joie et celle du peuple congolais, mardi 31 janvier, d\u2019accueillir le Saint-P\u00e8re \u00e0 l\u2019occasion de sa visite &#8230;<\/p>\n\n\n\n<h3 class=\"wp-block-heading\"><strong>\u00abCourage, fr\u00e8re et s\u0153ur congolais!\u00bb<\/strong><\/h3>\n\n\n\n<p>Tout au long de cette premi\u00e8re prise de parole particuli\u00e8rement forte, le Saint-P\u00e8re a recouru \u00e0 l\u2019image du diamant, que l\u2019on trouve en abondance dans le sol congolais.&nbsp;<em>\u00abVotre pays est vraiment un diamant de la cr\u00e9ation ; mais vous, vous tous, \u00eates infiniment plus pr\u00e9cieux que toutes les choses bonnes qui sortent de ce sol fertile!\u00bb<\/em>, a-t-il assur\u00e9.&nbsp;&nbsp;<\/p>\n\n\n\n<p>Un peuple qui lutte&nbsp;<em>\u00abpour sauvegarder [sa] dignit\u00e9 et [son] int\u00e9grit\u00e9 territoriale contre les m\u00e9prisables tentatives de fragmentation du pays\u00bb,&nbsp;<\/em>et vers lequel Fran\u00e7ois vient<em>&nbsp;\u00abcomme un p\u00e8lerin de r\u00e9conciliation et de paix\u00bb.<\/em><\/p>\n\n\n\n<p>Le Pape a salu\u00e9 les&nbsp;<em>\u00abdons d\u2019intelligence, de sagacit\u00e9 et d\u2019assiduit\u00e9\u00bb<\/em>&nbsp;de la population.&nbsp;<em>\u00abCourage, fr\u00e8re et s\u0153ur congolais! Rel\u00e8ve-toi, reprends dans tes mains, comme un diamant tr\u00e8s pur, ce que tu es, ta dignit\u00e9, ta vocation \u00e0 garder en harmonie et en paix la maison que tu habites\u00bb,<\/em>&nbsp;a-t-il encourag\u00e9.<\/p>\n\n\n\n<p>Et de poursuivre en souhaitant que&nbsp;<em>\u00abchaque Congolais se sente appel\u00e9 \u00e0 jouer son r\u00f4le! Que la violence et la haine n\u2019aient plus de place dans le c\u0153ur et sur les l\u00e8vres de quiconque, car ce sont des sentiments inhumains et anti-chr\u00e9tiens qui paralysent le d\u00e9veloppement et ram\u00e8nent en arri\u00e8re, vers un sombre pass\u00e9\u00bb.<\/em><\/p>\n\n\n\n<p><a href=\"https:\/\/www.vaticannews.va\/fr\/pape\/news\/2023-01\/voyage-apostolique-pape-francois-rdc-congo-kinshasa-accueil.html\"><\/a><\/p>\n\n\n\n<figure class=\"wp-block-image\"><a href=\"https:\/\/www.vaticannews.va\/fr\/pape\/news\/2023-01\/voyage-apostolique-pape-francois-rdc-congo-kinshasa-accueil.html\"><img decoding=\"async\" src=\"https:\/\/www.vaticannews.va\/content\/dam\/vaticannews\/agenzie\/images\/srv\/2023\/01\/31\/2023-01-31-viaggio-apostolico-nella-repubblica-democratica-del-c\/1675175595179.JPG\/_jcr_content\/renditions\/cq5dam.thumbnail.cropped.500.281.jpeg\" alt=\"Kinshasa accueille le Pape, d\u00e9but du voyage en RDC \"\/><\/a><\/figure>\n\n\n\n<p>31\/01\/2023<\/p>\n\n\n\n<h2 class=\"wp-block-heading\"><a href=\"https:\/\/www.vaticannews.va\/fr\/pape\/news\/2023-01\/voyage-apostolique-pape-francois-rdc-congo-kinshasa-accueil.html\">Kinshasa accueille le Pape, d\u00e9but du voyage en RDC<\/a><\/h2>\n\n\n\n<p>Le Pape Fran\u00e7ois est arriv\u00e9 \u00e0 Kinshasa, en R\u00e9publique d\u00e9mocratique du Congo, premi\u00e8re \u00e9tape de son voyage apostolique en Afrique, le 40e depuis le d\u00e9but de son pontificat. L&rsquo;avion &#8230;<\/p>\n\n\n\n<h3 class=\"wp-block-heading\"><strong>Des diamants ensanglant\u00e9s<\/strong><\/h3>\n\n\n\n<p>Le Pape s\u2019est ensuite d\u00e9sol\u00e9 que le pays, et plus largement le continent africain,&nbsp;<em>\u00absouffrent encore de diverses formes d\u2019exploitation\u00bb.&nbsp;<\/em>Il a d\u00e9nonc\u00e9 le&nbsp;<em>\u00abcolonialisme \u00e9conomique\u00bb<\/em>&nbsp;qui engendre le pillage des abondantes ressources:&nbsp;<em>\u00abon en est arriv\u00e9 au paradoxe que les fruits de sa terre le rendent \u201c\u00e9tranger\u201d \u00e0 ses habitants. Le poison de la cupidit\u00e9 a ensanglant\u00e9 ses diamants\u00bb,<\/em>&nbsp;a d\u00e9clar\u00e9 le Souverain pontife, y voyant un&nbsp;<em>\u00abdrame devant lequel le monde \u00e9conomiquement plus avanc\u00e9 ferme souvent les yeux, les oreilles et la bouche\u00bb.<\/em><\/p>\n\n\n\n<p>Puis cette vive exhortation:&nbsp;<em>\u00abMais ce pays et ce continent m\u00e9ritent d\u2019\u00eatre respect\u00e9s et \u00e9cout\u00e9s, ils m\u00e9ritent espace et attention: Retirez vos mains de la R\u00e9publique d\u00e9mocratique du Congo, retirez vos mainsde l&rsquo;Afrique! Cessez d\u2019\u00e9touffer l\u2019Afrique: elle n\u2019est pas une mine \u00e0 exploiter ni une terre \u00e0 d\u00e9valiser. Que l\u2019Afrique soit protagoniste de son destin!\u00bb,<\/em>&nbsp;a demand\u00e9 le Saint-P\u00e8re.<\/p>\n\n\n\n<p><em>\u00abQue le monde se souvienne des d\u00e9sastres commis au cours des si\u00e8cles au d\u00e9triment des populations locales et qu\u2019il n\u2019oublie pas ce pays ni ce continent. Que l\u2019Afrique, sourire et esp\u00e9rance du monde, compte davantage: qu\u2019on en parle davantage, qu\u2019elle ait plus de poids et de repr\u00e9sentation parmi les nations!\u00bb,&nbsp;<\/em>a-t-il aussi exig\u00e9 face aux autorit\u00e9s, aux diplomates et aux repr\u00e9sentants de la soci\u00e9t\u00e9 civile congolaise.<\/p>\n\n\n\n<p>Le Pape a regrett\u00e9 que la communaut\u00e9 internationale se soit&nbsp;<em>\u00abpresque r\u00e9sign\u00e9e \u00e0 la violence\u00bb<\/em>&nbsp;qui&nbsp;<em>\u00abd\u00e9vore\u00bb&nbsp;<\/em>la population.&nbsp;<em>\u00abNous ne pouvons pas nous habituer au sang qui coule dans ce pays, depuis des d\u00e9cennies d\u00e9sormais, faisant des millions de morts \u00e0 l\u2019insu de beaucoup. Il faut que l\u2019on sache ce qui se passe ici, que les processus de paix en cours, -que j\u2019encourage de toutes mes forces- soient soutenus dans les faits et que les engagements soient tenus\u00bb,<\/em>&nbsp;a-t-il d\u00e9clar\u00e9.<\/p>\n\n\n\n<p>Il a ensuite invit\u00e9 le pays \u00e0 ne pas&nbsp;<em>\u00abglisser dans le tribalisme et la confrontation\u00bb<\/em>, ni \u00e0 prendre&nbsp;<em>\u00abobstin\u00e9ment parti pour sa propre ethnie ou pour des int\u00e9r\u00eats particuliers, alimentant des spirales de haine et de violence\u00bb.<\/em>&nbsp;Le&nbsp;<em>\u00abprobl\u00e8me n\u2019est pas la nature des hommes ou des groupes ethniques et sociaux, mais la mani\u00e8re dont on d\u00e9cide d\u2019\u00eatre ensemble\u00bb,<\/em>&nbsp;a rappel\u00e9 Fran\u00e7ois.<\/p>\n\n\n\n<p><a href=\"https:\/\/www.vaticannews.va\/fr\/afrique\/news\/2023-01\/la-crise-securitaire-dans-l-est-de-la-rd-congo.html\"><\/a><\/p>\n\n\n\n<figure class=\"wp-block-image\"><a href=\"https:\/\/www.vaticannews.va\/fr\/afrique\/news\/2023-01\/la-crise-securitaire-dans-l-est-de-la-rd-congo.html\"><img decoding=\"async\" src=\"https:\/\/www.vaticannews.va\/content\/dam\/vaticannews\/agenzie\/images\/afp\/2022\/11\/15\/20\/1668540184125.jpg\/_jcr_content\/renditions\/cq5dam.thumbnail.cropped.500.281.jpeg\" alt=\"Crise s\u00e9curitaire \u00e0 l\u2019Est de la RDC: \u00abNe pas se permettre de perdre espoir\u00bb\"\/><\/a><\/figure>\n\n\n\n<p>31\/01\/2023<\/p>\n\n\n\n<h2 class=\"wp-block-heading\"><a href=\"https:\/\/www.vaticannews.va\/fr\/afrique\/news\/2023-01\/la-crise-securitaire-dans-l-est-de-la-rd-congo.html\">Crise s\u00e9curitaire \u00e0 l\u2019Est de la RDC: \u00abNe pas se permettre de perdre espoir\u00bb<\/a><\/h2>\n\n\n\n<p>Le Pape Fran\u00e7ois a entam\u00e9 son cinqui\u00e8me voyage apostolique en terre africaine en arrivant ce mardi 31 janvier \u00e0 Kinshasa. L\u2019\u00e9tape congolaise de ce voyage est plac\u00e9e sous le signe &#8230;<\/p>\n\n\n\n<h3 class=\"wp-block-heading\"><strong>Religion, pouvoir, \u00e9ducation, environnement<\/strong><\/h3>\n\n\n\n<p>Le Saint-P\u00e8re a aussi abord\u00e9 le r\u00f4le des religions, appel\u00e9es \u00e0 contribuer \u00e0 la pacification du pays,&nbsp;<em>\u00abpar un effort quotidien de renoncement \u00e0 toute agressivit\u00e9, pros\u00e9lytisme et contrainte, qui sont des moyens indignes de la libert\u00e9 humaine\u00bb.<\/em>&nbsp;Tout comme les membres de la soci\u00e9t\u00e9 civile, qui&nbsp;<em>\u00abjouent \u00e9galement un r\u00f4le essentiel dans la construction d\u2019un avenir de paix et de fraternit\u00e9\u00bb.<\/em><\/p>\n\n\n\n<p>Les personnes d\u00e9tenant des responsabilit\u00e9s politiques et gouvernementales ont quant \u00e0 elles \u00e9t\u00e9 appel\u00e9es \u00e0 vivre&nbsp;<em>\u00abla fonction re\u00e7ue comme un moyen de servir la soci\u00e9t\u00e9. Le pouvoir n\u2019a de sens en effet que s\u2019il devient service\u00bb,<\/em>&nbsp;a insist\u00e9 le Pape, demandant de fuir&nbsp;<em>\u00abl\u2019autoritarisme, la recherche de gains faciles et la soif d\u2019argent\u00bb,<\/em>&nbsp;ou encore \u2013alors que la pr\u00e9sidentielle aura lieu en d\u00e9cembre 2023\u2013 de&nbsp;<em>\u00abfavoriser des \u00e9lections libres, transparentes et cr\u00e9dibles\u00bb.<\/em><\/p>\n\n\n\n<p><em>\u00abQue l\u2019on ne se laisse pas manipuler, et moins encore acheter, par ceux qui veulent maintenir le pays dans la violence afin de l\u2019exploiter et de faire des affaires honteuses : cela n\u2019apporte que discr\u00e9dit et honte, avec la mort et la mis\u00e8re\u00bb,<\/em>&nbsp;a mis en garde le Saint-P\u00e8re.<\/p>\n\n\n\n<p>Le Pape a \u00e9galement d\u00e9nonc\u00e9 le&nbsp;<em>\u00abfl\u00e9au du travail des enfants\u00bb,<\/em>&nbsp;et la marginalisation des filles, rappelant combien&nbsp;<em>\u00abl\u2019\u00e9ducation est fondamentale\u00bb.<\/em><\/p>\n\n\n\n<p>Il a reconnu que&nbsp;<em>\u00abla R\u00e9publique d\u00e9mocratique du Congo abrite l\u2019un des plus grands poumons verts du monde, qui doit \u00eatre pr\u00e9serv\u00e9. Comme pour la paix et pour le d\u00e9veloppement, dans ce domaine \u00e9galement une collaboration large et fructueuse est importante, permettant d\u2019intervenir efficacement, sans imposer des mod\u00e8les ext\u00e9rieurs plus utiles \u00e0 ceux qui aident qu\u2019\u00e0 ceux qui sont aid\u00e9s\u00bb.&nbsp;<\/em>Les mod\u00e8les sanitaires et sociaux doivent eux aussi contribuer \u00e0&nbsp;<em>\u00abune croissance sociale effective\u00bb.<\/em><\/p>\n\n\n\n<p><a href=\"https:\/\/www.vaticannews.va\/fr\/afrique\/news\/2023-01\/la-visite-du-pape-en-rd-congo-aura-une-haute-portee-pastorale-et.html\"><\/a><\/p>\n\n\n\n<figure class=\"wp-block-image\"><a href=\"https:\/\/www.vaticannews.va\/fr\/afrique\/news\/2023-01\/la-visite-du-pape-en-rd-congo-aura-une-haute-portee-pastorale-et.html\"><img decoding=\"async\" src=\"https:\/\/www.vaticannews.va\/content\/dam\/vaticannews\/multimedia\/2019\/03\/02\/MgrUtembi18712_11102018aem.jpg\/_jcr_content\/renditions\/cq5dam.thumbnail.cropped.500.281.jpeg\" alt=\"La visite du Pape en RD Congo aura une haute port\u00e9e pastorale et sociale\"\/><\/a><\/figure>\n\n\n\n<p>27\/01\/2023<\/p>\n\n\n\n<h2 class=\"wp-block-heading\"><a href=\"https:\/\/www.vaticannews.va\/fr\/afrique\/news\/2023-01\/la-visite-du-pape-en-rd-congo-aura-une-haute-portee-pastorale-et.html\">La visite du Pape en RD Congo aura une haute port\u00e9e pastorale et sociale<\/a><\/h2>\n\n\n\n<p>\u00abTout est pr\u00eat, tous les Congolais attendent filialement d\u2019accueillir le Pape Fran\u00e7ois. La visite du Pape Fran\u00e7ois en R\u00e9publique d\u00e9mocratique du Congo aura une haute port\u00e9e &#8230;<\/p>\n\n\n\n<h3 class=\"wp-block-heading\"><strong>Dieu des recommencements<\/strong><\/h3>\n\n\n\n<p>\u00c0 la fin de ce grand panorama des d\u00e9fis que doit affronter la RDC, Fran\u00e7ois a reconnu que&nbsp;<em>\u00abla r\u00e9p\u00e9tition continuelle des attaques violentes ainsi que les nombreuses situations de d\u00e9tresse pourraient affaiblir la r\u00e9sistance des Congolais, miner leur force d\u2019\u00e2me, les conduire \u00e0 se d\u00e9courager et \u00e0 s\u2019enfermer dans la r\u00e9signation\u00bb. \u00abMais, au nom du Christ qui est le Dieu de l\u2019esp\u00e9rance,&nbsp;<\/em>a-t-il poursuivi,&nbsp;<em>le Dieu de toute possibilit\u00e9 qui donne toujours la force de recommencer, au nom de la dignit\u00e9 et de la valeur des diamants les plus pr\u00e9cieux de cette terre splendide que sont ses habitants, je voudrais inviter chacun \u00e0 un nouveau d\u00e9part social courageux et inclusif\u00bb. \u00abL\u2019histoire lumineuse mais bless\u00e9e du pays l\u2019exige, les jeunes et les enfants en particulier l\u2019implorent\u00bb<\/em>, a-t-il conclu, encourageant la nation dans sa recherche d\u2019un avenir meilleur, et lui accordant sa b\u00e9n\u00e9diction.<\/p>\n<div style=\"text-align:center\" class=\"wps-pgfw-pdf-generate-icon__wrapper-frontend\">\n\t\t<a href=\"https:\/\/congokin.blog?action=genpdf&amp;id=11391\" class=\"pgfw-single-pdf-download-button\" ><img src=\"https:\/\/congokin.blog\/wp-content\/plugins\/pdf-generator-for-wp\/admin\/src\/images\/PDF_Tray.svg\" title=\"G\u00e9n\u00e9rer un PDF\" style=\"width:auto; height:45px;\"><\/a>\n\t\t<\/div>","protected":false},"excerpt":{"rendered":"<p>\u00abCessez d\u2019\u00e9touffer l\u2019Afrique!\u00bb: l\u2019appel du Pape \u00e0 son arriv\u00e9e \u00e0 Kinshasa D\u00e8s le d\u00e9but de son 40e voyage apostolique, le Pape Fran\u00e7ois s\u2019est \u00e9lev\u00e9 contre les multiples formes d\u2019exploitation men\u00e9es en Afrique et plus sp\u00e9cialement en R\u00e9publique d\u00e9mocratique du Congo, o\u00f9 il est arriv\u00e9 ce mardi 31 janvier apr\u00e8s-midi. Dans le premier discours de ce [&hellip;]<\/p>\n","protected":false},"author":9,"featured_media":0,"comment_status":"open","ping_status":"closed","sticky":false,"template":"","format":"standard","meta":{"footnotes":""},"categories":[3,7,8],"tags":[],"class_list":["post-11391","post","type-post","status-publish","format-standard","hentry","category-diplomatie","category-politique","category-societe"],"_links":{"self":[{"href":"https:\/\/congokin.blog\/index.php?rest_route=\/wp\/v2\/posts\/11391","targetHints":{"allow":["GET"]}}],"collection":[{"href":"https:\/\/congokin.blog\/index.php?rest_route=\/wp\/v2\/posts"}],"about":[{"href":"https:\/\/congokin.blog\/index.php?rest_route=\/wp\/v2\/types\/post"}],"author":[{"embeddable":true,"href":"https:\/\/congokin.blog\/index.php?rest_route=\/wp\/v2\/users\/9"}],"replies":[{"embeddable":true,"href":"https:\/\/congokin.blog\/index.php?rest_route=%2Fwp%2Fv2%2Fcomments&post=11391"}],"version-history":[{"count":1,"href":"https:\/\/congokin.blog\/index.php?rest_route=\/wp\/v2\/posts\/11391\/revisions"}],"predecessor-version":[{"id":11392,"href":"https:\/\/congokin.blog\/index.php?rest_route=\/wp\/v2\/posts\/11391\/revisions\/11392"}],"wp:attachment":[{"href":"https:\/\/congokin.blog\/index.php?rest_route=%2Fwp%2Fv2%2Fmedia&parent=11391"}],"wp:term":[{"taxonomy":"category","embeddable":true,"href":"https:\/\/congokin.blog\/index.php?rest_route=%2Fwp%2Fv2%2Fcategories&post=11391"},{"taxonomy":"post_tag","embeddable":true,"href":"https:\/\/congokin.blog\/index.php?rest_route=%2Fwp%2Fv2%2Ftags&post=11391"}],"curies":[{"name":"wp","href":"https:\/\/api.w.org\/{rel}","templated":true}]}}