{"id":11402,"date":"2023-02-04T06:56:35","date_gmt":"2023-02-04T06:56:35","guid":{"rendered":"https:\/\/congokin.blog\/?p=11402"},"modified":"2023-02-04T06:56:36","modified_gmt":"2023-02-04T06:56:36","slug":"en-rdc-imbroglio-autour-de-lexpulsion-des-officiers-rwandais-de-la-force-regionale","status":"publish","type":"post","link":"https:\/\/congokin.blog\/?p=11402","title":{"rendered":"En RDC, imbroglio autour de l\u2019expulsion des officiers rwandais de la force r\u00e9gionale"},"content":{"rendered":"\n<p>POLITIQUE<\/p>\n\n\n\n<h1 class=\"wp-block-heading\">En RDC, imbroglio autour de l\u2019expulsion des officiers rwandais de la force r\u00e9gionale<\/h1>\n\n\n\n<h2 class=\"wp-block-heading\">La Communaut\u00e9 de l\u2019Afrique de l\u2019Est (EAC) exige de la RDC \u00ab\u00a0des clarifications urgentes\u00a0\u00bb apr\u00e8s que Kinshasa a annonc\u00e9 le d\u00e9part \u00ab\u00a0pour raisons s\u00e9curitaires\u00a0\u00bb des officiers rwandais pr\u00e9sents dans le commandement de la force r\u00e9gionale.<\/h2>\n\n\n\n<p>3 f\u00e9vrier 2023 \u00e0 10:34<\/p>\n\n\n\n<p>Par&nbsp;<a href=\"https:\/\/www.jeuneafrique.com\/auteurs\/romain.gras\/\">Romain Gras<\/a><\/p>\n\n\n\n<p>Mis \u00e0 jour le 3 f\u00e9vrier 2023 \u00e0 14:20<\/p>\n\n\n\n<figure class=\"wp-block-image is-style-zoooom\"><img decoding=\"async\" src=\"https:\/\/www.jeuneafrique.com\/cdn-cgi\/image\/q=100,f=auto,metadata=none,width=1256,height=628\/https:\/\/www.jeuneafrique.com\/medias\/2023\/02\/03\/jad20230203-conf-rdc-rwanda-officiers-jeffnyagah-1256x628-1675414910.jpg\" alt=\"\"\/><figcaption class=\"wp-element-caption\">Le g\u00e9n\u00e9ral de division Jeff Nyagah, commandant de la Force r\u00e9gionale de la Communaut\u00e9 d\u2019Afrique de l\u2019Est (EACRF), \u00e0 Goma, le 16 novembre 2022. \u00a9 Guerchom Ndebo\/AFP<\/figcaption><\/figure>\n\n\n\n<p>Le 30 janvier, le porte-parole des Forces arm\u00e9es de la R\u00e9publique d\u00e9mocratique du Congo (FARDC), le g\u00e9n\u00e9ral-major&nbsp;<strong>Sylvain Ekenge<\/strong>, a annonc\u00e9 dans un communiqu\u00e9 que la RDC avait demand\u00e9 le rapatriement des officiers rwandais pr\u00e9sents au quartier g\u00e9n\u00e9ral de la Force r\u00e9gionale de la Communaut\u00e9 de l\u2019Afrique de l\u2019Est (EACRF) bas\u00e9e \u00e0 Goma.<\/p>\n\n\n\n<p>Pour justifier cette d\u00e9cision, les FARDC invoquent, sans plus de pr\u00e9cisions, \u00ab&nbsp;des raisons s\u00e9curitaires&nbsp;\u00bb alors que la tension ne cesse de s\u2019intensifier entre Kinshasa et Kigali.<\/p>\n\n\n\n<h2 class=\"wp-block-heading\">\u00ab&nbsp;Leur s\u00e9curit\u00e9 n\u2019est plus garantie&nbsp;\u00bb<\/h2>\n\n\n\n<p>Outre les affrontements presque quotidiens entre l\u2019arm\u00e9e congolaise et les rebelles du M23 accus\u00e9s d\u2019\u00eatre soutenus par l\u2019arm\u00e9e rwandaise,&nbsp;<a href=\"https:\/\/www.jeuneafrique.com\/1413222\/politique\/en-rdc-panique-apres-un-accrochage-avec-des-militaires-rwandais-sur-le-lac-kivu\/\" target=\"_blank\" rel=\"noreferrer noopener\">plusieurs autres accrochages ont eu lieu ces derniers jours<\/a>. Le 24 janvier, un avion Sukhoi-25 de l\u2019arm\u00e9e congolaise accus\u00e9 d\u2019avoir viol\u00e9 l\u2019espace a\u00e9rien rwandais a ainsi \u00e9t\u00e9 la cible d\u2019un tir de missile&nbsp;du&nbsp;<a href=\"https:\/\/www.jeuneafrique.com\/1411897\/politique\/un-sukhoi-25-congolais-cible-dun-tir-rwandais\/\" target=\"_blank\" rel=\"noreferrer noopener\">Rwanda, qui a \u00e9voqu\u00e9 une \u00ab&nbsp;mesure d\u00e9fensive&nbsp;\u00bb<\/a>.\u00c0 LIRE<a href=\"https:\/\/www.jeuneafrique.com\/1411897\/politique\/un-sukhoi-25-congolais-cible-dun-tir-rwandais\/\">Un Sukhoi-25 congolais cible d\u2019un tir rwandais<\/a><\/p>\n\n\n\n<p>Si les trois militaires rwandais concern\u00e9s sont rentr\u00e9s \u00e0 Kigali d\u00e8s le 29 janvier, cette expulsion suscite une certaine crispation au sein de l\u2019EAC et du commandement de la force r\u00e9gionale. Selon nos informations, le rappel de ces officiers a \u00e9t\u00e9 initialement r\u00e9clam\u00e9 dans une lettre que&nbsp;<a href=\"https:\/\/www.jeuneafrique.com\/936886\/politique\/rdc-qui-est-christian-tshiwewe-songesha-le-nouveau-monsieur-securite-de-felix-tshisekedi\/\" target=\"_blank\" rel=\"noreferrer noopener\">le chef d\u2019\u00e9tat-major des FARDC, le g\u00e9n\u00e9ral&nbsp;<strong>Christian Tshiwewe Songesha<\/strong>,<\/a>&nbsp;a adress\u00e9e le 27 janvier au commandant de l\u2019EACRF, le g\u00e9n\u00e9ral k\u00e9nyan&nbsp;<strong>Jeff<\/strong>&nbsp;<strong>Nyagah<\/strong>. \u00ab&nbsp;Consid\u00e9rant d\u2019une part les manifestations anti-EACRF et d\u2019autre part, la perception n\u00e9gative qui se d\u00e9veloppe dans l\u2019opinion populaire \u00e0 l\u2019\u00e9gard du Rwanda, il en r\u00e9sulte que la s\u00e9curit\u00e9 des trois officiers [des Forces de d\u00e9fense rwandaise, RDF] n\u2019est plus garantie&nbsp;\u00bb, justifie le g\u00e9n\u00e9ral Tshiwewe qui effectuait r\u00e9cemment une visite \u00e0 Goma.<\/p>\n\n\n\n<h2 class=\"wp-block-heading\">\u00ab&nbsp;Privil\u00e8ges et immunit\u00e9s&nbsp;\u00bb<\/h2>\n\n\n\n<p>Visiblement pris de court par ce courrier, le g\u00e9n\u00e9ral Nyagah a \u00e9crit au secr\u00e9taire g\u00e9n\u00e9ral de l\u2019EAC, le diplomate k\u00e9nyan&nbsp;<strong>Peter Mathuki<\/strong>, pour l\u2019informer de la situation. Dans un courrier dat\u00e9 du 1er f\u00e9vrier, le haut grad\u00e9 k\u00e9nyan explique que la requ\u00eate du g\u00e9n\u00e9ral Tshiwewe \u00ab&nbsp;contrevient&nbsp;\u00bb aux statuts de la force r\u00e9gionale. Sign\u00e9s le 8 septembre 2022, ces derniers garantissent des \u00ab&nbsp;privil\u00e8ges et immunit\u00e9s sp\u00e9cifiques aux contingents d\u00e9ploy\u00e9s dans l\u2019est de la RDC&nbsp;\u00bb. Le commandant de la force n\u2019ayant \u00ab&nbsp;pas le pouvoir d\u2019annuler le d\u00e9ploiement des officiers d\u2019\u00c9tats partenaires&nbsp;\u00bb, pr\u00e9cise le g\u00e9n\u00e9ral Nyagah, \u00ab&nbsp;de telles d\u00e9cisions doivent \u00eatre communiqu\u00e9es par les voies diplomatiques \u00e9tablies&nbsp;\u00bb.\u00c0 LIRE<a href=\"https:\/\/www.jeuneafrique.com\/1388706\/politique\/est-de-la-rdc-felix-tshisekedi-peut-il-vraiment-compter-sur-la-force-regionale-conjointe\/\">Est de la RDC : F\u00e9lix Tshisekedi peut-il vraiment compter sur la force r\u00e9gionale conjointe ?<\/a><\/p>\n\n\n\n<p>Dans la foul\u00e9e, Peter Mathuki a adress\u00e9 un courrier&nbsp;<a href=\"https:\/\/www.jeuneafrique.com\/1405227\/politique\/christophe-lutundula-felix-tshisekedi-ma-fait-confiance-je-lui-renvoie-lascenseur\/\">au ministre congolais des Affaires \u00e9trang\u00e8res,&nbsp;<strong>Christophe Lutundula,<\/strong><\/a>&nbsp;pour r\u00e9clamer une \u00ab&nbsp;clarification urgente sur l\u2019expulsion d\u2019officiers rwandais&nbsp;en&nbsp;service au QG de l\u2019EACRF&nbsp;\u00bb. Dans cette lettre, le secr\u00e9taire g\u00e9n\u00e9ral de l\u2019EAC rappelle que \u00ab&nbsp;le d\u00e9ploiement de ces officiers [au sein du QG] est le fruit d\u2019une d\u00e9cision prise par les chefs d\u2019\u00c9tat \u00e0 la suite du sommet qui s\u2019est tenu en marge de la COP 27&nbsp;\u00bb. Contact\u00e9 par&nbsp;<em>Jeune Afrique<\/em>, Christophe Lutundula n\u2019\u00e9tait pas encore revenu vers nous au moment de la publication de cet article.<\/p>\n\n\n\n<h2 class=\"wp-block-heading\">Impasse<\/h2>\n\n\n\n<p>Ces bisbilles autour de la pr\u00e9sence de certains officiers des RDF au sein du commandement de l\u2019EACRF s\u2019inscrivent plus largement dans un contexte de m\u00e9fiance croissante entre l\u2019arm\u00e9e congolaise et la force r\u00e9gionale. Le processus de retrait du M23 des zones conquises depuis mars 2022 a, une nouvelle fois, d\u00e9pass\u00e9 la date butoir&nbsp;<a href=\"https:\/\/www.jeuneafrique.com\/1403843\/politique\/en-rdc-dans-les-coulisses-des-negociations-sur-le-retrait-du-m23\/\" target=\"_blank\" rel=\"noreferrer noopener\">qui avait \u00e9t\u00e9 fix\u00e9e au 15 janvier par les chefs d\u2019\u00e9tat-major de la r\u00e9gion.<\/a><\/p>\n\n\n\n<p>Les rebelles ont officiellement quitt\u00e9 certaines territoires de Kibumba et de Rumangabo, mais l\u2019arm\u00e9e congolaise d\u00e9nonce un leurre. Tenu \u00e0 l\u2019\u00e9cart des zones lib\u00e9r\u00e9es par les rebelles et pass\u00e9es sous le contr\u00f4le de l\u2019EACRF, le commandement des FARDC, qui esp\u00e9rait un mandat plus offensif pour cette force, peine \u00e0 masquer sa frustration. Les rebelles ont par ailleurs pris, le 26 janvier,&nbsp;<a href=\"https:\/\/www.jeuneafrique.com\/1413157\/politique\/en-rdc-le-m23-sempare-dune-nouvelle-ville-larmee-evoque-un-retrait-tactique\/\" target=\"_blank\" rel=\"noreferrer noopener\">le contr\u00f4le de Kitshanga<\/a>, dans le territoire de Masisi. Le 2 f\u00e9vrier, les combats se poursuivaient dans les environs de cette localit\u00e9 strat\u00e9gique sur la route de Goma.\u00c0 LIRE<a href=\"https:\/\/www.jeuneafrique.com\/1407173\/politique\/faut-il-croire-au-retrait-du-m23-dans-lest-de-la-rdc\/\">Faut-il croire au retrait du M23 dans l\u2019est de la RDC&nbsp;?<\/a><\/p>\n\n\n\n<p>Sur le plan diplomatique, la situation est \u00e9galement dans l\u2019impasse. La derni\u00e8re tentative de m\u00e9diation, pr\u00e9vue au Qatar le 23 janvier dernier, a finalement \u00e9t\u00e9 annul\u00e9e \u00e0 la derni\u00e8re minute,&nbsp;<strong>F\u00e9lix Tshisekedi<\/strong>&nbsp;ayant finalement d\u00e9cid\u00e9 de ne pas se rendre&nbsp;\u00e0&nbsp;Doha.<\/p>\n<div style=\"text-align:center\" class=\"wps-pgfw-pdf-generate-icon__wrapper-frontend\">\n\t\t<a href=\"https:\/\/congokin.blog?action=genpdf&amp;id=11402\" class=\"pgfw-single-pdf-download-button\" ><img src=\"https:\/\/congokin.blog\/wp-content\/plugins\/pdf-generator-for-wp\/admin\/src\/images\/PDF_Tray.svg\" title=\"G\u00e9n\u00e9rer un PDF\" style=\"width:auto; height:45px;\"><\/a>\n\t\t<\/div>","protected":false},"excerpt":{"rendered":"<p>POLITIQUE En RDC, imbroglio autour de l\u2019expulsion des officiers rwandais de la force r\u00e9gionale La Communaut\u00e9 de l\u2019Afrique de l\u2019Est (EAC) exige de la RDC \u00ab\u00a0des clarifications urgentes\u00a0\u00bb apr\u00e8s que Kinshasa a annonc\u00e9 le d\u00e9part \u00ab\u00a0pour raisons s\u00e9curitaires\u00a0\u00bb des officiers rwandais pr\u00e9sents dans le commandement de la force r\u00e9gionale. 3 f\u00e9vrier 2023 \u00e0 10:34 Par&nbsp;Romain [&hellip;]<\/p>\n","protected":false},"author":8,"featured_media":0,"comment_status":"open","ping_status":"closed","sticky":false,"template":"","format":"standard","meta":{"footnotes":""},"categories":[12,7,8],"tags":[],"class_list":["post-11402","post","type-post","status-publish","format-standard","hentry","category-opinions","category-politique","category-societe"],"_links":{"self":[{"href":"https:\/\/congokin.blog\/index.php?rest_route=\/wp\/v2\/posts\/11402","targetHints":{"allow":["GET"]}}],"collection":[{"href":"https:\/\/congokin.blog\/index.php?rest_route=\/wp\/v2\/posts"}],"about":[{"href":"https:\/\/congokin.blog\/index.php?rest_route=\/wp\/v2\/types\/post"}],"author":[{"embeddable":true,"href":"https:\/\/congokin.blog\/index.php?rest_route=\/wp\/v2\/users\/8"}],"replies":[{"embeddable":true,"href":"https:\/\/congokin.blog\/index.php?rest_route=%2Fwp%2Fv2%2Fcomments&post=11402"}],"version-history":[{"count":1,"href":"https:\/\/congokin.blog\/index.php?rest_route=\/wp\/v2\/posts\/11402\/revisions"}],"predecessor-version":[{"id":11403,"href":"https:\/\/congokin.blog\/index.php?rest_route=\/wp\/v2\/posts\/11402\/revisions\/11403"}],"wp:attachment":[{"href":"https:\/\/congokin.blog\/index.php?rest_route=%2Fwp%2Fv2%2Fmedia&parent=11402"}],"wp:term":[{"taxonomy":"category","embeddable":true,"href":"https:\/\/congokin.blog\/index.php?rest_route=%2Fwp%2Fv2%2Fcategories&post=11402"},{"taxonomy":"post_tag","embeddable":true,"href":"https:\/\/congokin.blog\/index.php?rest_route=%2Fwp%2Fv2%2Ftags&post=11402"}],"curies":[{"name":"wp","href":"https:\/\/api.w.org\/{rel}","templated":true}]}}