{"id":11406,"date":"2023-02-06T23:46:09","date_gmt":"2023-02-06T23:46:09","guid":{"rendered":"https:\/\/congokin.blog\/?p=11406"},"modified":"2023-02-06T23:46:09","modified_gmt":"2023-02-06T23:46:09","slug":"a-kinshasa-hadja-lahbib-a-decouvert-la-mobilisation-patriotique-face-a-la-guerre-et-le-desarroi","status":"publish","type":"post","link":"https:\/\/congokin.blog\/?p=11406","title":{"rendered":"A Kinshasa, Hadja Lahbib a d\u00e9couvert la mobilisation patriotique face \u00e0 la guerre et le d\u00e9sarroi"},"content":{"rendered":"\n<h1 class=\"wp-block-heading\">A Kinshasa, Hadja Lahbib a d\u00e9couvert la mobilisation patriotique face \u00e0 la guerre et le d\u00e9sarroi<\/h1>\n\n\n\n<p>La ministre des Affaires \u00e9trang\u00e8res a pris la mesure des inqui\u00e9tudes que suscite le conflit qui s\u2019aggrave au Nord-Kivu et pourrait d\u00e9boucher sur une guerre ouverte entre Kinshasa et son voisin rwandais.&nbsp;Article r\u00e9serv\u00e9 aux abonn\u00e9s<\/p>\n\n\n\n<figure class=\"wp-block-image\"><img decoding=\"async\" src=\"https:\/\/www.lesoir.be\/sites\/default\/files\/dpistyles_v2\/ls_16_9_864w\/2023\/02\/05\/node_493359\/29856422\/public\/2023\/02\/05\/B9733395041Z.1_20230205190418_000+GL9M5CJ4C.2-0.jpg?itok=Vwb-bvgu1675628310\" alt=\"POLITICS FOREIGN MINISTER MISSION CONGO FRIDAY (2)\"\/><figcaption class=\"wp-element-caption\">BELGA<\/figcaption><\/figure>\n\n\n\n<figure class=\"wp-block-image\"><img decoding=\"async\" src=\"https:\/\/www.lesoir.be\/sites\/default\/files\/dpistyles\/thumbnail\/taxonomy_term_26702\/27740458\/public\/thumbnails\/image\/201006colettebraeckman.jpg?itok=srG7EW6q1601993802\" alt=\"Colette Braeckman\"\/><\/figure>\n\n\n\n<p>Journaliste au service MondePar&nbsp;<a href=\"https:\/\/www.lesoir.be\/26702\/dpi-authors\/colette-braeckman\">Colette Braeckman<\/a>Publi\u00e9 le 5\/02\/2023 \u00e0 19:04&nbsp;Temps de lecture: 6 min<\/p>\n\n\n\n<p>Le pessimisme de l\u2019intelligence et l\u2019optimisme de la volont\u00e9&nbsp;\u00bb\u2026 Cette phrase de Gramci pourrait r\u00e9sumer le p\u00e9riple de la ministre des Affaires \u00e9trang\u00e8res Hadja Lahbib&nbsp;: en Angola comme \u00e0 Kinshasa, elle a d\u00e9couvert combien la Belgique demeurait pr\u00e9sente dans les souvenirs mais surtout dans les attentes de ses interlocuteurs. Mais elle a aussi pris la mesure des inqui\u00e9tudes que suscite le conflit qui s\u2019aggrave au Nord-Kivu et pourrait d\u00e9boucher sur une guerre ouverte entre Kinshasa et son voisin rwandais.<\/p>\n\n\n\n<p>Le mini-sommet qui a r\u00e9uni \u00e0 Bujumbura les chefs d\u2019Etat de la r\u00e9gion, dont Paul Kagame et F\u00e9lix Tshisekedi \u2013 qui se sont regard\u00e9s en chiens de fa\u00efence \u2013 n\u2019a rassur\u00e9 personne, bien au contraire&nbsp;: il a confirm\u00e9 que la force militaire d\u00e9ploy\u00e9e au Nord-Kivu par la communaut\u00e9 est africaine (EAC) est en passe de suivre les traces de la Monusco (la mission de paix des Nations unies au Congo), qui pr\u00e9pare son d\u00e9part apr\u00e8s deux d\u00e9cennies de pr\u00e9sence.<\/p>\n\n\n\n<p>En effet, alors que Kinshasa esp\u00e9rait qu\u2019un appui militaire r\u00e9gional permettrait de d\u00e9faire le mouvement rebelle M23 qui coupe d\u00e9sormais tous les acc\u00e8s \u00e0 la ville de Goma, les Congolais constatent que cette force africaine se contente, elle aussi, d\u2019observer sans livrer bataille&nbsp;; elle discute avec le M23, ne restitue pas \u00e0 l\u2019arm\u00e9e congolaise les positions reprises aux rebelles et comporte m\u00eame en son sein des officiers rwandais, alors que Kigali est partie prenante dans le conflit.<\/p>\n\n\n\n<p>&nbsp;<strong>\u00c0 lire aussi<\/strong>&nbsp;<a href=\"https:\/\/www.lesoir.be\/474626\/article\/2022-11-02\/le-congo-na-dautre-ami-que-lui-meme\">Le Congo n\u2019a d\u2019autre ami que lui-m\u00eame<\/a><\/p>\n\n\n\n<p>Le recours \u00e0 cette force r\u00e9gionale africaine, initialement d\u00e9cid\u00e9 par le pr\u00e9sident Tshisekedi, lui est de plus en plus reproch\u00e9&nbsp;: \u00ab&nbsp;Les Etats d\u2019Afrique de l\u2019Est, proches du Rwanda, sont de faux alli\u00e9s&nbsp;\u00bb, nous d\u00e9clare le pr\u00e9sident de l\u2019Assembl\u00e9e nationale Mboso, \u00ab&nbsp;c\u2019est en Afrique australe, Afrique du Sud, Angola, Namibie que le Congo compte ses vrais amis\u2026&nbsp;\u00bb<\/p>\n\n\n\n<h2 class=\"wp-block-heading\">\u00ab&nbsp;Une p\u00e9riode de transition avec Mukwege&nbsp;\u00bb<\/h2>\n\n\n\n<p>Le pr\u00e9sident angolais Joao Louren\u00e7o a d\u2019ailleurs confirm\u00e9 \u00e0 Mme Lahbib qu\u2019il demeurait dispos\u00e9 \u00e0 relancer sa m\u00e9diation, appel\u00e9e le \u00ab&nbsp;processus de Luanda&nbsp;\u00bb. Cependant, tant les \u00ab&nbsp;vrais amis&nbsp;\u00bb historiques du Congo que les alli\u00e9s de circonstance qui lorgnent le march\u00e9 congolais et les ressources mini\u00e8res du pays, se posent des questions sur la fiabilit\u00e9 du processus de d\u00e9cision \u00e0 Kinshasa. Alors que la Belgique est bien d\u00e9cid\u00e9e \u00e0 demander \u00e0 l\u2019Europe d\u2019envoyer des observateurs lors des prochaines \u00e9lections afin d\u2019en garantir la fiabilit\u00e9, aucune demande claire n\u2019a encore \u00e9t\u00e9 formul\u00e9e par la RDC elle-m\u00eame, et cela alors que le temps presse. Beaucoup se demandent m\u00eame si, dans le contexte actuel, les \u00e9lections pourront avoir lieu d\u2019ici fin d\u00e9cembre 2023. L\u2019opposant Martin Fayulu, qui se pr\u00e9sente toujours comme le v\u00e9ritable vainqueur du dernier scrutin, nous d\u00e9clare que \u00ab&nbsp;de toute fa\u00e7on, \u00e9lections ou pas, le mandat de F\u00e9lix Tshisekedi prendra fin le 23 janvier 2024, jour anniversaire de son investiture. Nous pourrions alors entrer dans une p\u00e9riode de transition, le temps d\u2019organiser des \u00e9lections r\u00e9ellement d\u00e9mocratiques. Une personnalit\u00e9 comme le Docteur Mukwege pourrait \u00eatre port\u00e9e au pouvoir le temps de cette transition\u2026&nbsp;\u00bb<\/p>\n\n\n\n<p>&nbsp;<strong>\u00c0 lire aussi<\/strong>&nbsp;<a href=\"https:\/\/www.lesoir.be\/493146\/article\/2023-02-03\/en-rd-congo-le-double-defi-de-preparer-des-elections-en-temps-de-guerre\">En RD Congo, le double d\u00e9fi de pr\u00e9parer des \u00e9lections en temps de guerre<\/a><\/p>\n\n\n\n<p>Aux questions politiques s\u2019ajoutent les soup\u00e7ons. Le Rwanda est accus\u00e9 d\u2019avoir soutenu le M23 parce qu\u2019en r\u00e9alit\u00e9 ses int\u00e9r\u00eats \u00e9conomiques avaient \u00e9t\u00e9 compromis par la r\u00e9vocation d\u2019accords qui avaient \u00e9t\u00e9 conclus avec Tshisekedi au lendemain de l\u2019\u00e9lection de ce dernier. Aujourd\u2019hui, une bonne partie de l\u2019or du Kivu et de l\u2019Ituri prend la direction de l\u2019Ouganda et une nouvelle raffinerie d\u2019or, Primera, s\u2019est ouverte \u00e0 Bukavu avec le financement des Emirats arabes unis. \u00ab&nbsp;C\u2019est tout b\u00e9n\u00e9fice pour le Congo&nbsp;\u00bb, assure le ministre de l\u2019Information Patrick Muyaya, \u00ab&nbsp;36 kilos d\u2019or ont \u00e9t\u00e9 raffin\u00e9s chez nous en trois mois, contre les 26 kilos qui se dirigeaient nagu\u00e8re vers le Rwanda en un an\u2026&nbsp;\u00bb Comment ne pas songer que si ce \u00ab&nbsp;shift&nbsp;\u00bb a g\u00e9n\u00e9r\u00e9 de nouvelles ressources financi\u00e8res pour le Congo, il a aussi \u00e9t\u00e9 l\u2019une des causes de la guerre&nbsp;?<\/p>\n\n\n\n<h2 class=\"wp-block-heading\">La radicalisation de l\u2019opinion congolaise est frappante<\/h2>\n\n\n\n<p>Si les \u00ab&nbsp;discours de haine&nbsp;\u00bb \u00e0 l\u2019encontre des Tutsis congolais n\u2019ont pas \u2013 encore \u2013 le caract\u00e8re officiel de la tristement c\u00e9l\u00e8bre Radio des Mille Collines qui galvanisa les ex\u00e9cutants du g\u00e9nocide au Rwanda, la radicalisation de l\u2019opinion congolaise est frappante&nbsp;: depuis le tir venu du Rwanda qui frappa un avion militaire Sukhoi en phase d\u2019atterrissage \u00e0 Goma, il est sugg\u00e9r\u00e9 d\u2019interdire le survol du vaste Congo aux avions de la compagnie a\u00e9rienne Rwandair&nbsp;; des milliers de jeunes Congolais s\u2019enr\u00f4lent volontairement pour d\u00e9fendre leur pays (et on n\u2019ose penser au jour o\u00f9 ces adolescents mal arm\u00e9s et sous-\u00e9quip\u00e9s seront envoy\u00e9s au casse-pipe\u2026), la d\u00e9nonciation par le Pape d\u2019un \u00ab&nbsp;g\u00e9nocide oubli\u00e9&nbsp;\u00bb au Congo a \u00e9t\u00e9 salu\u00e9e \u00e0 l\u2019unanimit\u00e9.<\/p>\n\n\n\n<p>&nbsp;<strong>\u00c0 lire aussi<\/strong>&nbsp;<a href=\"https:\/\/www.lesoir.be\/487574\/article\/2023-01-08\/la-guerre-lest-du-congo-sinternationalise\">La guerre \u00e0 l\u2019est du Congo s\u2019internationalise<\/a><\/p>\n\n\n\n<p>Si cette pouss\u00e9e de nationalisme pourrait b\u00e9n\u00e9ficier au pr\u00e9sident sortant (\u00e0 condition que sa sinc\u00e9rit\u00e9 ne soit pas mise en cause), elle a d\u00e9j\u00e0 d\u2019autres effets&nbsp;: sur le terrain, des t\u00e9moins confirment que des milices tribales, Mai Mai et autres, combattent les rebelles aux c\u00f4t\u00e9s des Forces arm\u00e9es congolaises sinon \u00e0 leur place et il est possible que ces groupes aient \u00e9t\u00e9 rejoints par des combattants hutus rwandais anim\u00e9s par la haine des Tutsis.<\/p>\n\n\n\n<h2 class=\"wp-block-heading\">Kinshasa fait barrage \u00e0 la propagande russe<\/h2>\n\n\n\n<p>Patrick Muyaya r\u00e9cuse toute connivence avec les Hutus des FDLR mais il reconna\u00eet l\u2019influence croissante des r\u00e9seaux sociaux dans la radicalisation de la jeunesse&nbsp;: \u00ab&nbsp;Nous avons interdit \u00e0 Nathalie Yamb et \u00e0 Semi Keba (deux blogueurs devenus c\u00e9l\u00e8bres en Afrique de l\u2019Ouest pour leurs diatribes anti-fran\u00e7aises) de diffuser au Congo, mais malgr\u00e9 cela ils demeurent tr\u00e8s suivis&nbsp;\u00bb. A la propagande russe aussi, Kinshasa tente de faire barrage et bloque l\u2019acc\u00e8s \u00e0 certains sites, mais l\u2019Occident qui n\u2019aurait d\u2019yeux que pour l\u2019Ukraine est de plus en plus accus\u00e9 d\u2019\u00eatre indiff\u00e9rent \u00e0 la d\u00e9stabilisation et au pillage du Congo.<\/p>\n\n\n\n<p>C\u2019est pour cela que ce lundi en Conseil europ\u00e9en, Hadja Lahbib t\u00e9moignera de l\u2019urgence congolaise et elle compte bien obtenir 20 millions de dollars pour soutenir la formation de la 31e brigade que la Belgique entra\u00eene \u00e0 Kindu.<\/p>\n\n\n\n<p>L\u2019accueil que la ministre des Affaires \u00e9trang\u00e8res a re\u00e7u \u00e0 Kinshasa en est la preuve&nbsp;: si la Belgique, vigilante sur le processus d\u00e9mocratique et la gouvernance, demeure bien accept\u00e9e par les Congolais (\u00e0 l\u2019inverse de la France dans certaines de ses anciennes colonies comme le Mali et le Burkina Faso), c\u2019est aussi parce que son aide est effective et son plaidoyer constant. Comme ses pr\u00e9d\u00e9cesseurs sinon plus encore, Mme Lahbib, qui rencontra aussi l\u2019association des m\u00e9tis, ces \u00ab&nbsp;enfants laiss\u00e9s par les Belges&nbsp;\u00bb, entend bien maintenir le Congo \u00e0 l\u2019agenda.<\/p>\n<div style=\"text-align:center\" class=\"wps-pgfw-pdf-generate-icon__wrapper-frontend\">\n\t\t<a href=\"https:\/\/congokin.blog?action=genpdf&amp;id=11406\" class=\"pgfw-single-pdf-download-button\" ><img src=\"https:\/\/congokin.blog\/wp-content\/plugins\/pdf-generator-for-wp\/admin\/src\/images\/PDF_Tray.svg\" title=\"G\u00e9n\u00e9rer un PDF\" style=\"width:auto; height:45px;\"><\/a>\n\t\t<\/div>","protected":false},"excerpt":{"rendered":"<p>A Kinshasa, Hadja Lahbib a d\u00e9couvert la mobilisation patriotique face \u00e0 la guerre et le d\u00e9sarroi La ministre des Affaires \u00e9trang\u00e8res a pris la mesure des inqui\u00e9tudes que suscite le conflit qui s\u2019aggrave au Nord-Kivu et pourrait d\u00e9boucher sur une guerre ouverte entre Kinshasa et son voisin rwandais.&nbsp;Article r\u00e9serv\u00e9 aux abonn\u00e9s Journaliste au service MondePar&nbsp;Colette [&hellip;]<\/p>\n","protected":false},"author":9,"featured_media":0,"comment_status":"open","ping_status":"closed","sticky":false,"template":"","format":"standard","meta":{"footnotes":""},"categories":[7,8],"tags":[],"class_list":["post-11406","post","type-post","status-publish","format-standard","hentry","category-politique","category-societe"],"_links":{"self":[{"href":"https:\/\/congokin.blog\/index.php?rest_route=\/wp\/v2\/posts\/11406","targetHints":{"allow":["GET"]}}],"collection":[{"href":"https:\/\/congokin.blog\/index.php?rest_route=\/wp\/v2\/posts"}],"about":[{"href":"https:\/\/congokin.blog\/index.php?rest_route=\/wp\/v2\/types\/post"}],"author":[{"embeddable":true,"href":"https:\/\/congokin.blog\/index.php?rest_route=\/wp\/v2\/users\/9"}],"replies":[{"embeddable":true,"href":"https:\/\/congokin.blog\/index.php?rest_route=%2Fwp%2Fv2%2Fcomments&post=11406"}],"version-history":[{"count":1,"href":"https:\/\/congokin.blog\/index.php?rest_route=\/wp\/v2\/posts\/11406\/revisions"}],"predecessor-version":[{"id":11407,"href":"https:\/\/congokin.blog\/index.php?rest_route=\/wp\/v2\/posts\/11406\/revisions\/11407"}],"wp:attachment":[{"href":"https:\/\/congokin.blog\/index.php?rest_route=%2Fwp%2Fv2%2Fmedia&parent=11406"}],"wp:term":[{"taxonomy":"category","embeddable":true,"href":"https:\/\/congokin.blog\/index.php?rest_route=%2Fwp%2Fv2%2Fcategories&post=11406"},{"taxonomy":"post_tag","embeddable":true,"href":"https:\/\/congokin.blog\/index.php?rest_route=%2Fwp%2Fv2%2Ftags&post=11406"}],"curies":[{"name":"wp","href":"https:\/\/api.w.org\/{rel}","templated":true}]}}