{"id":11427,"date":"2023-02-08T06:11:18","date_gmt":"2023-02-08T06:11:18","guid":{"rendered":"https:\/\/congokin.blog\/?p=11427"},"modified":"2023-02-08T06:13:39","modified_gmt":"2023-02-08T06:13:39","slug":"11427","status":"publish","type":"post","link":"https:\/\/congokin.blog\/?p=11427","title":{"rendered":"RDC : Goma s\u2019embrase dangereusement\ufffc"},"content":{"rendered":"\n<h1 class=\"wp-block-heading\">RDC : Goma s\u2019embrase dangereusement<\/h1>\n\n\n\n<ul class=\"wp-block-list\">\n<li>Dans&nbsp;Soci\u00e9t\u00e9<\/li>\n\n\n\n<li>6 f\u00e9vrier 2023<\/li>\n\n\n\n<li>Hubert Leclercq<\/li>\n\n\n\n<li>1029 Vues<\/li>\n<\/ul>\n\n\n\n<figure class=\"wp-block-image\"><a href=\"https:\/\/afrique.lalibre.be\/app\/uploads\/2023\/02\/goma2-787x590.jpg\"><img decoding=\"async\" src=\"https:\/\/afrique.lalibre.be\/app\/uploads\/2023\/02\/goma2-690x450.jpg\" alt=\"RDC : Goma s\u2019embrase dangereusement\" title=\"\"\/><\/a><\/figure>\n\n\n\n<h3 class=\"wp-block-heading\">Diff\u00e9rents mouvements de la soci\u00e9t\u00e9 civile congolaise avaient annonc\u00e9 que Goma serait une \u00ab&nbsp;ville morte &nbsp;\u00bb pendant toute cette semaine.<\/h3>\n\n\n\n<p>D\u00e8s la fin du week-end et du sommet des chefs d\u2019\u00c9tat de l\u2019East african Community \u00e0 Bujumbura, au Burundi, les mouvements de col\u00e8re ont explos\u00e9 dans plusieurs villes du Nord Kivu.<\/p>\n\n\n\n<p>Goma, la capitale, a concentr\u00e9 l\u2019attention mais d\u2019autres villes, comme Sake, sur le lac Kivu (ville consid\u00e9r\u00e9e comme le prochain objectif du M23), ont aussi manifest\u00e9 leur col\u00e8re vis-\u00e0-vis des troupes \u00e9trang\u00e8res jug\u00e9es incapables de mettre un terme aux actions des groupes rebelles quand elles ne sont pas accus\u00e9es de collaborer avec ces troupes.<\/p>\n\n\n\n<p>A Sake, un convoi de la Monusco a \u00e9t\u00e9 caillass\u00e9. A Goma, les manifestants ont couvert de pierres les principaux axes routiers de la ville, emp\u00eachant ainsi pratiquement toute circulation.<\/p>\n\n\n\n<p>Si la Monusco est dans le viseur des manifestants, les troupes des pays voisins de l\u2019East african Community (EAC) ne sont plus \u00e9pargn\u00e9es. M\u00eames constats et m\u00eames griefs. Les troupes k\u00e9nyanes ou ougandaises sont ainsi prises \u00e0 partie&nbsp;<em>\u00ab&nbsp;par une population civile qui voit d\u00e9filer sous ses yeux de plus en plus de troupes \u00e9trang\u00e8res sans que leur quotidien n\u2019en soit am\u00e9lior\u00e9&nbsp;\u00bb,<\/em>&nbsp;explique le papa d\u2019un jeune activiste tr\u00e8s actif dans la ville.&nbsp;<em>\u00ab&nbsp;Bien s\u00fbr, j\u2019ai peur pour lui. Bien s\u00fbr, je sais que c\u2019est dangereux, qu\u2019il y a souvent des balles qui se perdent quand la tension monte, mais nos jeunes en ont assez de voir ces militaires \u00e9trangers<\/em>&nbsp;<em>parader en ville&nbsp;\u00bb<\/em>.<\/p>\n\n\n\n<p>Les manifestants&nbsp;\u00e0 Goma ont expliqu\u00e9 qu\u2019ils ne voulaient plus voir les militaires onusiens ou ceux de l\u2019East african Community dans les rues de la ville. Ils ont pris \u00e0 t\u00e9moin le gouverneur militaire de la province, toujours sous \u00e9tat de si\u00e8ge, pour exiger que ces troupes \u00e9trang\u00e8res rejoignent les Forces arm\u00e9es de la RDC sur le front.<\/p>\n\n\n\n<p><strong>Fuite de Goma ?<\/strong><\/p>\n\n\n\n<p>Selon plusieurs sources, face \u00e0 ces tensions r\u00e9p\u00e9t\u00e9es, la Monusco pourrait \u00eatre tent\u00e9e \u2013 certains mouvements semblent l\u2019attester \u2013 de se replier sur Uvira. Plusieurs dizaines de policiers onusiens y seraient d\u00e9j\u00e0 arriv\u00e9s.&nbsp;<em>\u00ab&nbsp;C\u2019est un comble, la Monusco qui est au Congo pour prot\u00e9ger la population se met \u00e0 fuire les villes et \u00e0 se r\u00e9fugier au milieu de nulle part parce qu\u2019elle se fait caillasser par cette m\u00eame population&nbsp;\u00bb<\/em>, explique un observateur install\u00e9 dans la r\u00e9gion. \u00ab&nbsp;<em>Du coups, ces troupes sont encore moins efficaces et donc plus facilement prises pour cible par les Congolais eux -m\u00eames&nbsp;\u00bb<\/em>.<\/p>\n\n\n\n<p>Dans ce contexte de lassitude et d\u2019exasp\u00e9ration des manifestants congolais de Goma ont avanc\u00e9 ce lundi en direction du poste fronti\u00e8re rwandais. Les policiers rwandais ont ouvert le feu pour les emp\u00eacher d\u2019avancer.<\/p>\n\n\n\n<figure class=\"wp-block-embed is-type-video is-provider-youtube wp-block-embed-youtube wp-embed-aspect-16-9 wp-has-aspect-ratio\"><div class=\"wp-block-embed__wrapper\">\n<iframe loading=\"lazy\" title=\"6 f\u00e9vrier 2023\" width=\"640\" height=\"360\" src=\"https:\/\/www.youtube.com\/embed\/K4MIZNG_RaY?feature=oembed\" frameborder=\"0\" allow=\"accelerometer; autoplay; clipboard-write; encrypted-media; gyroscope; picture-in-picture; web-share\" referrerpolicy=\"strict-origin-when-cross-origin\" allowfullscreen><\/iframe>\n<\/div><\/figure>\n\n\n\n<p>Dans la ville de Goma des sc\u00e8nes de pillage ont \u00e9t\u00e9 observ\u00e9es et film\u00e9es. Ces images montrent notamment des jeunes manifestants en train de piller la boutique d\u2019un commer\u00e7ant dont le crime serait son origine tutsie. &nbsp;Les discours racistes et de haine se multiplient dangereusement dans cet Est congolais o\u00f9 l\u2019action de l\u2019\u00c9tat est tout \u00e0 fait absente.<\/p>\n<div style=\"text-align:center\" class=\"wps-pgfw-pdf-generate-icon__wrapper-frontend\">\n\t\t<a href=\"https:\/\/congokin.blog?action=genpdf&amp;id=11427\" class=\"pgfw-single-pdf-download-button\" ><img src=\"https:\/\/congokin.blog\/wp-content\/plugins\/pdf-generator-for-wp\/admin\/src\/images\/PDF_Tray.svg\" title=\"G\u00e9n\u00e9rer un PDF\" style=\"width:auto; height:45px;\"><\/a>\n\t\t<\/div>","protected":false},"excerpt":{"rendered":"<p>RDC : Goma s\u2019embrase dangereusement Diff\u00e9rents mouvements de la soci\u00e9t\u00e9 civile congolaise avaient annonc\u00e9 que Goma serait une \u00ab&nbsp;ville morte &nbsp;\u00bb pendant toute cette semaine. D\u00e8s la fin du week-end et du sommet des chefs d\u2019\u00c9tat de l\u2019East african Community \u00e0 Bujumbura, au Burundi, les mouvements de col\u00e8re ont explos\u00e9 dans plusieurs villes du Nord [&hellip;]<\/p>\n","protected":false},"author":9,"featured_media":0,"comment_status":"open","ping_status":"closed","sticky":false,"template":"","format":"standard","meta":{"footnotes":""},"categories":[1],"tags":[],"class_list":["post-11427","post","type-post","status-publish","format-standard","hentry","category-uncategorized"],"_links":{"self":[{"href":"https:\/\/congokin.blog\/index.php?rest_route=\/wp\/v2\/posts\/11427","targetHints":{"allow":["GET"]}}],"collection":[{"href":"https:\/\/congokin.blog\/index.php?rest_route=\/wp\/v2\/posts"}],"about":[{"href":"https:\/\/congokin.blog\/index.php?rest_route=\/wp\/v2\/types\/post"}],"author":[{"embeddable":true,"href":"https:\/\/congokin.blog\/index.php?rest_route=\/wp\/v2\/users\/9"}],"replies":[{"embeddable":true,"href":"https:\/\/congokin.blog\/index.php?rest_route=%2Fwp%2Fv2%2Fcomments&post=11427"}],"version-history":[{"count":3,"href":"https:\/\/congokin.blog\/index.php?rest_route=\/wp\/v2\/posts\/11427\/revisions"}],"predecessor-version":[{"id":11431,"href":"https:\/\/congokin.blog\/index.php?rest_route=\/wp\/v2\/posts\/11427\/revisions\/11431"}],"wp:attachment":[{"href":"https:\/\/congokin.blog\/index.php?rest_route=%2Fwp%2Fv2%2Fmedia&parent=11427"}],"wp:term":[{"taxonomy":"category","embeddable":true,"href":"https:\/\/congokin.blog\/index.php?rest_route=%2Fwp%2Fv2%2Fcategories&post=11427"},{"taxonomy":"post_tag","embeddable":true,"href":"https:\/\/congokin.blog\/index.php?rest_route=%2Fwp%2Fv2%2Ftags&post=11427"}],"curies":[{"name":"wp","href":"https:\/\/api.w.org\/{rel}","templated":true}]}}