{"id":11498,"date":"2023-02-19T16:59:39","date_gmt":"2023-02-19T16:59:39","guid":{"rendered":"https:\/\/congokin.blog\/?p=11498"},"modified":"2023-02-19T16:59:40","modified_gmt":"2023-02-19T16:59:40","slug":"lua-demande-le-cantonnement-et-le-desarmement-du-m23-sous-le-controle-des-autorites-de-la-rdc","status":"publish","type":"post","link":"https:\/\/congokin.blog\/?p=11498","title":{"rendered":"L\u2019UA demande le cantonnement et le d\u00e9sarmement du M23 sous le contr\u00f4le des autorit\u00e9s de la RDC"},"content":{"rendered":"\n<h1 class=\"wp-block-heading\">L\u2019UA demande le cantonnement et le d\u00e9sarmement du M23 sous le contr\u00f4le des autorit\u00e9s de la RDC et d\u2019autres organisations<\/h1>\n\n\n\n<p>Publi\u00e9 le sam, 18\/02\/2023 &#8211; 15:45 | Modifi\u00e9 le sam, 18\/02\/2023 &#8211; 15:45<\/p>\n\n\n\n<p>share<\/p>\n\n\n\n<p>tweet<\/p>\n\n\n\n<p>Facebook\u00a0Twitter\u00a0\u00a0<a href=\"https:\/\/www.addtoany.com\/share#url=https%3A%2F%2Fwww.radiookapi.net%2F2023%2F02%2F18%2Factualite%2Fsecurite%2Flua-demande-le-cantonnement-et-le-desarmement-du-m23-sous-le-controle&amp;title=L%E2%80%99UA%20demande%20le%20cantonnement%20et%20le%20d%C3%A9sarmement%20du%20M23%20sous%20le%20contr%C3%B4le%20des%20autorit%C3%A9s%20de%20la%20RDC%20et%20d%E2%80%99autres%20organisations\"><\/a><\/p>\n\n\n\n<p><img decoding=\"async\" src=\"https:\/\/photos.radiookapi.net\/picture\/20230217111101853362_Felix_UA.jpg?imgmax=500\"><\/p>\n\n\n\n<p>Felix Tshisekedi au sommet de l&rsquo;Union Africaine, ce vendredi 17 f\u00e9vrier 2023, en Ethiopie.<br>photo pr\u00e9sidence RDC<\/p>\n\n\n\n<p>Le Conseil de paix et de s\u00e9curit\u00e9 (CPS) de l&rsquo;Union africaine (UA) a demand\u00e9 le cantonnement et le d\u00e9sarmement du M23 sous le contr\u00f4le des autorit\u00e9s de la RDC et la supervision de la Force r\u00e9gionale de l\u2019EAC et du M\u00e9canisme de v\u00e9rification ad hoc, avec la collaboration de la Mission de stabilisation de l&rsquo;Organisation des Nations unies en R\u00e9publique d\u00e9mocratique du Congo (MONUSCO). Cette demande a \u00e9t\u00e9 faite lors de sa 1140e r\u00e9union tenue au niveau des chefs d&rsquo;\u00c9tat et de Gouvernement le 17 f\u00e9vrier 2023 sur l\u2019examen de la situation dans l&rsquo;Est de la R\u00e9publique d\u00e9mocratique du Congo (RDC).<\/p>\n\n\n\n<p>L\u2019UA souligne aussi la n\u00e9cessit\u00e9 de soutenir le m\u00e9canisme conjoint de v\u00e9rification \u00e9largi (MCVE).<\/p>\n\n\n\n<p>Elle exige que tous les groupes arm\u00e9s, en particulier le M23, ainsi que les ADF et les FDLR, cessent imm\u00e9diatement les hostilit\u00e9s et se retirent sans condition de l&rsquo;Est de la RDC. Et \u00e0 cet \u00e9gard, le Conseil de paix et de s\u00e9curit\u00e9 demande instamment la mise en \u0153uvre rapide des r\u00e9sultats des processus de Luanda et de Nairobi, ainsi que du Communiqu\u00e9 du mini-Sommet de Luanda du 23 novembre 2022.<\/p>\n\n\n\n<p>L\u2019UA \u00ab&nbsp;exprime sa profonde inqui\u00e9tude face \u00e0 l&rsquo;ins\u00e9curit\u00e9 qui r\u00e8gne et \u00e0 la d\u00e9t\u00e9rioration de la situation humanitaire et du d\u00e9veloppement socio-\u00e9conomique en raison de la violence et des violations des droits de l&rsquo;homme commises par les groupes arm\u00e9s et les forces n\u00e9gatives dans l&rsquo;Est de la RDC ; r\u00e9it\u00e8re sa ferme condamnation des violations des droits de l&rsquo;homme commises par le M23, ainsi que par les Forces d\u00e9mocratiques alli\u00e9es (ADF), les Forces d\u00e9mocratiques de lib\u00e9ration du Rwanda (FDLR) et d&rsquo;autres groupes arm\u00e9s&nbsp;\u00bb.<\/p>\n\n\n\n<p>Le Conseil de paix et de s\u00e9curit\u00e9 de l\u2019UA condamne fermement les r\u00e9centes attaques contre la MONUSCO, qui ont fait des victimes parmi les soldats de la paix et les civils, ainsi que l&rsquo;obstruction de l&rsquo;acc\u00e8s \u00e0 l&rsquo;aide humanitaire pour les populations dans le besoin.<\/p>\n\n\n\n<p>Il r\u00e9it\u00e8re ses appels \u00e0 la coop\u00e9ration, \u00e0 la coordination et \u00e0 la compl\u00e9mentarit\u00e9 des efforts entre la MONUSCO, les Forces arm\u00e9es de la R\u00e9publique d\u00e9mocratique du Congo (FARDC) et la Force r\u00e9gionale de l\u2019EAC.<\/p>\n<div style=\"text-align:center\" class=\"wps-pgfw-pdf-generate-icon__wrapper-frontend\">\n\t\t<a href=\"https:\/\/congokin.blog?action=genpdf&amp;id=11498\" class=\"pgfw-single-pdf-download-button\" ><img src=\"https:\/\/congokin.blog\/wp-content\/plugins\/pdf-generator-for-wp\/admin\/src\/images\/PDF_Tray.svg\" title=\"G\u00e9n\u00e9rer un PDF\" style=\"width:auto; height:45px;\"><\/a>\n\t\t<\/div>","protected":false},"excerpt":{"rendered":"<p>L\u2019UA demande le cantonnement et le d\u00e9sarmement du M23 sous le contr\u00f4le des autorit\u00e9s de la RDC et d\u2019autres organisations Publi\u00e9 le sam, 18\/02\/2023 &#8211; 15:45 | Modifi\u00e9 le sam, 18\/02\/2023 &#8211; 15:45 share tweet Facebook\u00a0Twitter\u00a0\u00a0 Felix Tshisekedi au sommet de l&rsquo;Union Africaine, ce vendredi 17 f\u00e9vrier 2023, en Ethiopie.photo pr\u00e9sidence RDC Le Conseil de [&hellip;]<\/p>\n","protected":false},"author":8,"featured_media":0,"comment_status":"open","ping_status":"closed","sticky":false,"template":"","format":"standard","meta":{"footnotes":""},"categories":[7,8],"tags":[],"class_list":["post-11498","post","type-post","status-publish","format-standard","hentry","category-politique","category-societe"],"_links":{"self":[{"href":"https:\/\/congokin.blog\/index.php?rest_route=\/wp\/v2\/posts\/11498","targetHints":{"allow":["GET"]}}],"collection":[{"href":"https:\/\/congokin.blog\/index.php?rest_route=\/wp\/v2\/posts"}],"about":[{"href":"https:\/\/congokin.blog\/index.php?rest_route=\/wp\/v2\/types\/post"}],"author":[{"embeddable":true,"href":"https:\/\/congokin.blog\/index.php?rest_route=\/wp\/v2\/users\/8"}],"replies":[{"embeddable":true,"href":"https:\/\/congokin.blog\/index.php?rest_route=%2Fwp%2Fv2%2Fcomments&post=11498"}],"version-history":[{"count":1,"href":"https:\/\/congokin.blog\/index.php?rest_route=\/wp\/v2\/posts\/11498\/revisions"}],"predecessor-version":[{"id":11499,"href":"https:\/\/congokin.blog\/index.php?rest_route=\/wp\/v2\/posts\/11498\/revisions\/11499"}],"wp:attachment":[{"href":"https:\/\/congokin.blog\/index.php?rest_route=%2Fwp%2Fv2%2Fmedia&parent=11498"}],"wp:term":[{"taxonomy":"category","embeddable":true,"href":"https:\/\/congokin.blog\/index.php?rest_route=%2Fwp%2Fv2%2Fcategories&post=11498"},{"taxonomy":"post_tag","embeddable":true,"href":"https:\/\/congokin.blog\/index.php?rest_route=%2Fwp%2Fv2%2Ftags&post=11498"}],"curies":[{"name":"wp","href":"https:\/\/api.w.org\/{rel}","templated":true}]}}