{"id":11510,"date":"2023-02-21T05:53:50","date_gmt":"2023-02-21T05:53:50","guid":{"rendered":"https:\/\/congokin.blog\/?p=11510"},"modified":"2023-02-21T05:53:50","modified_gmt":"2023-02-21T05:53:50","slug":"inspecteur-general-et-chef-de-service-de-ligfjules-alingete-doit-apprendre-a-se-mefier-des-cadeaux-grecs","status":"publish","type":"post","link":"https:\/\/congokin.blog\/?p=11510","title":{"rendered":"Inspecteur g\u00e9n\u00e9ral et chef de service de l\u2019IGFJules Alingete doit apprendre \u00e0 se m\u00e9fier \u00ab des cadeaux grecs \u00bb"},"content":{"rendered":"\n<h1 class=\"wp-block-heading\">Inspecteur g\u00e9n\u00e9ral et chef de service de l\u2019IGFJules Alingete doit apprendre \u00e0 se m\u00e9fier \u00ab des cadeaux grecs \u00bb<\/h1>\n\n\n\n<figure class=\"wp-block-image\"><img decoding=\"async\" src=\"https:\/\/secure.gravatar.com\/avatar\/d3796f76fc50616625322962ca762ed6?s=46&amp;d=mm&amp;r=g\" alt=\"Avatar of La R\u00e9daction\"\/><\/figure>\n\n\n\n<p>Published&nbsp;14 secondes ago<\/p>\n\n\n\n<p>on&nbsp;20 f\u00e9vrier 2023<\/p>\n\n\n\n<p>By&nbsp;<a href=\"https:\/\/zoom-eco.net\/author\/melkisbanza\/\">La R\u00e9daction<\/a><\/p>\n\n\n\n<figure class=\"wp-block-image\"><img decoding=\"async\" src=\"https:\/\/zoom-eco.net\/wp-content\/uploads\/2023\/01\/Jules-Alingete-la-corruption-en-RDC-est-bien-combattue-depuis-trois-ans-et-son-ampleur-se-re%CC%81duit-chaque-jour.jpeg\" alt=\"Jules Alingete la corruption en RDC est bien combattue depuis trois ans et son ampleur se r\u00e9duit chaque jour\"\/><\/figure>\n\n\n\n<p><\/p>\n\n\n\n<h3 class=\"wp-block-heading\">Tribune-Le 20 septembre 2022, pendant que se tenait \u00e0 New York la 77\u00e8me session ordinaire de l\u2019ONU, Jules Alingete recevait dans la m\u00eame ville le prix \u00ab Forbes Best of Africa 2022 \u00bb institu\u00e9 par le magazine am\u00e9ricain Forbes fond\u00e9 par Bertie Charles Forbes en 1917. Son si\u00e8ge social est situ\u00e9 sur la Cinqui\u00e8me Avenue \u00e0 New York. Son classement annuel identifie les entreprises les plus performantes et les personnalit\u00e9s les plus c\u00e9l\u00e8bres au monde.Fait du hasard ? Pas du tout parce qu\u2019en avril 2022, Jules Alingeke avait particip\u00e9 \u00e0 un Forum des investissements Nord-Sud organis\u00e9 par Anthony Lebukse \u00e0 Houston avec comme th\u00e8me \u00ab S\u2019inspirer du mod\u00e8le am\u00e9ricain pour booster l\u2019industrialisation de la zone Congo \u00bb.<\/h3>\n\n\n\n<p>L\u2019objectif affich\u00e9 \u00e9tait \u00ab le rapprochement entre les d\u00e9cideurs congolais et les investisseurs am\u00e9ricains, le mixage d\u2019opportunit\u00e9s d\u2019affaires entre les pays de l\u2019Am\u00e9rique du Nord et ceux du bassin du Congo, ainsi que le renforcement de la pr\u00e9sence \u00e9conomique am\u00e9ricaine au Congo \u00bb.<\/p>\n\n\n\n<p>Bien entendu, il avait \u00e9t\u00e9 question d\u2019exploitation mini\u00e8re en RDC avec, en toile de fond, la r\u00e9visitation du contrat sino-congolais.<\/p>\n\n\n\n<p>Au mois d\u2019ao\u00fbt 2022, de passage \u00e0 Kinshasa dans le cadre de la crise de l\u2019Est, le secr\u00e9taire d\u2019Etat am\u00e9ricain Anthony Blincken y avait fait allusion. Dans la d\u00e9claration du D\u00e9partement d\u2019Etat fixant l\u2019opinion sur cette visite, le porte-parole soulignait que \u00ab les \u00c9tats-Unis soutiennent la d\u00e9cision du Gouvernement de la RDC de revoir les contrats miniers et une plus grande responsabilisation dans le secteur \u00bb et encouragent \u00ab la RDC \u00e0 poursuivre sa collaboration et \u00e0 travailler sur la transparence fiscale, les droits du travail et le respect des normes environnementales, sociales et de gouvernance pour le secteur minier \u00bb.<\/p>\n\n\n\n<p>Pour ce faire, poursuit le porte-parole du D\u00e9partement d\u2019Etat, Washington mettait \u00e0 la disposition de Kinshasa 30 millions USD \u00ab pour aider la RDC \u00e0 promouvoir des pratiques mini\u00e8res responsables et durables \u00bb.<\/p>\n\n\n\n<p>Et voil\u00e0 qu\u2019en septembre 2022, en mission d\u2019enqu\u00eate de 60 jours dans l\u2019ex-Katanga, une \u00e9quipe de l\u2019IGF va non seulement convoquer hors-d\u00e9lai la Direction g\u00e9n\u00e9rale de la SICOMINES, mais en plus d\u00e9cider de la suspension des droits d\u2019exon\u00e9ration douani\u00e8re alors qu\u2019elle n\u2019en avait ni la comp\u00e9tence ni le droit.<br>O\u00f9 \u00e9tait-il, Jules Alingete, au moment o\u00f9 son \u00e9quipe violait toutes les r\u00e8gles \u00e9tablies ?<br>On vous le donne en mille : il se faisait offrir \u00e0 New York le fameux Prix \u00ab Forbes Best of Africa 2022 \u00bb. Encore fait du hasard ?<\/p>\n\n\n\n<p>Pendant que ceux qui peuvent r\u00e9pondre s\u2019y exercent, il y a lieu de relever le \u00ab suppl\u00e9ment d\u2019enqu\u00eate \u00bb exig\u00e9 par l\u2019IGF la veille du sommet \u00ab Etats-Unis\/Afrique \u00bb mi-d\u00e9cembre 2022.<\/p>\n\n\n\n<p>Le constat auquel toutes ces co\u00efncidences conduisent fait soup\u00e7onner dans la bravade de l\u2019IGF une main noire. Elle serait am\u00e9ricaine que personne ne s\u2019en douterait.<\/p>\n\n\n\n<p>En effet, depuis quasiment l\u2019annonce de la signature du contrat sino-congolais en 2007, Washington n\u2019a jamais appr\u00e9ci\u00e9 ce qu\u2019on consid\u00e8re comme une \u00ab intrusion chinoise \u00bb dans l\u2019exploitation mini\u00e8re en RDC, activit\u00e9 monopolis\u00e9e par les entreprises occidentales depuis plus d\u2019un si\u00e8cle.<br>Or, les congolais s\u2019en sont rendus compte par eux-m\u00eames : depuis les ann\u00e9es 1985, il n\u2019y a plus eu d\u2019investissements europ\u00e9ens ou am\u00e9ricains de grande envergure dans ce pays. Pire, la transition politique d\u00e9marr\u00e9e en 1990 avec le faux massacre d\u2019\u00e9tudiants survenu sur le campus de l\u2019universit\u00e9 de Lubumbashi (n\u00e9 en 1963, Jules Alingete avait 27 ans \u00e0 l\u2019\u00e9poque) avait entra\u00een\u00e9 la suspension de la coop\u00e9ration structurelle. Pis, la guerre de l\u2019AFDL suivie de l\u2019assassinat de Laurent-D\u00e9sir\u00e9 Kabila ainsi que de l\u2019av\u00e8nement de Joseph Kabila en pleine \u00ab balkanisation \u00bb \u2013 puisque chaque bellig\u00e9rant administrait en autonomie le territoire sous son contr\u00f4le \u2013 constituait pour les Occidentaux un bon pr\u00e9texte d\u2019accentuer le d\u00e9sinvestissement.<br>C\u2019est finalement le contrat sino-congolais qui a restitu\u00e9 la foi et requinqu\u00e9 le moral des congolais dans leur pays au grand dam, malheureusement des forces congolaises et \u00e9trang\u00e8res acquises au sch\u00e9ma du d\u00e9membrement.<br>De l\u00e0 \u00e0 supposer alors l\u2019instrumentalisation \u2013 peut-\u00eatre volontaire, peut-\u00eatre non volontaire \u2013 de l\u2019IGF pour punir les chinois d\u2019avoir emp\u00each\u00e9 le plan \u00ab balkanisation \u00bb de se r\u00e9aliser \u2013 il n\u2019y a qu\u2019un pas vite franchi.<br>De quoi inciter, ou plut\u00f4t exhorter Jules Alingete et tous ceux qui, de mani\u00e8re consciente ou inconsciente, ont particip\u00e9 \u00e0 la messe noire du 15 f\u00e9vrier 2023 pour \u00ab bouffer du chinois \u00bb, \u00e0 apprendre \u00e0 se m\u00e9fier du cadeau des Grecs des temps modernes.<\/p>\n\n\n\n<p><strong>S.M.<\/strong><\/p>\n<div style=\"text-align:center\" class=\"wps-pgfw-pdf-generate-icon__wrapper-frontend\">\n\t\t<a href=\"https:\/\/congokin.blog?action=genpdf&amp;id=11510\" class=\"pgfw-single-pdf-download-button\" ><img src=\"https:\/\/congokin.blog\/wp-content\/plugins\/pdf-generator-for-wp\/admin\/src\/images\/PDF_Tray.svg\" title=\"G\u00e9n\u00e9rer un PDF\" style=\"width:auto; height:45px;\"><\/a>\n\t\t<\/div>","protected":false},"excerpt":{"rendered":"<p>Inspecteur g\u00e9n\u00e9ral et chef de service de l\u2019IGFJules Alingete doit apprendre \u00e0 se m\u00e9fier \u00ab des cadeaux grecs \u00bb Published&nbsp;14 secondes ago on&nbsp;20 f\u00e9vrier 2023 By&nbsp;La R\u00e9daction Tribune-Le 20 septembre 2022, pendant que se tenait \u00e0 New York la 77\u00e8me session ordinaire de l\u2019ONU, Jules Alingete recevait dans la m\u00eame ville le prix \u00ab Forbes [&hellip;]<\/p>\n","protected":false},"author":9,"featured_media":0,"comment_status":"open","ping_status":"closed","sticky":false,"template":"","format":"standard","meta":{"footnotes":""},"categories":[5,6,7,8],"tags":[],"class_list":["post-11510","post","type-post","status-publish","format-standard","hentry","category-economie","category-justice","category-politique","category-societe"],"_links":{"self":[{"href":"https:\/\/congokin.blog\/index.php?rest_route=\/wp\/v2\/posts\/11510","targetHints":{"allow":["GET"]}}],"collection":[{"href":"https:\/\/congokin.blog\/index.php?rest_route=\/wp\/v2\/posts"}],"about":[{"href":"https:\/\/congokin.blog\/index.php?rest_route=\/wp\/v2\/types\/post"}],"author":[{"embeddable":true,"href":"https:\/\/congokin.blog\/index.php?rest_route=\/wp\/v2\/users\/9"}],"replies":[{"embeddable":true,"href":"https:\/\/congokin.blog\/index.php?rest_route=%2Fwp%2Fv2%2Fcomments&post=11510"}],"version-history":[{"count":1,"href":"https:\/\/congokin.blog\/index.php?rest_route=\/wp\/v2\/posts\/11510\/revisions"}],"predecessor-version":[{"id":11511,"href":"https:\/\/congokin.blog\/index.php?rest_route=\/wp\/v2\/posts\/11510\/revisions\/11511"}],"wp:attachment":[{"href":"https:\/\/congokin.blog\/index.php?rest_route=%2Fwp%2Fv2%2Fmedia&parent=11510"}],"wp:term":[{"taxonomy":"category","embeddable":true,"href":"https:\/\/congokin.blog\/index.php?rest_route=%2Fwp%2Fv2%2Fcategories&post=11510"},{"taxonomy":"post_tag","embeddable":true,"href":"https:\/\/congokin.blog\/index.php?rest_route=%2Fwp%2Fv2%2Ftags&post=11510"}],"curies":[{"name":"wp","href":"https:\/\/api.w.org\/{rel}","templated":true}]}}