{"id":11549,"date":"2023-02-26T13:04:37","date_gmt":"2023-02-26T13:04:37","guid":{"rendered":"https:\/\/congokin.blog\/?p=11549"},"modified":"2023-02-26T13:04:37","modified_gmt":"2023-02-26T13:04:37","slug":"la-russie-et-lukraine-sinvitent-aussi-sur-la-scene-africaine","status":"publish","type":"post","link":"https:\/\/congokin.blog\/?p=11549","title":{"rendered":"La Russie et l\u2019Ukraine s\u2019invitent aussi sur la sc\u00e8ne africaine"},"content":{"rendered":"\n<h1 class=\"wp-block-heading\">La Russie et l\u2019Ukraine s\u2019invitent aussi sur la sc\u00e8ne africaine<\/h1>\n\n\n\n<p>A l\u2019heure o\u00f9 chaque camp compte ses armes et les voix sur lesquelles il peut compter \u00e0 l\u2019ONU, l\u2019Afrique, bien malgr\u00e9 elle, est confront\u00e9e \u00e0 la guerre en Ukraine. Non pas \u00e0 cause du r\u00e9chauffement climatique, de la hausse du prix des denr\u00e9es alimentaires ou de la difficult\u00e9 d\u2019acc\u00e8s aux fertilisants, mais \u00e0 cause des votes d\u00e9compt\u00e9s \u00e0 l\u2019Assembl\u00e9e g\u00e9n\u00e9rale de l\u2019ONU et des craintes occidentales de voir un \u00ab&nbsp;nouveau front&nbsp;\u00bb s\u2019ouvrir au sud de l\u2019Equateur.&nbsp;Article r\u00e9serv\u00e9 aux abonn\u00e9s<\/p>\n\n\n\n<figure class=\"wp-block-image\"><img decoding=\"async\" src=\"https:\/\/www.lesoir.be\/sites\/default\/files\/dpistyles_v2\/ls_16_9_864w\/2023\/02\/24\/node_497276\/29909173\/public\/2023\/02\/24\/B9733544706Z.1_20230224175839_000+GTEM9NQC8.1-0.jpg?itok=YDN1tEp01677258190\" alt=\"Le ministre russe des Affaires \u00e9trang\u00e8res Sergue\u00ef Lavrov vient de boucler sa deuxi\u00e8me tourn\u00e9e dans les capitales africaines, tourn\u00e9e qui l\u2019a vu passer par Bamako o\u00f9 il a rencontr\u00e9 son homologue malien Abdoulaye Diop le 7 f\u00e9vrier dernier.\"\/><figcaption class=\"wp-element-caption\">Le ministre russe des Affaires \u00e9trang\u00e8res Sergue\u00ef Lavrov vient de boucler sa deuxi\u00e8me tourn\u00e9e dans les capitales africaines, tourn\u00e9e qui l\u2019a vu passer par Bamako o\u00f9 il a rencontr\u00e9 son homologue malien Abdoulaye Diop le 7 f\u00e9vrier dernier. &#8211; AFP.<\/figcaption><\/figure>\n\n\n\n<figure class=\"wp-block-image\"><img decoding=\"async\" src=\"https:\/\/www.lesoir.be\/sites\/default\/files\/dpistyles\/thumbnail\/taxonomy_term_26702\/27740458\/public\/thumbnails\/image\/201006colettebraeckman.jpg?itok=srG7EW6q1601993802\" alt=\"Colette Braeckman\"\/><\/figure>\n\n\n\n<p>Journaliste au service MondePar&nbsp;<a href=\"https:\/\/www.lesoir.be\/26702\/dpi-authors\/colette-braeckman\">Colette Braeckman<\/a>Publi\u00e9 le 24\/02\/2023 \u00e0 15:57&nbsp;Temps de lecture: 5 min<\/p>\n\n\n\n<p>C\u2019est le 2 mars 2022, lors du vote \u00e0 l\u2019Assembl\u00e9e g\u00e9n\u00e9rale de l\u2019ONU condamnant l\u2019agression russe en Ukraine et exigeant le retrait imm\u00e9diat des troupes de Poutine, que le d\u00e9compte des voix a provoqu\u00e9 la surprise&nbsp;: il a r\u00e9v\u00e9l\u00e9 que, sur un total de 35 abstentions, 17 \u00e9taient africaines et que huit Etats du continent avaient \u00e9vit\u00e9 de prendre part au scrutin, seule l\u2019Erythr\u00e9e ayant vot\u00e9 en faveur de Moscou. Depuis lors, l\u2019Union africaine a soigneusement \u00e9vit\u00e9 de donner la moindre consigne \u00e0 ses 54 Etats membres, pas plus qu\u2019elle n\u2019a ouvert le d\u00e9bat sur une \u00e9ventuelle position commune. Jeudi, le r\u00e9sultat du vote sur une nouvelle r\u00e9solution donnait quasiment le m\u00eame r\u00e9sultat.<\/p>\n\n\n\n<p>Est-ce \u00e0 dire que le continent africain ne se sent pas concern\u00e9, qu\u2019il choisit la neutralit\u00e9 ou prend garde \u00e0 ne pas indisposer les puissants protagonistes du conflit&nbsp;? Certainement pas, m\u00eame si l\u2019abstention de l\u2019Afrique relativise la port\u00e9e \u00ab&nbsp;mondiale&nbsp;\u00bb de cette guerre men\u00e9e sur le sol europ\u00e9en. En r\u00e9alit\u00e9, depuis un an, l\u2019Afrique d\u00e9couvre que si elle est plus courtis\u00e9e que jamais, les guerres qui la d\u00e9vastent \u00e9meuvent beaucoup moins la plan\u00e8te que le conflit russo-ukrainien. A plusieurs reprises, le secr\u00e9taire d\u2019Etat am\u00e9ricain Anthony Blinken s\u2019est rendu en Afrique et le ministre russe des Affaires \u00e9trang\u00e8res Lavrov vient de boucler sa deuxi\u00e8me tourn\u00e9e dans les capitales africaines. Mais \u00e0 chaque fois, les visiteurs entretiennent leurs h\u00f4tes du conflit qu\u2019ils m\u00e8nent plus qu\u2019ils ne s\u2019int\u00e9ressent aux d\u00e9fis du continent et aux guerres qui le d\u00e9chirent.<\/p>\n\n\n\n<p>&nbsp;<strong>\u00c0 lire aussi<\/strong>&nbsp;<a href=\"https:\/\/www.lesoir.be\/487574\/article\/2023-01-08\/la-guerre-lest-du-congo-sinternationalise\">La guerre \u00e0 l\u2019est du Congo s\u2019internationalise<\/a><\/p>\n\n\n\n<h2 class=\"wp-block-heading\">Echec de la France au Sahel<\/h2>\n\n\n\n<p>Par la bande cependant, c\u2019est un \u00ab&nbsp;grand jeu&nbsp;\u00bb qui se d\u00e9roule. Alors que Moscou avance ses pions, prenant \u00e0 revers les anciennes puissances coloniales, l\u2019Union europ\u00e9enne finit elle aussi par se sentir concern\u00e9e par le rejet de la France dans ses anciennes colonies et par les rumeurs qui font \u00e9tat d\u2019une avanc\u00e9e russe non seulement dans les pays du Sahel mais aussi en Afrique centrale.<\/p>\n\n\n\n<p>Au Mali, o\u00f9 l\u2019op\u00e9ration Barkhane s\u2019est sold\u00e9e par le retrait des forces fran\u00e7aises, l\u2019\u00e9chec militaire est cuisant, autant que le rejet de la France par les nouveaux ma\u00eetres du Burkina Faso tandis qu\u2019en Centrafrique, le pr\u00e9sident Touad\u00e9ra, qui a eu recours aux mercenaires du groupe paramilitaire Wagner, fait figure de pr\u00e9curseur. Malgr\u00e9 les efforts du pr\u00e9sident Macron qui rencontre la jeunesse et restitue des \u0153uvres d\u2019art, entre autres au B\u00e9nin, il est \u00e9vident qu\u2019une page se tourne et que l\u2019\u00e8re post-coloniale semble se terminer.<\/p>\n\n\n\n<p>C\u2019est pourquoi l\u2019Afrique centrale revient au centre du jeu, non seulement parce que ses ressources naturelles sont convoit\u00e9es, autant par les Etats-Unis que par l\u2019Europe ou la Chine, mais aussi parce qu\u2019elle n\u2019a pas encore choisi son camp et peut m\u00eame modifier sa position&nbsp;: c\u2019est ainsi que la ministre belge des Affaires \u00e9trang\u00e8res Hadja Lahbib a chaudement f\u00e9licit\u00e9 le pr\u00e9sident angolais Jo\u00e3o Louren\u00e7o d\u2019avoir condamn\u00e9 l\u2019intervention russe et cela alors que l\u2019Afrique du Sud, se souvenant de l\u2019appui sovi\u00e9tique \u00e0 la lutte contre le syst\u00e8me d\u2019apartheid, refuse toujours de bl\u00e2mer Moscou.<\/p>\n\n\n\n<p>&nbsp;<strong>\u00c0 lire aussi<\/strong>&nbsp;<a href=\"https:\/\/www.lesoir.be\/487612\/article\/2023-01-09\/ah-oui-le-congo-presque-oublie\">Ah oui, le Congo, presque oubli\u00e9\u2026<\/a><\/p>\n\n\n\n<h2 class=\"wp-block-heading\">Modification des fronti\u00e8res au Kivu, comme en Ukraine<\/h2>\n\n\n\n<p>Ses cons\u00e9quences humanitaires ayant \u00e9t\u00e9 longtemps sous-estim\u00e9es, autant que ses r\u00e9percussions r\u00e9gionales, la guerre au Nord-Kivu suscite d\u00e9sormais plus de r\u00e9actions&nbsp;: Josep Borrell, Haut Repr\u00e9sentant de l&rsquo;Union europ\u00e9enne pour les Affaires \u00e9trang\u00e8res, a demand\u00e9 clairement au Rwanda de cesser de soutenir le M23 et d\u2019\u00ab&nbsp;user de toute son influence&nbsp;\u00bb sur les rebelles, ce qui repr\u00e9sente un d\u00e9licat euph\u00e9misme eu \u00e9gard aux nombreux rapports et t\u00e9moignages qui font \u00e9tat de la pr\u00e9sence de l\u2019arm\u00e9e rwandaise sur le terrain, toujours d\u00e9mentie par Kigali.<\/p>\n\n\n\n<p>Malgr\u00e9 cette lente \u00e9volution de la position europ\u00e9enne, encourag\u00e9e par la Belgique, Kinshasa d\u00e9nonce toujours une politique de \u00ab&nbsp;deux poids deux mesures&nbsp;\u00bb et avance qu\u2019au Kivu comme en Ukraine on assiste \u00e0 une tentative de modification des fronti\u00e8res par la force.<\/p>\n\n\n\n<p>La r\u00e9action europ\u00e9enne s\u2019explique sans doute par les rapports de plus en plus pr\u00e9cis d\u2019organisations telles qu\u2019Amnesty ou Human Rights Watch qui d\u00e9crivent l\u2019exode de 520.000 d\u00e9plac\u00e9s, les massacres commis par les rebelles du M23 \u00e0 Kishishe (131 morts selon la Monusco, 300 selon les autorit\u00e9s congolaises), et, en r\u00e9action, la mont\u00e9e de haine ethnique visant les Tutsis congolais accus\u00e9s de complicit\u00e9 avec le M23 et la prolif\u00e9ration de \u00ab&nbsp;groupes d\u2019autod\u00e9fense&nbsp;\u00bb \u00e0 base communautaire.<\/p>\n\n\n\n<p>Dans ce contexte de passions exacerb\u00e9es, la pr\u00e9sence russe fait l\u2019objet de nombreuses sp\u00e9culations&nbsp;: au Sud-Kivu, des sources nous assurent que 80 mercenaires russes seraient arriv\u00e9s sur le terrain, ayant transit\u00e9 par le Burundi tandis que la photo de l\u2019un des deux Sukho\u00ef-25 de l\u2019arm\u00e9e congolaise, touch\u00e9 par un missile tir\u00e9 depuis le Rwanda alors qu\u2019il \u00e9tait en phase d\u2019atterrissage \u00e0 Goma, a \u00e9t\u00e9 amplement diffus\u00e9e.<\/p>\n\n\n\n<p>A Kinshasa, le ministre de l\u2019Information Patrick Muyaya a cat\u00e9goriquement d\u00e9menti la pr\u00e9sence de mercenaires du groupe Wagner&nbsp;: \u00ab&nbsp;si des \u201cBlancs\u201d ont \u00e9t\u00e9 aper\u00e7us au Nord-Kivu, il ne s\u2019agit que d\u2019instructeurs.&nbsp;\u00bb Le porte-parole du gouvernement a cependant reconnu que son pays \u00ab&nbsp;\u00e9tait soumis \u00e0 de fortes pressions pour qu\u2019il accepte de recourir aux Russes&nbsp;\u00bb, mais avait toujours refus\u00e9. Le pr\u00e9sident Tshisekedi est probablement peu d\u00e9sireux de trahir ses liens avec l\u2019Europe et les Etats-Unis et, plus s\u00fbrement encore, il est conscient des risques qu\u2019entra\u00eenerait un \u00e9ventuel basculement.<\/p>\n\n\n\n<p>En cette ann\u00e9e \u00e9lectorale, il doit cependant tenir compte de la pression d\u2019une opinion publique exacerb\u00e9e qui, am\u00e8rement, ne cesse de comparer la mobilisation pour l\u2019Ukraine avec la \u2013 relative \u2013 indiff\u00e9rence \u00e0 l\u2019\u00e9gard du Nord-Kivu et d\u00e9nonce les risques d\u2019\u00e9clatement du pays.<\/p>\n<div style=\"text-align:center\" class=\"wps-pgfw-pdf-generate-icon__wrapper-frontend\">\n\t\t<a href=\"https:\/\/congokin.blog?action=genpdf&amp;id=11549\" class=\"pgfw-single-pdf-download-button\" ><img src=\"https:\/\/congokin.blog\/wp-content\/plugins\/pdf-generator-for-wp\/admin\/src\/images\/PDF_Tray.svg\" title=\"G\u00e9n\u00e9rer un PDF\" style=\"width:auto; height:45px;\"><\/a>\n\t\t<\/div>","protected":false},"excerpt":{"rendered":"<p>La Russie et l\u2019Ukraine s\u2019invitent aussi sur la sc\u00e8ne africaine A l\u2019heure o\u00f9 chaque camp compte ses armes et les voix sur lesquelles il peut compter \u00e0 l\u2019ONU, l\u2019Afrique, bien malgr\u00e9 elle, est confront\u00e9e \u00e0 la guerre en Ukraine. Non pas \u00e0 cause du r\u00e9chauffement climatique, de la hausse du prix des denr\u00e9es alimentaires ou [&hellip;]<\/p>\n","protected":false},"author":9,"featured_media":0,"comment_status":"open","ping_status":"closed","sticky":false,"template":"","format":"standard","meta":{"footnotes":""},"categories":[7,8],"tags":[],"class_list":["post-11549","post","type-post","status-publish","format-standard","hentry","category-politique","category-societe"],"_links":{"self":[{"href":"https:\/\/congokin.blog\/index.php?rest_route=\/wp\/v2\/posts\/11549","targetHints":{"allow":["GET"]}}],"collection":[{"href":"https:\/\/congokin.blog\/index.php?rest_route=\/wp\/v2\/posts"}],"about":[{"href":"https:\/\/congokin.blog\/index.php?rest_route=\/wp\/v2\/types\/post"}],"author":[{"embeddable":true,"href":"https:\/\/congokin.blog\/index.php?rest_route=\/wp\/v2\/users\/9"}],"replies":[{"embeddable":true,"href":"https:\/\/congokin.blog\/index.php?rest_route=%2Fwp%2Fv2%2Fcomments&post=11549"}],"version-history":[{"count":1,"href":"https:\/\/congokin.blog\/index.php?rest_route=\/wp\/v2\/posts\/11549\/revisions"}],"predecessor-version":[{"id":11550,"href":"https:\/\/congokin.blog\/index.php?rest_route=\/wp\/v2\/posts\/11549\/revisions\/11550"}],"wp:attachment":[{"href":"https:\/\/congokin.blog\/index.php?rest_route=%2Fwp%2Fv2%2Fmedia&parent=11549"}],"wp:term":[{"taxonomy":"category","embeddable":true,"href":"https:\/\/congokin.blog\/index.php?rest_route=%2Fwp%2Fv2%2Fcategories&post=11549"},{"taxonomy":"post_tag","embeddable":true,"href":"https:\/\/congokin.blog\/index.php?rest_route=%2Fwp%2Fv2%2Ftags&post=11549"}],"curies":[{"name":"wp","href":"https:\/\/api.w.org\/{rel}","templated":true}]}}