{"id":11551,"date":"2023-02-26T13:13:01","date_gmt":"2023-02-26T13:13:01","guid":{"rendered":"https:\/\/congokin.blog\/?p=11551"},"modified":"2023-02-26T13:13:01","modified_gmt":"2023-02-26T13:13:01","slug":"lubumbashi-vraie-tentative-denlevement-ou-exercice-de-securite","status":"publish","type":"post","link":"https:\/\/congokin.blog\/?p=11551","title":{"rendered":"Lubumbashi, vraie tentative d&rsquo;enl\u00e8vement ou exercice de s\u00e9curit\u00e9"},"content":{"rendered":"\n<h1 class=\"wp-block-heading\">RDC: \u00e0 Lubumbashi, vraie tentative d&rsquo;enl\u00e8vement ou exercice de s\u00e9curit\u00e9, sur la personne de l&rsquo;archev\u00eaque m\u00e9tropolitain?<\/h1>\n\n\n\n<p><a href=\"https:\/\/www.facebook.com\/dialog\/share?app_id=113191652055439&amp;href=https%3A%2F%2Frfi.my%2F9C3p.F&amp;redirect_uri=https%3A%2F%2Fwww.rfi.fr%2Ffr%2Fafrique%2F20230226-rdc-%25C3%25A0-lubumbashi-vraie-tentative-d-enl%25C3%25A8vement-ou-exercice-de-s%25C3%25A9curit%25C3%25A9-sur-la-personne-de-l-archev%25C3%25AAque-m%25C3%25A9tropolitain&amp;locale=fr_FR\" target=\"_blank\" rel=\"noreferrer noopener\"><\/a><a href=\"https:\/\/twitter.com\/intent\/tweet?url=https%3A%2F%2Frfi.my%2F9C3p.T&amp;via=RFI&amp;related=rfi&amp;text=RDC%3A%20%C3%A0%20Lubumbashi%2C%20vraie%20tentative%20d%27enl%C3%A8vement%20ou%20exercice%20de%20s%C3%A9curit%C3%A9%2C%20sur%20la%20personne%20de%20l%27archev%C3%AAque%20m%C3%A9tropolitain%3F&amp;lang=fr\" target=\"_blank\" rel=\"noreferrer noopener\"><\/a><a href=\"https:\/\/web.whatsapp.com\/send?text=RDC%3A%20%C3%A0%20Lubumbashi%2C%20vraie%20tentative%20d%27enl%C3%A8vement%20ou%20exercice%20de%20s%C3%A9curit%C3%A9%2C%20sur%20la%20personne%20de%20l%27archev%C3%AAque%20m%C3%A9tropolitain%3F%20-%20https%3A%2F%2Frfi.my%2F9C3p.W\" target=\"_blank\" rel=\"noreferrer noopener\"><\/a><\/p>\n\n\n\n<p>Publi\u00e9 le :&nbsp;26\/02\/2023 &#8211; 09:05<\/p>\n\n\n\n<figure class=\"wp-block-image size-full\"><img loading=\"lazy\" decoding=\"async\" width=\"980\" height=\"551\" src=\"https:\/\/congokin.blog\/wp-content\/uploads\/2023\/02\/image-25.png\" alt=\"\" class=\"wp-image-11553\" srcset=\"https:\/\/congokin.blog\/wp-content\/uploads\/2023\/02\/image-25.png 980w, https:\/\/congokin.blog\/wp-content\/uploads\/2023\/02\/image-25-300x169.png 300w, https:\/\/congokin.blog\/wp-content\/uploads\/2023\/02\/image-25-768x432.png 768w\" sizes=\"auto, (max-width: 980px) 100vw, 980px\" \/><\/figure>\n\n\n\n<p>Texte par :<a href=\"https:\/\/www.rfi.fr\/fr\/auteur\/rfi\/\">RFI<\/a><a href=\"https:\/\/twitter.com\/intent\/follow?screen_name=rfi\" target=\"_blank\" rel=\"noreferrer noopener\">Suivre<\/a><\/p>\n\n\n\n<p>2 mn<\/p>\n\n\n\n<p>En RDC, l\u2019\u00c9glise catholique \u00e0 Lubumbashi d\u00e9nonce une tentative d\u2019enl\u00e8vement, vendredi, de l\u2019archev\u00eaque m\u00e9tropolitain, Fulgence Muteba. Exercice de simulation dans le cadre de la formation des militaires de la Garde r\u00e9publicaine, r\u00e9pond le ministre provincial de l\u2019Int\u00e9rieur.&nbsp;<\/p>\n\n\n\n<p><em>avec notre correspondante \u00e0 Lubumbashi,&nbsp;<\/em><strong>Denise Mah\u00e9ho<\/strong><\/p>\n\n\n\n<p>\u00c0 Lubumbashi, environ dix hommes arm\u00e9s se r\u00e9clamant de la Garde r\u00e9publicaine ont tent\u00e9 de s\u2019introduire \u00e0 la mi-journ\u00e9e vendredi 24 f\u00e9vrier, dans l\u2019enceinte de l\u2019archev\u00each\u00e9 de Lubumbashi sans ordre de mission et sans donner de motif. Ils ont ensuite inspect\u00e9 la cath\u00e9drale Saints-Pierre-et-Paul situ\u00e9e juste \u00e0 c\u00f4t\u00e9 de l\u2019archev\u00each\u00e9.<\/p>\n\n\n\n<p>Une visite surprise qui inqui\u00e8te tant l\u2019\u00c9glise que la soci\u00e9t\u00e9 civile locale car l\u2019archev\u00eaque Fulgence Muteba est connu pour son franc-parler et c\u2019est lui qui avait facilit\u00e9 en mai dernier la r\u00e9conciliation entre Joseph Kabila et Mo\u00efse Katumbi, deux anciens fr\u00e8res ennemis.<\/p>\n\n\n\n<p>\u00ab&nbsp;<em>C\u2019est \u00e0 dormir debout cette histoire que nous avons v\u00e9cue,<\/em>&nbsp;nous raconte monseigneur Emmanuel Mumba, vicaire g\u00e9n\u00e9ral en charge des \u0153uvres sociales.&nbsp;<em>Nous ne savons pas comment l\u2019appeler, mais tous les soup\u00e7ons nous poussent \u00e0 imaginer un certain enl\u00e8vement qui n\u2019a pas march\u00e9 ou une autre id\u00e9e qu\u2019ils auraient ces gens-l\u00e0. Surtout qu\u2019\u00e0 l\u2019archev\u00each\u00e9, on ne s\u2019improvise pas, on s\u2019annonce.<\/em>&nbsp;\u00bb<\/p>\n\n\n\n<h2 class=\"wp-block-heading\">Une visite au motif d&rsquo;une prochaine visite pr\u00e9sidentielle ?<\/h2>\n\n\n\n<p><em>\u00ab Et ils diront qu\u2019ils avaient besoin d\u2019inspecter l\u2019\u00e9glise cath\u00e9drale, parce que le chef de l\u2019\u00c9tat viendrait dans les prochains jours, pour une certaine manifestation, c\u00e9l\u00e9bration.<\/em><\/p>\n\n\n\n<p><em>C\u2019\u00e9tait \u00e9trange, parce que nous n\u2019avons aucune information que le chef de l\u2019\u00c9tat viendrait chez nous. Nous avons connu d\u2019autres pr\u00e9sidents de la R\u00e9publique, \u00e7a ne s\u2019est jamais fait. Nous ne les accusons pas, mais tout porte \u00e0 croire que leur mission n\u2019\u00e9tait pas du tout blanche. Ils ne sont pas venus baiser l\u2019anneau de l\u2019\u00e9v\u00eaque, non. On ne baise pas l\u2019anneau d\u2019un \u00e9v\u00eaque avec une arme.&nbsp;<\/em>\u00bb<\/p>\n\n\n\n<p>Contact\u00e9, Erick Muta, ministre provincial de l\u2019Int\u00e9rieur \u00e0 Lubumbashi, indique qu\u2019il ne s\u2019agit pas d\u2019une tentative d\u2019enl\u00e8vement, mais plut\u00f4t d\u2019un exercice de simulation dans le cadre de la formation des militaires de la Garde r\u00e9publicaine, form\u00e9s par des instructeurs isra\u00e9liens. Il assure que ces exercices vont se poursuivre \u00e0 d\u2019autres endroits de la ville.<\/p>\n<div style=\"text-align:center\" class=\"wps-pgfw-pdf-generate-icon__wrapper-frontend\">\n\t\t<a href=\"https:\/\/congokin.blog?action=genpdf&amp;id=11551\" class=\"pgfw-single-pdf-download-button\" ><img src=\"https:\/\/congokin.blog\/wp-content\/plugins\/pdf-generator-for-wp\/admin\/src\/images\/PDF_Tray.svg\" title=\"G\u00e9n\u00e9rer un PDF\" style=\"width:auto; height:45px;\"><\/a>\n\t\t<\/div>","protected":false},"excerpt":{"rendered":"<p>RDC: \u00e0 Lubumbashi, vraie tentative d&rsquo;enl\u00e8vement ou exercice de s\u00e9curit\u00e9, sur la personne de l&rsquo;archev\u00eaque m\u00e9tropolitain? Publi\u00e9 le :&nbsp;26\/02\/2023 &#8211; 09:05 Texte par :RFISuivre 2 mn En RDC, l\u2019\u00c9glise catholique \u00e0 Lubumbashi d\u00e9nonce une tentative d\u2019enl\u00e8vement, vendredi, de l\u2019archev\u00eaque m\u00e9tropolitain, Fulgence Muteba. Exercice de simulation dans le cadre de la formation des militaires de la [&hellip;]<\/p>\n","protected":false},"author":9,"featured_media":0,"comment_status":"open","ping_status":"closed","sticky":false,"template":"","format":"standard","meta":{"footnotes":""},"categories":[6,7,8],"tags":[],"class_list":["post-11551","post","type-post","status-publish","format-standard","hentry","category-justice","category-politique","category-societe"],"_links":{"self":[{"href":"https:\/\/congokin.blog\/index.php?rest_route=\/wp\/v2\/posts\/11551","targetHints":{"allow":["GET"]}}],"collection":[{"href":"https:\/\/congokin.blog\/index.php?rest_route=\/wp\/v2\/posts"}],"about":[{"href":"https:\/\/congokin.blog\/index.php?rest_route=\/wp\/v2\/types\/post"}],"author":[{"embeddable":true,"href":"https:\/\/congokin.blog\/index.php?rest_route=\/wp\/v2\/users\/9"}],"replies":[{"embeddable":true,"href":"https:\/\/congokin.blog\/index.php?rest_route=%2Fwp%2Fv2%2Fcomments&post=11551"}],"version-history":[{"count":1,"href":"https:\/\/congokin.blog\/index.php?rest_route=\/wp\/v2\/posts\/11551\/revisions"}],"predecessor-version":[{"id":11554,"href":"https:\/\/congokin.blog\/index.php?rest_route=\/wp\/v2\/posts\/11551\/revisions\/11554"}],"wp:attachment":[{"href":"https:\/\/congokin.blog\/index.php?rest_route=%2Fwp%2Fv2%2Fmedia&parent=11551"}],"wp:term":[{"taxonomy":"category","embeddable":true,"href":"https:\/\/congokin.blog\/index.php?rest_route=%2Fwp%2Fv2%2Fcategories&post=11551"},{"taxonomy":"post_tag","embeddable":true,"href":"https:\/\/congokin.blog\/index.php?rest_route=%2Fwp%2Fv2%2Ftags&post=11551"}],"curies":[{"name":"wp","href":"https:\/\/api.w.org\/{rel}","templated":true}]}}