{"id":11567,"date":"2023-02-27T18:39:51","date_gmt":"2023-02-27T18:39:51","guid":{"rendered":"https:\/\/congokin.blog\/?p=11567"},"modified":"2023-02-27T18:39:51","modified_gmt":"2023-02-27T18:39:51","slug":"thisekedi-affirme-quil-ny-a-plus-de-prisonnier-politique-en-rdc","status":"publish","type":"post","link":"https:\/\/congokin.blog\/?p=11567","title":{"rendered":"Thisekedi affirme qu&rsquo;il n&rsquo;y a plus de prisonnier politique en RDC"},"content":{"rendered":"\n<h1 class=\"wp-block-heading\">RDC: \u00ab Il n\u2019y a plus, aujourd\u2019hui, des Congolais arr\u00eat\u00e9s ou d\u00e9tenus pour leurs opinions publiques\u00bb (F\u00e9lix Tshisekedi)<\/h1>\n\n\n\n<p>Publi\u00e9 le lun, 27\/02\/2023 &#8211; 12:05 | Modifi\u00e9 le lun, 27\/02\/2023 &#8211; 12:05<\/p>\n\n\n\n<p>share<\/p>\n\n\n\n<p>tweet<a href=\"https:\/\/www.addtoany.com\/share#url=https%3A%2F%2Fwww.radiookapi.net%2F2023%2F02%2F27%2Factualite%2Fpolitique%2Frdc-il-ny-plus-aujourdhui-des-congolais-arretes-ou-detenus-pour-leurs&amp;title=RDC%3A%20%C2%AB%20Il%20n%E2%80%99y%20a%20plus%2C%20aujourd%E2%80%99hui%2C%20des%20Congolais%20arr%C3%AAt%C3%A9s%20ou%20d%C3%A9tenus%20pour%20leurs%20opinions%20publiques%C2%BB%20(F%C3%A9lix%20Tshisekedi)%20\"><\/a><\/p>\n\n\n\n<p><img decoding=\"async\" src=\"https:\/\/photos.radiookapi.net\/picture\/20230227104805111497_Fatshi_Geneve.jfif?imgmax=500\"><\/p>\n\n\n\n<p>Le pr\u00e9sident F\u00e9lix Tshisekedi (au milieu) \u00e0 la 52\u00e8me session ordinaire du Conseil des droits de l&rsquo;homme, lundi 27 f\u00e9vrier 2023 \u00e0 Gen\u00e8ve (Suisse).<br>Photo\/Pr\u00e9sidence RDC<\/p>\n\n\n\n<p>Le Pr\u00e9sident F\u00e9lix Tshisekedi a not\u00e9, ce lundi 27 f\u00e9vrier \u00e0 la 52\u00e8 session du Conseil des droits de l\u2019homme \u00e0 Gen\u00e8se (Suisse), les avanc\u00e9es que son pays a faites sur la situation des droits de l\u2019homme. Il a affirm\u00e9 avoir pris plusieurs mesures pour promouvoir des droits de l\u2019homme et des libert\u00e9s fondamentales. &nbsp;<\/p>\n\n\n\n<p>Parmi les actions r\u00e9alis\u00e9es ces quatre derni\u00e8res ann\u00e9es en RDC, F\u00e9lix Tshisekedi cite notamment&nbsp;: &nbsp;<\/p>\n\n\n\n<ul class=\"wp-block-list\">\n<li>la fermeture des prisons clandestines&nbsp;<\/li>\n\n\n\n<li>la lib\u00e9ration des prisonniers politiques&nbsp;<\/li>\n\n\n\n<li>le retour des exil\u00e9s politiques &nbsp;<\/li>\n\n\n\n<li>la lib\u00e9ration des espaces des manifestations publiques. &nbsp;<\/li>\n<\/ul>\n\n\n\n<p>\u00ab<em>&nbsp;La lib\u00e9ration de tous les d\u00e9tenus et prisonniers politiques, la lib\u00e9ration des espaces de manifestations publiques, de libert\u00e9s d\u2019opinions avec pour objectif plus jamais de manifestations non violentes r\u00e9prim\u00e9es, ni de manifestants pacifiques poursuivis et tu\u00e9s&nbsp;<\/em>\u00bb, a-t-il affirm\u00e9.&nbsp;<\/p>\n\n\n\n<p>Le chef de l\u2019Etat a \u00e9galement exprim\u00e9 la volont\u00e9 du gouvernement congolais \u00e0 mettre en place la justice transitionnelle.&nbsp;<\/p>\n\n\n\n<p>\u00ab&nbsp;<em>Afin de promouvoir la r\u00e9conciliation nationale, le gouvernement de la R\u00e9publique s\u2019att\u00e8le \u00e0 la mise en \u0153uvre d\u2019une justice transitionnelle, fond\u00e9e sur l\u2019\u00e9clatement de la v\u00e9rit\u00e9 et la reconnaissance de la faute commise<\/em>&nbsp;\u00bb,&nbsp;a poursuivi F\u00e9lix Tshisekedi.<\/p>\n<div style=\"text-align:center\" class=\"wps-pgfw-pdf-generate-icon__wrapper-frontend\">\n\t\t<a href=\"https:\/\/congokin.blog?action=genpdf&amp;id=11567\" class=\"pgfw-single-pdf-download-button\" ><img src=\"https:\/\/congokin.blog\/wp-content\/plugins\/pdf-generator-for-wp\/admin\/src\/images\/PDF_Tray.svg\" title=\"G\u00e9n\u00e9rer un PDF\" style=\"width:auto; height:45px;\"><\/a>\n\t\t<\/div>","protected":false},"excerpt":{"rendered":"<p>RDC: \u00ab Il n\u2019y a plus, aujourd\u2019hui, des Congolais arr\u00eat\u00e9s ou d\u00e9tenus pour leurs opinions publiques\u00bb (F\u00e9lix Tshisekedi) Publi\u00e9 le lun, 27\/02\/2023 &#8211; 12:05 | Modifi\u00e9 le lun, 27\/02\/2023 &#8211; 12:05 share tweet Le pr\u00e9sident F\u00e9lix Tshisekedi (au milieu) \u00e0 la 52\u00e8me session ordinaire du Conseil des droits de l&rsquo;homme, lundi 27 f\u00e9vrier 2023 \u00e0 [&hellip;]<\/p>\n","protected":false},"author":9,"featured_media":0,"comment_status":"open","ping_status":"closed","sticky":false,"template":"","format":"standard","meta":{"footnotes":""},"categories":[6,7,8],"tags":[],"class_list":["post-11567","post","type-post","status-publish","format-standard","hentry","category-justice","category-politique","category-societe"],"_links":{"self":[{"href":"https:\/\/congokin.blog\/index.php?rest_route=\/wp\/v2\/posts\/11567","targetHints":{"allow":["GET"]}}],"collection":[{"href":"https:\/\/congokin.blog\/index.php?rest_route=\/wp\/v2\/posts"}],"about":[{"href":"https:\/\/congokin.blog\/index.php?rest_route=\/wp\/v2\/types\/post"}],"author":[{"embeddable":true,"href":"https:\/\/congokin.blog\/index.php?rest_route=\/wp\/v2\/users\/9"}],"replies":[{"embeddable":true,"href":"https:\/\/congokin.blog\/index.php?rest_route=%2Fwp%2Fv2%2Fcomments&post=11567"}],"version-history":[{"count":1,"href":"https:\/\/congokin.blog\/index.php?rest_route=\/wp\/v2\/posts\/11567\/revisions"}],"predecessor-version":[{"id":11568,"href":"https:\/\/congokin.blog\/index.php?rest_route=\/wp\/v2\/posts\/11567\/revisions\/11568"}],"wp:attachment":[{"href":"https:\/\/congokin.blog\/index.php?rest_route=%2Fwp%2Fv2%2Fmedia&parent=11567"}],"wp:term":[{"taxonomy":"category","embeddable":true,"href":"https:\/\/congokin.blog\/index.php?rest_route=%2Fwp%2Fv2%2Fcategories&post=11567"},{"taxonomy":"post_tag","embeddable":true,"href":"https:\/\/congokin.blog\/index.php?rest_route=%2Fwp%2Fv2%2Ftags&post=11567"}],"curies":[{"name":"wp","href":"https:\/\/api.w.org\/{rel}","templated":true}]}}