{"id":11571,"date":"2023-02-28T00:28:04","date_gmt":"2023-02-28T00:28:04","guid":{"rendered":"https:\/\/congokin.blog\/?p=11571"},"modified":"2023-02-28T05:11:08","modified_gmt":"2023-02-28T05:11:08","slug":"les-rebelles-du-m23-qui-cernent-goma-beneficient-aussi-de-la-congo-fatigue","status":"publish","type":"post","link":"https:\/\/congokin.blog\/?p=11571","title":{"rendered":"Les rebelles du M23 qui cernent Goma b\u00e9n\u00e9ficient aussi de la \u00abCongo fatigue\u00bb"},"content":{"rendered":"\n<h1 class=\"wp-block-heading\">Les rebelles du M23 qui cernent Goma b\u00e9n\u00e9ficient aussi de la \u00abCongo fatigue\u00bb<\/h1>\n\n\n\n<p>Des probl\u00e8mes d\u2019approvisionnement commencent \u00e0 se faire sentir \u00e0 Goma. Le Docteur Mukwege, prix Nobel de la paix, souligne le manque de volont\u00e9 politique internationale, le manque d\u2019int\u00e9r\u00eat des m\u00e9dias et le manque d\u2019aide.&nbsp;Article r\u00e9serv\u00e9 aux abonn\u00e9s<\/p>\n\n\n\n<figure class=\"wp-block-image\"><img decoding=\"async\" src=\"https:\/\/www.lesoir.be\/sites\/default\/files\/dpistyles_v2\/ls_16_9_864w\/2023\/02\/27\/node_497824\/29916873\/public\/2023\/02\/27\/B9733598323Z.1_20230227200657_000+GVMMAAF4N.1-0.jpg?itok=ubOXg9eK1677524824\" alt=\"Chaque jour davantage, l\u2019\u00e9tau du Mouvement rebelle 23 se resserre autour de Goma et des probl\u00e8mes d\u2019approvisionnement commencent \u00e0 se faire sentir. La population fuit.\"\/><figcaption class=\"wp-element-caption\">Chaque jour davantage, l\u2019\u00e9tau du Mouvement rebelle 23 se resserre autour de Goma et des probl\u00e8mes d\u2019approvisionnement commencent \u00e0 se faire sentir. La population fuit. &#8211; Reuters.<\/figcaption><\/figure>\n\n\n\n<figure class=\"wp-block-image\"><img decoding=\"async\" src=\"https:\/\/www.lesoir.be\/sites\/default\/files\/dpistyles\/thumbnail\/taxonomy_term_26702\/27740458\/public\/thumbnails\/image\/201006colettebraeckman.jpg?itok=srG7EW6q1601993802\" alt=\"Colette Braeckman\"\/><\/figure>\n\n\n\n<p>Journaliste au service MondePar&nbsp;<a href=\"https:\/\/www.lesoir.be\/26702\/dpi-authors\/colette-braeckman\">Colette Braeckman<\/a>Publi\u00e9 le 27\/02\/2023 \u00e0 20:06&nbsp;Temps de lecture: 5 min<\/p>\n\n\n\n<p>Sake, Mushaki, Rubaya et son site minier d\u2019o\u00f9 est extrait le coltan du Nord Kivu&nbsp;: chaque jour davantage, l\u2019\u00e9tau du Mouvement rebelle 23 se resserre autour de Goma et des probl\u00e8mes d\u2019approvisionnement commencent \u00e0 se faire sentir. En outre, pour des raisons de s\u00e9curit\u00e9, les vols humanitaires de l\u2019ONU (UNHASS) ont \u00e9t\u00e9 suspendus, un appareil ayant \u00e9t\u00e9 vis\u00e9 par des tirs non identifi\u00e9s.<\/p>\n\n\n\n<p>Si la capitale du Nord Kivu n\u2019est pas encore tomb\u00e9e aux mains des rebelles, c\u2019est sans doute parce que ces derniers, contr\u00f4lant d\u00e9sormais l\u2019essentiel des r\u00e9gions mini\u00e8res de la province, laissent le temps faire son \u0153uvre\u2026 Chaque jour en effet le nombre de d\u00e9plac\u00e9s augmente, les propos se radicalisent et permettent \u00e0 Kigali de d\u00e9noncer les \u00ab&nbsp;discours de haine&nbsp;\u00bb visant les Tutsis congolais ainsi que les Hema de l\u2019Ituri. Ces pasteurs du \u00ab&nbsp;grand nord&nbsp;\u00bb sont r\u00e9guli\u00e8rement attaqu\u00e9s par une milice ethnique, le CODECO, alli\u00e9e \u00e0 des groupes hutus et \u00e0 des islamistes d\u2019origine ougandaise.<\/p>\n\n\n\n<p>&nbsp;<strong>\u00c0 lire aussi<\/strong>&nbsp;<a href=\"https:\/\/www.lesoir.be\/490810\/article\/2023-01-24\/les-tutsis-congolais-sont-ils-menaces-dun-genocide\">Les Tutsis congolais sont-ils menac\u00e9s d\u2019un g\u00e9nocide?<\/a><\/p>\n\n\n\n<p>Alors que s\u2019impose l\u2019\u00e9vidence d\u2019un soutien venu de Kigali, les admonestations am\u00e9ricaines, fran\u00e7aises et europ\u00e9ennes adress\u00e9es au pr\u00e9sident Kagame se succ\u00e8dent mais elles ne produisent aucun effet et n\u2019engendrent aucune sanction, au point de donner l\u2019impression d\u2019un double langage. De Bujumbura \u00e0 Gen\u00e8ve en passant par Brazzaville, l\u2019Angola, l\u2019Afrique du Sud sans oublier les Comores, le pr\u00e9sident Tshisekedi, \u00e0 bord de l\u2019avion personnel qu\u2019il vient d\u2019acqu\u00e9rir, multiplie cependant les voyages. Il tente de sensibiliser le monde \u00e0 la situation dramatique de son pays et, \u00e0 Gen\u00e8ve, devant le Conseil des Droits de l\u2019homme, il a m\u00eame soulign\u00e9 combien cet \u00e9tat de guerre risquait d\u2019hypoth\u00e9quer les prochaines \u00e9lections pr\u00e9vues pour fin d\u00e9cembre.<\/p>\n\n\n\n<h2 class=\"wp-block-heading\">Des \u00ab&nbsp;zones tampon&nbsp;\u00bb qui inqui\u00e8tent<\/h2>\n\n\n\n<p>Force est de constater que ses d\u00e9boires se multiplient&nbsp;: son d\u00e9part \u00e9tant pr\u00e9vu pour l\u2018an prochain, la Monusco, pr\u00e9sente en RDC depuis deux d\u00e9cennies, a d\u00e9j\u00e0 renonc\u00e9 \u00e0 intervenir activement, la force de l\u2019EAC (Union est africaine) qui a \u00e9t\u00e9 invit\u00e9e par les autorit\u00e9s congolaises elles-m\u00eames pour aider \u00e0 repousser les rebelles se comporte de mani\u00e8re \u00e9trangement passive. En effet, si les militaires k\u00e9nyans se sont install\u00e9s dans des zones d\u2019o\u00f9 le M23 a recul\u00e9, ils n\u2019ont pas pour autant c\u00e9d\u00e9 la place \u00e0 l\u2019autorit\u00e9 congolaise, cr\u00e9ant de fait des \u00ab&nbsp;zones tampon&nbsp;\u00bb qui renforcent la m\u00e9fiance des populations.<\/p>\n\n\n\n<p>&nbsp;<strong>\u00c0 lire aussi<\/strong>&nbsp;<a href=\"https:\/\/www.lesoir.be\/477922\/article\/2022-11-18\/rd-congo-face-aux-rebelles-du-m23-le-pouvoir-de-felix-tshisekedi-apparait\">RD Congo: face aux rebelles du M23, le pouvoir de Felix Tshisekedi appara\u00eet dangereusement isol\u00e9<\/a><\/p>\n\n\n\n<p>Que se passe-t-il&nbsp;? L\u2019opinion congolaise, souvent encline \u00e0 d\u00e9noncer le complot international, critique aussi l\u2019inefficacit\u00e9, voire la na\u00efvet\u00e9 et l\u2019inexp\u00e9rience des dirigeants actuels, tandis que les discours rwandais reviennent sur deux th\u00e8mes r\u00e9currents&nbsp;: d\u2019une part, les menaces que repr\u00e9senteraient les \u00ab&nbsp;Hutus g\u00e9nocidaires&nbsp;\u00bb qu\u2019hier encore Kagame sa vantait d\u2019avoir neutralis\u00e9s et de l\u2019autre&nbsp;; le trac\u00e9 des fronti\u00e8res s\u00e9parant le Rwanda et le Congo. Un trac\u00e9 op\u00e9r\u00e9 au d\u00e9but du si\u00e8cle dernier lorsque la Soci\u00e9t\u00e9 des Nations confia la tutelle du Rwanda \u00e0 la Belgique.<\/p>\n\n\n\n<h2 class=\"wp-block-heading\">L\u2019\u00e9chec de l\u2019\u00e9tat de si\u00e8ge<\/h2>\n\n\n\n<p>Deux chercheurs, sp\u00e9cialistes des Grands Lacs, Thierry Vircoulon et Marc-Andr\u00e9 Lagrange, se sont interrog\u00e9s pour l\u2019IFRI (Institut fran\u00e7ais des relations internationales) sur l\u2019impasse que repr\u00e9sente la pacification de l\u2019Est du Congo. Ils l\u2019attribuent \u00e0 l\u2019\u00e9chec de l\u2019\u00e9tat de si\u00e8ge qui a c\u00e9d\u00e9 le pouvoir aux militaires, au d\u00e9ficit de cr\u00e9dibilit\u00e9 du pr\u00e9sident Tshisekedi arriv\u00e9 au pouvoir dans des conditions contest\u00e9es et ils qualifient d\u2019\u00ab&nbsp;usine \u00e0 gaz&nbsp;\u00bb les programmes de d\u00e9mobilisation des combattants dont le coordinateur, Tommy Tambwe, est lui-m\u00eame issu d\u2019un groupe rebelle pro rwandais\u2026<\/p>\n\n\n\n<p>&nbsp;<strong>\u00c0 lire aussi<\/strong>&nbsp;<a href=\"https:\/\/www.lesoir.be\/460573\/article\/2022-08-19\/le-congo-terrain-doperations-pour-les-pays-voisins-et-leurs-rebelles\">Le Congo, terrain d\u2019op\u00e9rations pour les pays voisins et leurs rebelles<\/a><\/p>\n\n\n\n<p>Dans une longue r\u00e9flexion sur les causes des \u00e9checs successifs, le Docteur Mukwege, prix Nobel de la paix, va plus loin&nbsp;: il rappelle que le Conseil norv\u00e9gien pour les r\u00e9fugi\u00e9s place la situation de la RDC \u00ab&nbsp;\u00e0 la premi\u00e8re place du palmar\u00e8s de la n\u00e9gligence internationale&nbsp;\u00bb et il souligne \u00e0 la fois le manque de volont\u00e9 politique internationale, le manque d\u2019int\u00e9r\u00eat des m\u00e9dias et le manque d\u2019aide. C\u2019est ce que Vircoulon r\u00e9sume par le terme \u00ab&nbsp;Congo fatigue&nbsp;\u00bb, soit la lassitude silencieuse mais profonde des acteurs internationaux&nbsp;! Lors de sa visite \u00e0 Kinshasa, la ministre belge des affaires \u00e9trang\u00e8res a, elle aussi, exhort\u00e9 le pr\u00e9sident Tshisekedi -\u00ab&nbsp;il faut que le Congo se ressaisisse&nbsp;\u00bb- tandis que l\u2019Union europ\u00e9enne, d\u00e9finissant une nouvelle strat\u00e9gie pour les Grands Lacs, a privil\u00e9gi\u00e9 l\u2019aspect \u00e9conomique, le Green Deal, mais renonc\u00e9 \u00e0 nommer un envoy\u00e9 sp\u00e9cial qui suivrait de pr\u00e8s la situation.<\/p>\n\n\n\n<h2 class=\"wp-block-heading\">Complicit\u00e9 ou fatigue&nbsp;?<\/h2>\n\n\n\n<p>Oserions nous rappeler que ce sont les accords de paix conclus en 2002 sous la pression internationale qui ont institutionnalis\u00e9 l\u2019int\u00e9gration dans l\u2019arm\u00e9e nationale d\u2019ex-rebelles \u00e0 la nationalit\u00e9 incertaine et assur\u00e9s de l\u2019impunit\u00e9, permis que l\u2019on ferme les yeux sur la pr\u00e9dation des ressources op\u00e9r\u00e9e par les voisins, rendu possible ce que Vircoulon appelle \u00ab&nbsp;l\u2019apparition d\u2019une kleptocratie qui a transform\u00e9 l\u2019ins\u00e9curit\u00e9 en rente \u00e9conomique&nbsp;\u00bb.<\/p>\n\n\n\n<p>Certes, le Congo n\u2019est pas l\u2019Ukraine, mais devant l\u2019agression, la crise humanitaire, la ponction de mati\u00e8res premi\u00e8res d\u2019une importance strat\u00e9gique et les risques d\u2019\u00e9clatement de cet immense pays, l\u2019indiff\u00e9rence sinon l\u2019impuissance dont fait preuve le partenaire europ\u00e9en finissent par ressembler davantage \u00e0 de la complicit\u00e9 qu\u2019\u00e0 de la fatigue.<\/p>\n<div style=\"text-align:center\" class=\"wps-pgfw-pdf-generate-icon__wrapper-frontend\">\n\t\t<a href=\"https:\/\/congokin.blog?action=genpdf&amp;id=11571\" class=\"pgfw-single-pdf-download-button\" ><img src=\"https:\/\/congokin.blog\/wp-content\/plugins\/pdf-generator-for-wp\/admin\/src\/images\/PDF_Tray.svg\" title=\"G\u00e9n\u00e9rer un PDF\" style=\"width:auto; height:45px;\"><\/a>\n\t\t<\/div>","protected":false},"excerpt":{"rendered":"<p>Les rebelles du M23 qui cernent Goma b\u00e9n\u00e9ficient aussi de la \u00abCongo fatigue\u00bb Des probl\u00e8mes d\u2019approvisionnement commencent \u00e0 se faire sentir \u00e0 Goma. Le Docteur Mukwege, prix Nobel de la paix, souligne le manque de volont\u00e9 politique internationale, le manque d\u2019int\u00e9r\u00eat des m\u00e9dias et le manque d\u2019aide.&nbsp;Article r\u00e9serv\u00e9 aux abonn\u00e9s Journaliste au service MondePar&nbsp;Colette BraeckmanPubli\u00e9 [&hellip;]<\/p>\n","protected":false},"author":9,"featured_media":0,"comment_status":"open","ping_status":"closed","sticky":false,"template":"","format":"standard","meta":{"footnotes":""},"categories":[2,7,8],"tags":[],"class_list":["post-11571","post","type-post","status-publish","format-standard","hentry","category-analyse","category-politique","category-societe"],"_links":{"self":[{"href":"https:\/\/congokin.blog\/index.php?rest_route=\/wp\/v2\/posts\/11571","targetHints":{"allow":["GET"]}}],"collection":[{"href":"https:\/\/congokin.blog\/index.php?rest_route=\/wp\/v2\/posts"}],"about":[{"href":"https:\/\/congokin.blog\/index.php?rest_route=\/wp\/v2\/types\/post"}],"author":[{"embeddable":true,"href":"https:\/\/congokin.blog\/index.php?rest_route=\/wp\/v2\/users\/9"}],"replies":[{"embeddable":true,"href":"https:\/\/congokin.blog\/index.php?rest_route=%2Fwp%2Fv2%2Fcomments&post=11571"}],"version-history":[{"count":1,"href":"https:\/\/congokin.blog\/index.php?rest_route=\/wp\/v2\/posts\/11571\/revisions"}],"predecessor-version":[{"id":11572,"href":"https:\/\/congokin.blog\/index.php?rest_route=\/wp\/v2\/posts\/11571\/revisions\/11572"}],"wp:attachment":[{"href":"https:\/\/congokin.blog\/index.php?rest_route=%2Fwp%2Fv2%2Fmedia&parent=11571"}],"wp:term":[{"taxonomy":"category","embeddable":true,"href":"https:\/\/congokin.blog\/index.php?rest_route=%2Fwp%2Fv2%2Fcategories&post=11571"},{"taxonomy":"post_tag","embeddable":true,"href":"https:\/\/congokin.blog\/index.php?rest_route=%2Fwp%2Fv2%2Ftags&post=11571"}],"curies":[{"name":"wp","href":"https:\/\/api.w.org\/{rel}","templated":true}]}}