{"id":11573,"date":"2023-02-28T21:20:28","date_gmt":"2023-02-28T21:20:28","guid":{"rendered":"https:\/\/congokin.blog\/?p=11573"},"modified":"2023-02-28T21:21:09","modified_gmt":"2023-02-28T21:21:09","slug":"faute-dorganiser-les-elections-dans-le-delai-constitutionnel-felix-tshisekedi-devra-remettre-son-tablier","status":"publish","type":"post","link":"https:\/\/congokin.blog\/?p=11573","title":{"rendered":"Faute d\u2019organiser les \u00e9lections dans le d\u00e9lai constitutionnel, F\u00e9lix Tshisekedi devra remettre son tablier"},"content":{"rendered":"\n<h1 class=\"wp-block-heading\">\u00ab Faute d\u2019organiser les \u00e9lections dans le d\u00e9lai constitutionnel, F\u00e9lix Tshisekedi devra penser \u00e0 remettre son tablier avant le 01 janvier 2024 \u00bb (Olivier Kamitatu)<\/h1>\n\n\n\n<p>28.02.2023<\/p>\n\n\n\n<p><a href=\"https:\/\/www.mediacongo.net\/articles-actualite-0_.html\"><\/a><\/p>\n\n\n\n<p>Ajouter aux favoris<\/p>\n\n\n\n<figure class=\"wp-block-image\"><img decoding=\"async\" src=\"https:\/\/www.mediacongo.net\/cache\/kamitatu_olivier_tv5_22_jpg_711_473_1.jpeg\" alt=\"-\"\/><\/figure>\n\n\n\n<p>Olivier Kamitatu<\/p>\n\n\n\n<p><strong>Le mandat de F\u00e9lix Tshisekedi court jusqu\u2019au 20 d\u00e9cembre 2023, date \u00e0 laquelle sont pr\u00e9vues les \u00e9lections g\u00e9n\u00e9rales en R\u00e9publique d\u00e9mocratique du Congo.<\/strong><\/p>\n\n\n\n<p>En effet, le pouvoir en place rassurait l\u2019opinion quant \u00e0 la tenue de ces scrutins jusqu\u2019\u00e0 ce que le discours du chef de l\u2019\u00c9tat congolais \u00e0 Gen\u00e8ve vienne renforcer davantage le doute et l\u2019incertitude qui planent sur les \u00e9lections et la CENI dont la transparence est un sujet \u00e0 caution.<\/p>\n\n\n\n<p>On se rend compte de plus en plus que le report des \u00e9lections devient in\u00e9vitable au regard de la situation de crise s\u00e9curitaire dans l\u2019Est du pays.<\/p>\n\n\n\n<p><strong>En cas de glissement ?<\/strong><\/p>\n\n\n\n<p>L\u2019opposition attend mobiliser le peuple contre le pouvoir de Tshisekedi si celui-ci ne respectait pas le d\u00e9lai constitutionnel pour l\u2019organisation des \u00e9lections.<\/p>\n\n\n\n<p>\u00ab Faute d\u2019organiser les \u00e9lections dans le d\u00e9lai constitutionnel, il devra penser \u00e0 remettre avec dignit\u00e9 son tablier avant le 01 janvier 2024 \u00bb, a soulign\u00e9 Olivier Kamitatu, porte-parole et directeur de cabinet de Mo\u00efse Katumbi.<\/p>\n\n\n\n<p>En l\u2019espace de 4 ans, F\u00e9lix Tshisekedi a pein\u00e9 \u00e0 convaincre les Congolais en ce qui concerne le bilan et la gestion du pays. Selon l\u2019ancien pr\u00e9sident de l\u2019Assembl\u00e9e nationale, \u00ab comme on court derri\u00e8re son ombre, le Roi-Soleil cherche partout, en vain, \u00e0 rattraper une l\u00e9gitimit\u00e9 fuyante \u00bb, a-t-il affirm\u00e9.<\/p>\n\n\n\n<p>Le chef de l\u2019\u00c9tat a sous-entendu que la persistance du conflit arm\u00e9 qui secoue la partie orientale pourrait bien avoir une incidence sur les scrutins \u00e0 venir.<\/p>\n\n\n\n<p>\u00ab\u00a0La persistance de la guerre \u00e0 l\u2019Est risque d\u2019hypoth\u00e9quer le processus \u00e9lectoral dont les op\u00e9rations d\u2019enr\u00f4lement sont d\u00e9j\u00e0 en cours\u00a0par suite du d\u00e9placement massif des personnes des zones des combats, de l\u2019ins\u00e9curit\u00e9 et de l\u2019inaccessibilit\u00e9 \u00e0 ces zones \u00bb, a-t-il lanc\u00e9 \u00e0 Gen\u00e8ve en Suisse o\u00f9 il a pris part \u00e0 la 52e session du conseil des droits de l\u2019homme.<\/p>\n\n\n\n<p>Moins d\u2019un an seulement nous s\u00e9pare de prochaines \u00e9lections. Mais, le climat pour la tenue des \u00e9lections cr\u00e9dibles, apais\u00e9es, inclusives, transparentes et r\u00e9ussies n\u2019est pas encore instaur\u00e9.<\/p>\n\n\n\n<p>Pour ce qui est de la s\u00e9curit\u00e9, F\u00e9lix Tshisekedi arriv\u00e9 au pouvoir depuis plus de 4 ans n\u2019a jamais r\u00e9ussi \u00e0 r\u00e9imposer l\u2019autorit\u00e9 de l\u2019Etat \u00e0 l\u2019Est en d\u00e9pit de ses nombreuses promesses de campagne. De nos jours, apr\u00e8s avoir conquis d\u2019importantes entit\u00e9s dans les territoires de Masisi, Nyirangongo et Rutshuru, le M23 envie de prendre Goma au Nord-Kivu et d\u2019attaquer le Sud-Kivu.<\/p>\n\n\n\n<p><strong>G\u00e9d\u00e9on Atibu<br>Objectif Infos \/ MCP, via mediacongo.net<\/strong><\/p>\n<div style=\"text-align:center\" class=\"wps-pgfw-pdf-generate-icon__wrapper-frontend\">\n\t\t<a href=\"https:\/\/congokin.blog?action=genpdf&amp;id=11573\" class=\"pgfw-single-pdf-download-button\" ><img src=\"https:\/\/congokin.blog\/wp-content\/plugins\/pdf-generator-for-wp\/admin\/src\/images\/PDF_Tray.svg\" title=\"G\u00e9n\u00e9rer un PDF\" style=\"width:auto; height:45px;\"><\/a>\n\t\t<\/div>","protected":false},"excerpt":{"rendered":"<p>\u00ab Faute d\u2019organiser les \u00e9lections dans le d\u00e9lai constitutionnel, F\u00e9lix Tshisekedi devra penser \u00e0 remettre son tablier avant le 01 janvier 2024 \u00bb (Olivier Kamitatu) 28.02.2023 Ajouter aux favoris Olivier Kamitatu Le mandat de F\u00e9lix Tshisekedi court jusqu\u2019au 20 d\u00e9cembre 2023, date \u00e0 laquelle sont pr\u00e9vues les \u00e9lections g\u00e9n\u00e9rales en R\u00e9publique d\u00e9mocratique du Congo. En [&hellip;]<\/p>\n","protected":false},"author":9,"featured_media":0,"comment_status":"open","ping_status":"closed","sticky":false,"template":"","format":"standard","meta":{"footnotes":""},"categories":[6,7,8],"tags":[],"class_list":["post-11573","post","type-post","status-publish","format-standard","hentry","category-justice","category-politique","category-societe"],"_links":{"self":[{"href":"https:\/\/congokin.blog\/index.php?rest_route=\/wp\/v2\/posts\/11573","targetHints":{"allow":["GET"]}}],"collection":[{"href":"https:\/\/congokin.blog\/index.php?rest_route=\/wp\/v2\/posts"}],"about":[{"href":"https:\/\/congokin.blog\/index.php?rest_route=\/wp\/v2\/types\/post"}],"author":[{"embeddable":true,"href":"https:\/\/congokin.blog\/index.php?rest_route=\/wp\/v2\/users\/9"}],"replies":[{"embeddable":true,"href":"https:\/\/congokin.blog\/index.php?rest_route=%2Fwp%2Fv2%2Fcomments&post=11573"}],"version-history":[{"count":2,"href":"https:\/\/congokin.blog\/index.php?rest_route=\/wp\/v2\/posts\/11573\/revisions"}],"predecessor-version":[{"id":11576,"href":"https:\/\/congokin.blog\/index.php?rest_route=\/wp\/v2\/posts\/11573\/revisions\/11576"}],"wp:attachment":[{"href":"https:\/\/congokin.blog\/index.php?rest_route=%2Fwp%2Fv2%2Fmedia&parent=11573"}],"wp:term":[{"taxonomy":"category","embeddable":true,"href":"https:\/\/congokin.blog\/index.php?rest_route=%2Fwp%2Fv2%2Fcategories&post=11573"},{"taxonomy":"post_tag","embeddable":true,"href":"https:\/\/congokin.blog\/index.php?rest_route=%2Fwp%2Fv2%2Ftags&post=11573"}],"curies":[{"name":"wp","href":"https:\/\/api.w.org\/{rel}","templated":true}]}}