{"id":11580,"date":"2023-03-01T22:26:07","date_gmt":"2023-03-01T22:26:07","guid":{"rendered":"https:\/\/congokin.blog\/?p=11580"},"modified":"2023-03-01T22:26:17","modified_gmt":"2023-03-01T22:26:17","slug":"kabuya-appelle-les-membres-de-ludps-a-reerver-un-acceuil-chalereux-a-macron","status":"publish","type":"post","link":"https:\/\/congokin.blog\/?p=11580","title":{"rendered":"Kabuya appelle les membres de l\u2019UDPS a reerver un acceuil chaleureux  \u00e0 Macron"},"content":{"rendered":"\n<p>Politique<\/p>\n\n\n\n<h1 class=\"wp-block-heading\">Malgr\u00e9 les mouvements de contestation, Kabuya appelle les membres de l\u2019UDPS \u00e0 r\u00e9server un accueil chaleureux \u00e0 Macron<\/h1>\n\n\n\n<p>01.03.2023<\/p>\n\n\n\n<p><a href=\"https:\/\/www.mediacongo.net\/articles-actualite-0_.html\"><\/a><\/p>\n\n\n\n<p>Ajouter aux favoris<\/p>\n\n\n\n<figure class=\"wp-block-image\"><img decoding=\"async\" src=\"https:\/\/www.mediacongo.net\/cache\/augustin_kabuya_appelle_militants_udps_un_accueil_chaleureux_macron_jpg_711_473_1.jpeg\" alt=\"-\"\/><\/figure>\n\n\n\n<p>Augustin Kabuya secr\u00e9taire de l&rsquo; UDPS\/TSHISEKEDI<\/p>\n\n\n\n<p><strong>Dans un communiqu\u00e9 dont une copie est parvenue \u00e0 ACTU7.CD, Augustin Kabuya, \u00ab d\u00e9fiant tous ceux qui s\u2019opposent \u00e0 l\u2019arriv\u00e9e de Macron \u00e0 Kinshasa \u00bb, invite les membres et sympathisants de son Parti \u00e0 r\u00e9server un accueil chaleureux \u00e0 l\u2019invit\u00e9 de F\u00e9lix Tshisekedi.<\/strong><\/p>\n\n\n\n<p>\u00ab La Pr\u00e9sidence de l\u2019Union pour la D\u00e9mocratie et le Progr\u00e8s Social, UDPS\/TSHISEKEDI, informe ses cadres et militants de l\u2019arriv\u00e9e \u00e0 Kinshasa, le 04 mars 2023, du Pr\u00e9sident Fran\u00e7ais Emmanuel Macron, dans le cadre d\u2019approfondissement des relations diplomatiques entre nos deux pays \u00bb, a-t-il \u00e9crit dans sa correspondance.<\/p>\n\n\n\n<p>\u00c0 lui d\u2019ajouter, \u00ab (\u2026) la Pr\u00e9sidence du Parti invite les membres et sympathisants \u00e0 r\u00e9server un accueil chaleureux \u00e0 Emmanuel Macron d\u00e8s son arriv\u00e9e ce 04 mars dans notre pays \u00bb.<\/p>\n\n\n\n<p>Pourtant, \u00e0 Kinshasa comme \u00e0 Goma (Nord-Kivu), des manifestations ont \u00e9clat\u00e9 pour contester l\u2019arriv\u00e9e de Macron dont les Congolais accusent d\u2019\u00eatre de m\u00e8che avec le r\u00e9gime du Rwanda, agresseur de la RDC.<\/p>\n\n\n\n<figure class=\"wp-block-image\"><img decoding=\"async\" src=\"https:\/\/liberteplus.net\/wp-content\/uploads\/2023\/03\/IMG-20230301-WA0024-1.jpg\" alt=\"\"\/><\/figure>\n\n\n\n<p><strong>Josu\u00e9 Mfutila<br>Actu 7 \/ MCP, via mediacongo.net<\/strong><\/p>\n<div style=\"text-align:center\" class=\"wps-pgfw-pdf-generate-icon__wrapper-frontend\">\n\t\t<a href=\"https:\/\/congokin.blog?action=genpdf&amp;id=11580\" class=\"pgfw-single-pdf-download-button\" ><img src=\"https:\/\/congokin.blog\/wp-content\/plugins\/pdf-generator-for-wp\/admin\/src\/images\/PDF_Tray.svg\" title=\"G\u00e9n\u00e9rer un PDF\" style=\"width:auto; height:45px;\"><\/a>\n\t\t<\/div>","protected":false},"excerpt":{"rendered":"<p>Politique Malgr\u00e9 les mouvements de contestation, Kabuya appelle les membres de l\u2019UDPS \u00e0 r\u00e9server un accueil chaleureux \u00e0 Macron 01.03.2023 Ajouter aux favoris Augustin Kabuya secr\u00e9taire de l&rsquo; UDPS\/TSHISEKEDI Dans un communiqu\u00e9 dont une copie est parvenue \u00e0 ACTU7.CD, Augustin Kabuya, \u00ab d\u00e9fiant tous ceux qui s\u2019opposent \u00e0 l\u2019arriv\u00e9e de Macron \u00e0 Kinshasa \u00bb, invite [&hellip;]<\/p>\n","protected":false},"author":9,"featured_media":0,"comment_status":"open","ping_status":"closed","sticky":false,"template":"","format":"standard","meta":{"footnotes":""},"categories":[12,7,8],"tags":[],"class_list":["post-11580","post","type-post","status-publish","format-standard","hentry","category-opinions","category-politique","category-societe"],"_links":{"self":[{"href":"https:\/\/congokin.blog\/index.php?rest_route=\/wp\/v2\/posts\/11580","targetHints":{"allow":["GET"]}}],"collection":[{"href":"https:\/\/congokin.blog\/index.php?rest_route=\/wp\/v2\/posts"}],"about":[{"href":"https:\/\/congokin.blog\/index.php?rest_route=\/wp\/v2\/types\/post"}],"author":[{"embeddable":true,"href":"https:\/\/congokin.blog\/index.php?rest_route=\/wp\/v2\/users\/9"}],"replies":[{"embeddable":true,"href":"https:\/\/congokin.blog\/index.php?rest_route=%2Fwp%2Fv2%2Fcomments&post=11580"}],"version-history":[{"count":2,"href":"https:\/\/congokin.blog\/index.php?rest_route=\/wp\/v2\/posts\/11580\/revisions"}],"predecessor-version":[{"id":11582,"href":"https:\/\/congokin.blog\/index.php?rest_route=\/wp\/v2\/posts\/11580\/revisions\/11582"}],"wp:attachment":[{"href":"https:\/\/congokin.blog\/index.php?rest_route=%2Fwp%2Fv2%2Fmedia&parent=11580"}],"wp:term":[{"taxonomy":"category","embeddable":true,"href":"https:\/\/congokin.blog\/index.php?rest_route=%2Fwp%2Fv2%2Fcategories&post=11580"},{"taxonomy":"post_tag","embeddable":true,"href":"https:\/\/congokin.blog\/index.php?rest_route=%2Fwp%2Fv2%2Ftags&post=11580"}],"curies":[{"name":"wp","href":"https:\/\/api.w.org\/{rel}","templated":true}]}}