{"id":11583,"date":"2023-03-01T23:00:50","date_gmt":"2023-03-01T23:00:50","guid":{"rendered":"https:\/\/congokin.blog\/?p=11583"},"modified":"2023-03-01T23:00:50","modified_gmt":"2023-03-01T23:00:50","slug":"les-deputes-du-nord-kivu-exigent-la-suspension-des-operations-denrolement","status":"publish","type":"post","link":"https:\/\/congokin.blog\/?p=11583","title":{"rendered":"Les d\u00e9put\u00e9s du Nord-Kivu exigent la suspension des op\u00e9rations d&rsquo;enr\u00f4lement"},"content":{"rendered":"\n<h1 class=\"wp-block-heading\"><br>Nord-Kivu : Les d\u00e9put\u00e9s exigent la suspension des op\u00e9rations d&rsquo;enr\u00f4lement suite \u00e0 la guerre du M23 (D\u00e9claration)<\/h1>\n\n\n\n<p><\/p>\n\n\n\n<p>Image<\/p>\n\n\n\n<figure class=\"wp-block-image\"><img decoding=\"async\" src=\"https:\/\/7sur7.cd\/sites\/default\/files\/styles\/article_2022\/public\/2023-03\/10539B92-DCA8-4B8F-AB08-AD9B298DB96D.jpeg?itok=SzHRXfLB\" alt=\"Droits tiers \"\/><\/figure>\n\n\n\n<h2 class=\"wp-block-heading\"><strong>Les d\u00e9put\u00e9s nationaux du Nord-Kivu demandent \u00e0 la CENI (Commission \u00c9lectorale Nationale Ind\u00e9pendante) et au gouvernement congolais de suspendre les op\u00e9rations d&rsquo;identification et d&rsquo;enr\u00f4lement des \u00e9lecteurs en cours dans la province depuis le 16 f\u00e9vrier 2023.<\/strong><\/h2>\n\n\n\n<p>Ces \u00e9lus justifient leur demande par la d\u00e9gradation de la situation s\u00e9curitaire dans plusieurs entit\u00e9s dont celles des territoires de Rutshuru, Nyirangongo et Masisi o\u00f9 la r\u00e9bellion du M23 m\u00e8ne son action arm\u00e9e contre les militaires congolais.<\/p>\n\n\n\n<p>Dans une d\u00e9claration du 27 f\u00e9vrier dernier, ces derniers d\u00e9crivent des agglom\u00e9rations qui se sont vid\u00e9es de leurs habitants depuis le d\u00e9but des hostilit\u00e9s. Ce qui, d&rsquo;une part, pourrait rendre la t\u00e2che difficile \u00e0 la commission \u00e9lectorale et, d&rsquo;autre part, emp\u00eacher de nombreux citoyens \u00e0 participer \u00e0 l&rsquo;op\u00e9ration d&rsquo;identification et d&rsquo;enr\u00f4lement des \u00e9lecteurs, craignent-ils.<\/p>\n\n\n\n<blockquote class=\"wp-block-quote is-layout-flow wp-block-quote-is-layout-flow\">\n<p>\u00ab\u00a0<em>Le processus \u00e9lectoral dans sa phase d&rsquo;enr\u00f4lement des \u00e9lecteurs qui vient de commencer rencontre beaucoup de difficult\u00e9s dont certaines sont li\u00e9es \u00e0 la situation s\u00e9curitaire d\u00e9l\u00e9t\u00e8re du moment. Or, la CENI avait plac\u00e9 la s\u00e9curit\u00e9 comme pr\u00e9alable indispensable \u00e0 ses activit\u00e9s. Actuellement, \u00e0 cause de la guerre d&rsquo;agression, les d\u00e9placements forc\u00e9s des populations \u00e0 enr\u00f4ler ne peuvent faciliter le travail \u00e0 la CENI. Les d\u00e9put\u00e9s du Nord-Kivu exigent, pour ce faire, une suspension du processus \u00e9lectoral assortie des mesures correctives devant permettre le r\u00e9tablissement urgent des conditions normales de travail<\/em>\u00ab\u00a0, \u00e9crivent-ils dans leur document.<\/p>\n<\/blockquote>\n\n\n\n<p>Il est \u00e0 noter qu&rsquo;en marge de la 52e session du conseil des droits de l&rsquo;homme tenue \u00e0 Gen\u00e8ve le lundi 27 f\u00e9vrier dernier, F\u00e9lix Tshisekedi a pr\u00e9venu que la persistance de l&rsquo;ins\u00e9curit\u00e9 pourrait impacter les \u00e9lections \u00e0 venir au pays.<\/p>\n\n\n\n<blockquote class=\"wp-block-quote is-layout-flow wp-block-quote-is-layout-flow\">\n<p>\u00ab\u00a0<em>La persistance de la guerre \u00e0 l\u2019Est risque d\u2019hypoth\u00e9quer le processus \u00e9lectoral dont les op\u00e9rations d\u2019enr\u00f4lement sont d\u00e9j\u00e0 en cours par suite du d\u00e9placement massif des personnes des zones de combats, de l\u2019ins\u00e9curit\u00e9 et de l\u2019inaccessibilit\u00e9 \u00e0 ces zones<\/em>\u00ab\u00a0, a-t-il dit.&nbsp;<\/p>\n<\/blockquote>\n\n\n\n<p>De nos jours, au Nord-Kivu, des entit\u00e9s enti\u00e8res sont sous contr\u00f4le des rebelles du M23 et inaccessibles aux autorit\u00e9s congolaises. De nombreuses populations ont fui et se sont r\u00e9fugi\u00e9es dans des sites pour d\u00e9plac\u00e9s.<\/p>\n\n\n\n<p>Toutefois, la commission \u00e9lectorale a pr\u00e9vu des centres d&rsquo;enr\u00f4lement dans des camps comme \u00e0 Kanyarucinya o\u00f9 plusieurs centaines de citoyens sont cantonn\u00e9s.<\/p>\n\n\n\n<p><strong>Isaac Kisatiro, \u00e0 Butembo<\/strong><\/p>\n<div style=\"text-align:center\" class=\"wps-pgfw-pdf-generate-icon__wrapper-frontend\">\n\t\t<a href=\"https:\/\/congokin.blog?action=genpdf&amp;id=11583\" class=\"pgfw-single-pdf-download-button\" ><img src=\"https:\/\/congokin.blog\/wp-content\/plugins\/pdf-generator-for-wp\/admin\/src\/images\/PDF_Tray.svg\" title=\"G\u00e9n\u00e9rer un PDF\" style=\"width:auto; height:45px;\"><\/a>\n\t\t<\/div>","protected":false},"excerpt":{"rendered":"<p>Nord-Kivu : Les d\u00e9put\u00e9s exigent la suspension des op\u00e9rations d&rsquo;enr\u00f4lement suite \u00e0 la guerre du M23 (D\u00e9claration) Image Les d\u00e9put\u00e9s nationaux du Nord-Kivu demandent \u00e0 la CENI (Commission \u00c9lectorale Nationale Ind\u00e9pendante) et au gouvernement congolais de suspendre les op\u00e9rations d&rsquo;identification et d&rsquo;enr\u00f4lement des \u00e9lecteurs en cours dans la province depuis le 16 f\u00e9vrier 2023. Ces [&hellip;]<\/p>\n","protected":false},"author":9,"featured_media":0,"comment_status":"open","ping_status":"closed","sticky":false,"template":"","format":"standard","meta":{"footnotes":""},"categories":[6,12,7,8],"tags":[],"class_list":["post-11583","post","type-post","status-publish","format-standard","hentry","category-justice","category-opinions","category-politique","category-societe"],"_links":{"self":[{"href":"https:\/\/congokin.blog\/index.php?rest_route=\/wp\/v2\/posts\/11583","targetHints":{"allow":["GET"]}}],"collection":[{"href":"https:\/\/congokin.blog\/index.php?rest_route=\/wp\/v2\/posts"}],"about":[{"href":"https:\/\/congokin.blog\/index.php?rest_route=\/wp\/v2\/types\/post"}],"author":[{"embeddable":true,"href":"https:\/\/congokin.blog\/index.php?rest_route=\/wp\/v2\/users\/9"}],"replies":[{"embeddable":true,"href":"https:\/\/congokin.blog\/index.php?rest_route=%2Fwp%2Fv2%2Fcomments&post=11583"}],"version-history":[{"count":1,"href":"https:\/\/congokin.blog\/index.php?rest_route=\/wp\/v2\/posts\/11583\/revisions"}],"predecessor-version":[{"id":11584,"href":"https:\/\/congokin.blog\/index.php?rest_route=\/wp\/v2\/posts\/11583\/revisions\/11584"}],"wp:attachment":[{"href":"https:\/\/congokin.blog\/index.php?rest_route=%2Fwp%2Fv2%2Fmedia&parent=11583"}],"wp:term":[{"taxonomy":"category","embeddable":true,"href":"https:\/\/congokin.blog\/index.php?rest_route=%2Fwp%2Fv2%2Fcategories&post=11583"},{"taxonomy":"post_tag","embeddable":true,"href":"https:\/\/congokin.blog\/index.php?rest_route=%2Fwp%2Fv2%2Ftags&post=11583"}],"curies":[{"name":"wp","href":"https:\/\/api.w.org\/{rel}","templated":true}]}}