{"id":11585,"date":"2023-03-01T23:07:18","date_gmt":"2023-03-01T23:07:18","guid":{"rendered":"https:\/\/congokin.blog\/?p=11585"},"modified":"2023-03-01T23:07:18","modified_gmt":"2023-03-01T23:07:18","slug":"les-deputes-du-nord-kivu-decus-des-espoirs-places-dans-le-gouvernement","status":"publish","type":"post","link":"https:\/\/congokin.blog\/?p=11585","title":{"rendered":"Les d\u00e9put\u00e9s du Nord-Kivu d\u00e9\u00e7us des espoirs plac\u00e9s dans le gouvernement"},"content":{"rendered":"\n<h1 class=\"wp-block-heading\">RDC : \u00ab\u00a0La situation actuelle qui asphyxie le Nord-Kivu constitue un \u00e9cho assourdi des espoirs que la population avait plac\u00e9s dans le gouvernement\u00a0\u00bb (D\u00e9put\u00e9s)<\/h1>\n\n\n\n<p><\/p>\n\n\n\n<p>Image<\/p>\n\n\n\n<figure class=\"wp-block-image\"><img decoding=\"async\" src=\"https:\/\/7sur7.cd\/sites\/default\/files\/styles\/article_2022\/public\/2023-03\/1BDC23B6-2689-4300-A147-B1F1100F7E63.jpeg?itok=SUhEoH02\" alt=\"Droits tiers \"\/><\/figure>\n\n\n\n<h2 class=\"wp-block-heading\"><strong>Les d\u00e9put\u00e9s nationaux du Nord-Kivu d\u00e9plorent la d\u00e9gradation de la situation s\u00e9curitaire dans plusieurs entit\u00e9s de cette province dont celles contr\u00f4l\u00e9es par le M23, en d\u00e9pit de la coop\u00e9ration militaire que le pays a accept\u00e9e avec les \u00c9tats voisins, membres de la Communaut\u00e9 d&rsquo;Afrique de l&rsquo;Est (EAC).<\/strong><\/h2>\n\n\n\n<p>Dans une d\u00e9claration rendue publique le lundi 27 f\u00e9vrier dernier, les \u00e9lus ont peint un tableau sombre de la situation humanitaire des populations victimes des affres dues \u00e0 la persistance de la guerre dans la contr\u00e9e. Ils pointent du doigt le r\u00e9gime de Kigali pour ses intentions expansionnistes.<\/p>\n\n\n\n<blockquote class=\"wp-block-quote is-layout-flow wp-block-quote-is-layout-flow\">\n<p>\u00ab\u00a0<em>La situation de guerre au Nord-Kivu reste pr\u00e9occupante aussi bien au niveau de la conduite des op\u00e9rations militaires que de la situation humanitaire dramatique. Les choix diplomatiques et les alliances avec certains \u00c9tats n&rsquo;ont pas produit les r\u00e9sultats escompt\u00e9s. Des populations sont en errance sur le territoire de la province lequel fait objet des convoitises du Rwanda qui r\u00e9clame nos terres en envisageant la r\u00e9vision des fronti\u00e8res h\u00e9rit\u00e9es de la colonisation<\/em>\u00ab\u00a0, regrettent-ils.<\/p>\n<\/blockquote>\n\n\n\n<p>Par ailleurs, les d\u00e9put\u00e9s nationaux rappellent que nombreux d&rsquo;entre eux avaient ralli\u00e9 l&rsquo;Union sacr\u00e9e en vue de donner des moyens politiques n\u00e9cessaires de r\u00e9soudre les probl\u00e8mes de guerre cycliques dans leur province. Ils consid\u00e8rent ainsi que le drame que conna\u00eet le Nord-Kivu jusqu&rsquo;\u00e0 ce jour amenuise les espoirs suscit\u00e9s par les autorit\u00e9s congolaises.<\/p>\n\n\n\n<blockquote class=\"wp-block-quote is-layout-flow wp-block-quote-is-layout-flow\">\n<p>\u00ab\u00a0<em>La situation dramatique actuelle qui asphyxie l&rsquo;ensemble de la province constitue un \u00e9cho assourdi des espoirs, pourtant immenses et l\u00e9gitimes que la population avait plac\u00e9s dans le chef du gouvernement<\/em>\u00ab\u00a0, estiment-ils.<\/p>\n<\/blockquote>\n\n\n\n<p>Il sied de rappeler qu&rsquo;actuellement, plusieurs localit\u00e9s et cit\u00e9s des territoires de Rutshuru, Masisi et Nyirangongo (Nord-Kivu) sont sous l&#8217;emprise du M23\/RDF. Ces derniers jours, les affrontements se sont intensifi\u00e9s autour de Rubaya, Mweso et Sak\u00e9. Apr\u00e8s s&rsquo;\u00eatre empar\u00e9 de Rubaya, cit\u00e9 mini\u00e8re ultra-strat\u00e9gique sur le plan mondial pour son coltan, le M23 y a par la suite \u00e9t\u00e9 d\u00e9log\u00e9, a indiqu\u00e9, le mardi 28 f\u00e9vrier, le lieutenant-colonel Ndjike Kaiko Guillaume, porte-parole de l&rsquo;arm\u00e9e dans la r\u00e9gion.<\/p>\n\n\n\n<p>Et, au m\u00eame moment que le Sud de la province fait face \u00e0 l&rsquo;agression, les rebelles ADF secouent le Nord. Responsables de plusieurs atrocit\u00e9s depuis 2014, les terroristes ougandais n&rsquo;ont jamais d\u00e9sarm\u00e9 en d\u00e9pit d&rsquo;op\u00e9rations militaires conjointes FARDC-UPDF qui les visent depuis novembre 2021.<\/p>\n\n\n\n<p>\u00c0 ces 2 rebellions \u00e9trang\u00e8res s&rsquo;ajoutent les FDLR d&rsquo;origine rwandaise ainsi que des milices locales notamment les Ma\u00ef-Ma\u00ef qui sont \u00e9galement impliqu\u00e9s dans la d\u00e9stabilisation de plusieurs agglom\u00e9rations.<\/p>\n\n\n\n<p><strong>Isaac Kisatiro, \u00e0 Butembo<\/strong><\/p>\n<div style=\"text-align:center\" class=\"wps-pgfw-pdf-generate-icon__wrapper-frontend\">\n\t\t<a href=\"https:\/\/congokin.blog?action=genpdf&amp;id=11585\" class=\"pgfw-single-pdf-download-button\" ><img src=\"https:\/\/congokin.blog\/wp-content\/plugins\/pdf-generator-for-wp\/admin\/src\/images\/PDF_Tray.svg\" title=\"G\u00e9n\u00e9rer un PDF\" style=\"width:auto; height:45px;\"><\/a>\n\t\t<\/div>","protected":false},"excerpt":{"rendered":"<p>RDC : \u00ab\u00a0La situation actuelle qui asphyxie le Nord-Kivu constitue un \u00e9cho assourdi des espoirs que la population avait plac\u00e9s dans le gouvernement\u00a0\u00bb (D\u00e9put\u00e9s) Image Les d\u00e9put\u00e9s nationaux du Nord-Kivu d\u00e9plorent la d\u00e9gradation de la situation s\u00e9curitaire dans plusieurs entit\u00e9s de cette province dont celles contr\u00f4l\u00e9es par le M23, en d\u00e9pit de la coop\u00e9ration militaire [&hellip;]<\/p>\n","protected":false},"author":9,"featured_media":0,"comment_status":"open","ping_status":"closed","sticky":false,"template":"","format":"standard","meta":{"footnotes":""},"categories":[6,7,8],"tags":[],"class_list":["post-11585","post","type-post","status-publish","format-standard","hentry","category-justice","category-politique","category-societe"],"_links":{"self":[{"href":"https:\/\/congokin.blog\/index.php?rest_route=\/wp\/v2\/posts\/11585","targetHints":{"allow":["GET"]}}],"collection":[{"href":"https:\/\/congokin.blog\/index.php?rest_route=\/wp\/v2\/posts"}],"about":[{"href":"https:\/\/congokin.blog\/index.php?rest_route=\/wp\/v2\/types\/post"}],"author":[{"embeddable":true,"href":"https:\/\/congokin.blog\/index.php?rest_route=\/wp\/v2\/users\/9"}],"replies":[{"embeddable":true,"href":"https:\/\/congokin.blog\/index.php?rest_route=%2Fwp%2Fv2%2Fcomments&post=11585"}],"version-history":[{"count":1,"href":"https:\/\/congokin.blog\/index.php?rest_route=\/wp\/v2\/posts\/11585\/revisions"}],"predecessor-version":[{"id":11586,"href":"https:\/\/congokin.blog\/index.php?rest_route=\/wp\/v2\/posts\/11585\/revisions\/11586"}],"wp:attachment":[{"href":"https:\/\/congokin.blog\/index.php?rest_route=%2Fwp%2Fv2%2Fmedia&parent=11585"}],"wp:term":[{"taxonomy":"category","embeddable":true,"href":"https:\/\/congokin.blog\/index.php?rest_route=%2Fwp%2Fv2%2Fcategories&post=11585"},{"taxonomy":"post_tag","embeddable":true,"href":"https:\/\/congokin.blog\/index.php?rest_route=%2Fwp%2Fv2%2Ftags&post=11585"}],"curies":[{"name":"wp","href":"https:\/\/api.w.org\/{rel}","templated":true}]}}