{"id":11598,"date":"2023-03-05T08:37:28","date_gmt":"2023-03-05T08:37:28","guid":{"rendered":"https:\/\/congokin.blog\/?p=11598"},"modified":"2023-03-05T08:37:28","modified_gmt":"2023-03-05T08:37:28","slug":"le-m23-sengage-pour-un-cessez-le-feu-a-partir-du-7-mars","status":"publish","type":"post","link":"https:\/\/congokin.blog\/?p=11598","title":{"rendered":"Le M23 s&rsquo;engage pour un cessez-le-feu \u00e0 partir du 7 mars"},"content":{"rendered":"\n<h1 class=\"wp-block-heading\">Le M23 s&rsquo;engage pour un cessez-le-feu \u00e0 partir du 7 mars<\/h1>\n\n\n\n<p>04.03.2023<\/p>\n\n\n\n<p><a href=\"https:\/\/www.mediacongo.net\/articles-actualite-0_.html\"><\/a><\/p>\n\n\n\n<p>Ajouter aux favoris<\/p>\n\n\n\n<figure class=\"wp-block-image\"><img decoding=\"async\" src=\"https:\/\/www.mediacongo.net\/cache\/m23_22_troupe_22_222_jpg_711_473_1.jpeg\" alt=\"-\"\/><\/figure>\n\n\n\n<p><strong>La direction du M23 s&rsquo;est engag\u00e9e \u00e0 cesser les hostilit\u00e9s dans toute la r\u00e9gion orientale de la R\u00e9publique d\u00e9mocratique du Congo \u00e0 partir de mardi 7 mars \u00e0 12 heures.<\/strong><\/p>\n\n\n\n<p>C\u2019est ce qu\u2019indique un communiqu\u00e9 de la Pr\u00e9sidence angolaise publi\u00e9e le 3 mars dans la soir\u00e9e.<\/p>\n\n\n\n<p>Le contr\u00f4le du respect de la cessation des hostilit\u00e9s sera effectu\u00e9 dans le cadre du m\u00e9canisme v\u00e9rification ad hoc. La R\u00e9publique d&rsquo;Angola appelle les parties \u00e0 respecter la lettre et l&rsquo;esprit des d\u00e9cisions des diff\u00e9rents sommets sur le processus de paix et de s\u00e9curit\u00e9 dans la r\u00e9gion orientale de la RDC.<\/p>\n\n\n\n<p>L&rsquo;engagement de la direction du M23 r\u00e9sulte des contacts pris par la m\u00e9diation angolaise avec ledit mouvement, conform\u00e9ment \u00e0 la d\u00e9cision prise par le Mini-sommet sur la paix et la s\u00e9curit\u00e9 dans la r\u00e9gion des Grands Lacs, tenu \u00e0 Addis-Abeba, en \u00c9thiopie, le 17 f\u00e9vrier 2023.<\/p>\n\n\n\n<p>Lors du mini-sommet tenu dans la capitale \u00e9thiopienne, les chefs d&rsquo;\u00c9tat et de gouvernement ont mandat\u00e9 l&rsquo;Angola, en coordination avec le facilitateur nomm\u00e9 par la EAC, l\u2019ancien pr\u00e9sident Uhuru Kennyatta, pour maintenir le contact avec la direction du M23.<\/p>\n\n\n\n<p>\u00ab&nbsp;\u00c0 la suite de ladite d\u00e9lib\u00e9ration, une d\u00e9l\u00e9gation angolaise est en contact avec la direction du M23 depuis le 28 f\u00e9vrier de cette ann\u00e9e. A l&rsquo;issue de ces contacts, le Pr\u00e9sident de la R\u00e9publique d&rsquo;Angola, Jo\u00e3o Manuel Gon\u00e7alves Louren\u00e7o, a envoy\u00e9 \u00e0 Kinshasa, R\u00e9publique d\u00e9mocratique du Congo, le 3 mars, une d\u00e9l\u00e9gation dirig\u00e9e par le ministre d&rsquo;\u00c9tat et chef de la chambre militaire du pr\u00e9sident de la R\u00e9publique, pour informer le pr\u00e9sident de la R\u00e9publique d\u00e9mocratique du Congo, F\u00e9lix-Antoine Tshisekedi Tshilombo, des r\u00e9sultats des contacts maintenus avec la direction du M23&nbsp;\u00bb, indique le communiqu\u00e9.<\/p>\n\n\n\n<p><strong><br>Radio Okapi \/ MCP, via mediacongo.net<\/strong><\/p>\n<div style=\"text-align:center\" class=\"wps-pgfw-pdf-generate-icon__wrapper-frontend\">\n\t\t<a href=\"https:\/\/congokin.blog?action=genpdf&amp;id=11598\" class=\"pgfw-single-pdf-download-button\" ><img src=\"https:\/\/congokin.blog\/wp-content\/plugins\/pdf-generator-for-wp\/admin\/src\/images\/PDF_Tray.svg\" title=\"G\u00e9n\u00e9rer un PDF\" style=\"width:auto; height:45px;\"><\/a>\n\t\t<\/div>","protected":false},"excerpt":{"rendered":"<p>Le M23 s&rsquo;engage pour un cessez-le-feu \u00e0 partir du 7 mars 04.03.2023 Ajouter aux favoris La direction du M23 s&rsquo;est engag\u00e9e \u00e0 cesser les hostilit\u00e9s dans toute la r\u00e9gion orientale de la R\u00e9publique d\u00e9mocratique du Congo \u00e0 partir de mardi 7 mars \u00e0 12 heures. C\u2019est ce qu\u2019indique un communiqu\u00e9 de la Pr\u00e9sidence angolaise publi\u00e9e [&hellip;]<\/p>\n","protected":false},"author":9,"featured_media":0,"comment_status":"open","ping_status":"closed","sticky":false,"template":"","format":"standard","meta":{"footnotes":""},"categories":[12,7,8],"tags":[],"class_list":["post-11598","post","type-post","status-publish","format-standard","hentry","category-opinions","category-politique","category-societe"],"_links":{"self":[{"href":"https:\/\/congokin.blog\/index.php?rest_route=\/wp\/v2\/posts\/11598","targetHints":{"allow":["GET"]}}],"collection":[{"href":"https:\/\/congokin.blog\/index.php?rest_route=\/wp\/v2\/posts"}],"about":[{"href":"https:\/\/congokin.blog\/index.php?rest_route=\/wp\/v2\/types\/post"}],"author":[{"embeddable":true,"href":"https:\/\/congokin.blog\/index.php?rest_route=\/wp\/v2\/users\/9"}],"replies":[{"embeddable":true,"href":"https:\/\/congokin.blog\/index.php?rest_route=%2Fwp%2Fv2%2Fcomments&post=11598"}],"version-history":[{"count":1,"href":"https:\/\/congokin.blog\/index.php?rest_route=\/wp\/v2\/posts\/11598\/revisions"}],"predecessor-version":[{"id":11599,"href":"https:\/\/congokin.blog\/index.php?rest_route=\/wp\/v2\/posts\/11598\/revisions\/11599"}],"wp:attachment":[{"href":"https:\/\/congokin.blog\/index.php?rest_route=%2Fwp%2Fv2%2Fmedia&parent=11598"}],"wp:term":[{"taxonomy":"category","embeddable":true,"href":"https:\/\/congokin.blog\/index.php?rest_route=%2Fwp%2Fv2%2Fcategories&post=11598"},{"taxonomy":"post_tag","embeddable":true,"href":"https:\/\/congokin.blog\/index.php?rest_route=%2Fwp%2Fv2%2Ftags&post=11598"}],"curies":[{"name":"wp","href":"https:\/\/api.w.org\/{rel}","templated":true}]}}