{"id":11602,"date":"2023-03-06T12:54:44","date_gmt":"2023-03-06T12:54:44","guid":{"rendered":"https:\/\/congokin.blog\/?p=11602"},"modified":"2023-03-06T12:54:44","modified_gmt":"2023-03-06T12:54:44","slug":"visite-demmanuel-macron-a-kinshasa-le-president-francais-a-discretement-denis-mukwege","status":"publish","type":"post","link":"https:\/\/congokin.blog\/?p=11602","title":{"rendered":"Visite d&rsquo;Emmanuel Macron \u00e0 Kinshasa: le pr\u00e9sident fran\u00e7ais a discr\u00e8tement  Denis Mukwege"},"content":{"rendered":"\n<h1 class=\"wp-block-heading\">Visite d&rsquo;Emmanuel Macron \u00e0 Kinshasa: le pr\u00e9sident fran\u00e7ais a discr\u00e8tement rencontr\u00e9 le prix Nobel de la paix, Denis Mukwege<\/h1>\n\n\n\n<p>05.03.2023<\/p>\n\n\n\n<p><a href=\"https:\/\/www.mediacongo.net\/articles-actualite-0_.html\"><\/a><\/p>\n\n\n\n<p>Ajouter aux favoris<\/p>\n\n\n\n<figure class=\"wp-block-image\"><img decoding=\"async\" src=\"https:\/\/www.mediacongo.net\/cache\/macron_a_discretement_rencontrer_mukwege_jpg_711_473_1.jpeg\" alt=\"-\"\/><\/figure>\n\n\n\n<p><strong>La tourn\u00e9e du pr\u00e9sident fran\u00e7ais en Afrique centrale s&rsquo;est achev\u00e9e samedi 4 mars en R\u00e9publique d\u00e9mocratique du Congo. Outre son homologue F\u00e9lix Tshisekedi, Emmanuel Macron a rencontr\u00e9 \u00e0 Kinshasa le docteur Mukwege, dont le nom est cit\u00e9 pour la prochaine \u00e9lection pr\u00e9sidentielle.<\/strong><\/p>\n\n\n\n<p>Emmanuel Macron a rencontr\u00e9 le prix Nobel de la paix Denis Mukwege, samedi 4 mars en R\u00e9publique d\u00e9mocratique du Congo, selon les informations de France Inter. L&rsquo;entretien a \u00e9t\u00e9 ajout\u00e9 \u00e0 l&rsquo;agenda du pr\u00e9sident fran\u00e7ais dans la plus grande discr\u00e9tion, juste avant sa rencontre officielle avec le pr\u00e9sident congolais F\u00e9lix Tshisekedi, samedi matin.<\/p>\n\n\n\n<p>Emmanuel Macron et Denis Mukwege se sont vus pendant une heure, en t\u00eate-\u00e0-t\u00eate, dans la r\u00e9sidence de l&rsquo;ambassadeur de France \u00e0 Kinshasa. En rencontrant le prix Nobel de la paix 2018, Emmanuel Macron voulait \u00ab\u00a0avoir le ressenti le plus pr\u00e9cis et le plus authentique de la situation humanitaire sur place\u00a0\u00bb, explique son entourage \u00e0 France Inter. Il voulait aussi mettre en pratique sa volont\u00e9 de \u00ab\u00a0soutenir ce qui se fait de mieux en Afrique\u00a0\u00bb, pr\u00e9cise un conseiller.<\/p>\n\n\n\n<p><strong>Candidat potentiel \u00e0 l&rsquo;\u00e9lection de d\u00e9cembre 2023<\/strong><\/p>\n\n\n\n<p>\u00c0 neuf mois de l&rsquo;\u00e9lection pr\u00e9sidentielle en RDC, le gyn\u00e9cologue surnomm\u00e9 \u00ab\u00a0l&rsquo;homme qui r\u00e9pare les femmes\u00a0\u00bb fait figure de candidat potentiel. Les conseillers d&rsquo;Emmanuel Macron assurent toutefois que la politique n&rsquo;\u00e9tait pas du tout l&rsquo;objet de la discussion. Selon les informations de France Inter, l&rsquo;\u00c9lys\u00e9e a pris soin de rendre cette rencontre publique apr\u00e8s le d\u00e9part d&rsquo;Emmanuel Macron de RDC, pour ne pas f\u00e2cher l&rsquo;actuel pr\u00e9sident F\u00e9lix Tshisekedi. \u00ab\u00a0Cela aurait cr\u00e9\u00e9 l&rsquo;\u00e9moi des autorit\u00e9s\u00a0\u00bb, confie un diplomate fran\u00e7ais.<\/p>\n\n\n\n<p>Emmanuel Macron terminait en RDC une tourn\u00e9e de quatre jours pour redorer le blason de la France en Afrique centrale. Il s&rsquo;est \u00e9galement d\u00e9plac\u00e9 en Angola, au Gabon et au Congo. \u00c0 Kinshasa, le pr\u00e9sident fran\u00e7ais \u00e9tait tr\u00e8s attendu sur le conflit dans l&rsquo;est de la RDC. S&rsquo;il n&rsquo;a pas clairement condamn\u00e9 le Rwanda, il a lanc\u00e9 de fermes mises en garde, estimant que la RDC ne devait pas \u00eatre \u00ab\u00a0un butin de guerre\u00a0\u00bb.<\/p>\n\n\n\n<p><strong>Simon Le Baron<br>franceinfo \/ MCP , via mediacongo.net<\/strong><\/p>\n<div style=\"text-align:center\" class=\"wps-pgfw-pdf-generate-icon__wrapper-frontend\">\n\t\t<a href=\"https:\/\/congokin.blog?action=genpdf&amp;id=11602\" class=\"pgfw-single-pdf-download-button\" ><img src=\"https:\/\/congokin.blog\/wp-content\/plugins\/pdf-generator-for-wp\/admin\/src\/images\/PDF_Tray.svg\" title=\"G\u00e9n\u00e9rer un PDF\" style=\"width:auto; height:45px;\"><\/a>\n\t\t<\/div>","protected":false},"excerpt":{"rendered":"<p>Visite d&rsquo;Emmanuel Macron \u00e0 Kinshasa: le pr\u00e9sident fran\u00e7ais a discr\u00e8tement rencontr\u00e9 le prix Nobel de la paix, Denis Mukwege 05.03.2023 Ajouter aux favoris La tourn\u00e9e du pr\u00e9sident fran\u00e7ais en Afrique centrale s&rsquo;est achev\u00e9e samedi 4 mars en R\u00e9publique d\u00e9mocratique du Congo. Outre son homologue F\u00e9lix Tshisekedi, Emmanuel Macron a rencontr\u00e9 \u00e0 Kinshasa le docteur Mukwege, [&hellip;]<\/p>\n","protected":false},"author":9,"featured_media":0,"comment_status":"open","ping_status":"closed","sticky":false,"template":"","format":"standard","meta":{"footnotes":""},"categories":[7,8],"tags":[],"class_list":["post-11602","post","type-post","status-publish","format-standard","hentry","category-politique","category-societe"],"_links":{"self":[{"href":"https:\/\/congokin.blog\/index.php?rest_route=\/wp\/v2\/posts\/11602","targetHints":{"allow":["GET"]}}],"collection":[{"href":"https:\/\/congokin.blog\/index.php?rest_route=\/wp\/v2\/posts"}],"about":[{"href":"https:\/\/congokin.blog\/index.php?rest_route=\/wp\/v2\/types\/post"}],"author":[{"embeddable":true,"href":"https:\/\/congokin.blog\/index.php?rest_route=\/wp\/v2\/users\/9"}],"replies":[{"embeddable":true,"href":"https:\/\/congokin.blog\/index.php?rest_route=%2Fwp%2Fv2%2Fcomments&post=11602"}],"version-history":[{"count":1,"href":"https:\/\/congokin.blog\/index.php?rest_route=\/wp\/v2\/posts\/11602\/revisions"}],"predecessor-version":[{"id":11603,"href":"https:\/\/congokin.blog\/index.php?rest_route=\/wp\/v2\/posts\/11602\/revisions\/11603"}],"wp:attachment":[{"href":"https:\/\/congokin.blog\/index.php?rest_route=%2Fwp%2Fv2%2Fmedia&parent=11602"}],"wp:term":[{"taxonomy":"category","embeddable":true,"href":"https:\/\/congokin.blog\/index.php?rest_route=%2Fwp%2Fv2%2Fcategories&post=11602"},{"taxonomy":"post_tag","embeddable":true,"href":"https:\/\/congokin.blog\/index.php?rest_route=%2Fwp%2Fv2%2Ftags&post=11602"}],"curies":[{"name":"wp","href":"https:\/\/api.w.org\/{rel}","templated":true}]}}